






{"id":45058,"date":"2023-08-14T12:12:28","date_gmt":"2023-08-14T03:12:28","guid":{"rendered":"https:\/\/guide.fire-emblem-heroes.com\/?p=45058"},"modified":"2023-09-19T16:02:13","modified_gmt":"2023-09-19T07:02:13","slug":"10001002000986-2","status":"publish","type":"post","link":"https:\/\/guide.fire-emblem-heroes.com\/fr\/10001002000986-2\/","title":{"rendered":"<span class=\"character_nick\">Strat\u00e8ge du St-Roi<\/span><span class=\"character_name\">Daraen<\/span>"},"content":{"rendered":"<main id=\"CHARA_893\" class=\"main_page character\">\r\n            <article>\r\n                <section class=\"sec sec_character\">\r\n                    <ul class=\"sec_ul sec_ul--character slick-box\">\r\n                        <li class=\"sec_li sec_li--character\">\r\n                            <img decoding=\"async\" src=\"https:\/\/guide.fire-emblem-heroes.com\/wp-content\/uploads\/reflet_exalts_deliverer_slide01.png\" alt=\"\" \/>\r\n                        <\/li>\r\n                        <li class=\"sec_li sec_li--character\">\r\n                            <img decoding=\"async\" src=\"https:\/\/guide.fire-emblem-heroes.com\/wp-content\/uploads\/reflet_exalts_deliverer_slide02.png\" alt=\"\" \/>\r\n                        <\/li>\r\n                        <li class=\"sec_li sec_li--character\">\r\n                            <img decoding=\"async\" src=\"https:\/\/guide.fire-emblem-heroes.com\/wp-content\/uploads\/reflet_exalts_deliverer_slide03.png\" alt=\"\" \/>\r\n                        <\/li>\r\n                        <li class=\"sec_li sec_li--character\">\r\n                            <img decoding=\"async\" src=\"https:\/\/guide.fire-emblem-heroes.com\/wp-content\/uploads\/reflet_exalts_deliverer_slide04.png\" alt=\"\" \/>\r\n                        <\/li>\r\n                    <\/ul>\r\n                    <div class=\"sec_charainfoarea flex\">\r\n                        <div class=\"sec_gif\"><img loading=\"lazy\" decoding=\"async\" src=\"https:\/\/guide.fire-emblem-heroes.com\/wp-content\/uploads\/reflet_exalts_deliverer.png\" alt=\"\" width=\"210\" height=\"190\"\/><\/div>\r\n                        <div class=\"sec_charainfo\">\r\n                            <p id=\"CHARA_893_002\" class=\"sec_characate sec_characate--heroes\">H\u00e9ros<\/p>\r\n                            <p id=\"CHARA_893_003\" class=\"sec_charanick\">Strat\u00e8ge du St-Roi<\/p>\r\n                            <p id=\"CHARA_893_004\" class=\"sec_charaname\">Daraen<\/p>\r\n                            <p id=\"CHARA_893_005\" class=\"sec_charaappearancetxt\">Appara\u00eet dans<\/p>\r\n                            <p id=\"CHARA_893_006\" class=\"sec_charaappearancetxt\">Fire Emblem: Awakening<\/p>\r\n                        <\/div>\r\n                    <\/div>\r\n                <\/section>\r\n            <\/article>\r\n            <article>\r\n                <section class=\"sec sec_characterarea\">\r\n                    <div class=\"sec_h2chara\">\r\n                        <p id=\"CHARA_893_007\" class=\"sec_h2charattl\">Sharena vous pr\u00e9sente\u2026<\/p>\r\n                        <h2 id=\"CHARA_893_008\" class=\"sec_h2charatxt\">Strat\u00e8ge du St-Roi Daraen<\/h2>\r\n                    <\/div>\r\n                    <dl class=\"sec_dl flex\">\r\n                        <dt id=\"CHARA_893_009\" class=\"sec_dt\">Daraen est le tacticien du Saint-Royaume d&rsquo;Ylisse, et le voici dans une tenue sp\u00e9ciale, celle de conseiller royal aupr\u00e8s de Chrom, tout r\u00e9cemment mont\u00e9 sur le tr\u00f4ne\u00a0!<\/dt>\r\n                        <dd class=\"sec_dd\">\r\n                            <a href=\"https:\/\/guide.fire-emblem-heroes.com\/wp-content\/uploads\/reflet_exalts_deliverer_pop01.png\" class=\"popup-image\">\r\n                                <img decoding=\"async\" src=\"https:\/\/guide.fire-emblem-heroes.com\/wp-content\/uploads\/reflet_exalts_deliverer_info01.png\" alt=\"\" \/>\r\n                            <\/a>\r\n                        <\/dd>\r\n                        <dt id=\"CHARA_893_010\" class=\"sec_dt\">Pas un d\u00e9tail ne manque dans ce costume. Il sera parfaitement \u00e0 sa place aux c\u00f4t\u00e9s du nouveau Saint-Roi.<\/dt>\r\n                        <dd class=\"sec_dd\">\r\n                            <a href=\"https:\/\/guide.fire-emblem-heroes.com\/wp-content\/uploads\/reflet_exalts_deliverer_pop02.png\" class=\"popup-image\">\r\n                                <img decoding=\"async\" src=\"https:\/\/guide.fire-emblem-heroes.com\/wp-content\/uploads\/reflet_exalts_deliverer_info02.png\" alt=\"\" \/>\r\n                            <\/a>\r\n                        <\/dd>\r\n                        <dt id=\"CHARA_893_011\" class=\"sec_dt\">Daraen porte \u00e9galement l&rsquo;\u00e9p\u00e9e traditionnelle des conseillers du Saint-Roi. \u00c0 mon avis, la simple vue de Daraen brandissant cette lame, sa cape gonfl\u00e9e flottant derri\u00e8re lui, suffira \u00e0 faire d\u00e9taler ses ennemis de peur\u00a0!<\/dt>\r\n                        <dd class=\"sec_dd\">\r\n                            <a href=\"https:\/\/guide.fire-emblem-heroes.com\/wp-content\/uploads\/reflet_exalts_deliverer_pop03.png\" class=\"popup-image\">\r\n                                <img decoding=\"async\" src=\"https:\/\/guide.fire-emblem-heroes.com\/wp-content\/uploads\/reflet_exalts_deliverer_info03.png\" alt=\"\" \/>\r\n                            <\/a>\r\n                        <\/dd>\r\n                        <dt id=\"CHARA_893_012\" class=\"sec_dt\">Le Daraen tel que vous le voyez a tout connu de la guerre, la victoire comme la d\u00e9faite. J&rsquo;esp\u00e8re que Chrom et lui puiseront dans cette sagesse leurs nombreux succ\u00e8s \u00e0 venir\u00a0!<\/dt>\r\n                        <dd class=\"sec_dd\">\r\n                            <a href=\"https:\/\/guide.fire-emblem-heroes.com\/wp-content\/uploads\/reflet_exalts_deliverer_pop04.png\" class=\"popup-image\">\r\n                                <img decoding=\"async\" src=\"https:\/\/guide.fire-emblem-heroes.com\/wp-content\/uploads\/reflet_exalts_deliverer_info04.png\" alt=\"\" \/>\r\n                            <\/a>\r\n                        <\/dd>\r\n                    <\/dl>\r\n                    <h3 id=\"CHARA_893_013\" class=\"sec_h3charatxt\">Personnage li\u00e9 \u00e0<\/h3>\r\n                    <h4 id=\"CHARA_893_014\" class=\"sec_h4charatxt\">Chrom<\/h4>\r\n                    <p id=\"CHARA_893_015\" class=\"sec_charatxt\">Prince d&rsquo;Ylisse et descendant d&rsquo;un Roi-H\u00e9ros l\u00e9gendaire. Dirige les Veilleurs. Un lien inalt\u00e9rable l&rsquo;unit \u00e0 Daraen.<\/p>\r\n                <\/section>\r\n            <\/article>\r\n        <\/main>","protected":false},"excerpt":{"rendered":"H\u00e9ros Strat\u00e8ge du St-Roi Daraen Appara\u00eet dans Fire Emblem: Awakening Sharena vous pr\u00e9sente\u2026 Strat\u00e8ge du St-Roi Daraen Daraen est le tacticien du Saint-Royaume d&rsquo;Ylisse, et le voici dans une tenue sp\u00e9ciale, celle de conseiller royal aupr\u00e8s de Chrom, tout r\u00e9cemment mont\u00e9 sur le tr\u00f4ne\u00a0! Pas un d\u00e9tail ne manque dans ce costume. Il sera parfaitement [&hellip;]","protected":false},"author":1,"featured_media":45214,"comment_status":"closed","ping_status":"closed","sticky":false,"template":"","format":"standard","meta":{"advanced_seo_description":"","jetpack_seo_html_title":"","jetpack_seo_noindex":false,"_jetpack_newsletter_access":"","_jetpack_dont_email_post_to_subs":false,"_jetpack_newsletter_tier_id":0,"_jetpack_memberships_contains_paywalled_content":false,"_locale":"fr_FR","_original_post":"https:\/\/guide.fire-emblem-heroes.com\/?p=45049","_jetpack_memberships_contains_paid_content":false,"footnotes":"","jetpack_publicize_message":"","jetpack_publicize_feature_enabled":true,"jetpack_social_post_already_shared":false,"jetpack_social_options":{"image_generator_settings":{"template":"highway","default_image_id":0,"font":"","enabled":false},"version":2},"_wpas_customize_per_network":false,"jetpack_post_was_ever_published":false},"categories":[1384,1415,1431,1390],"tags":[1419],"class_list":["post-45058","post","type-post","status-publish","format-standard","has-post-thumbnail","hentry","category-character","category-heroes","category-ex_works_awakening","category-stay_heroes","tag-heros","fr-FR"],"jetpack_publicize_connections":[],"jetpack_featured_media_url":"https:\/\/guide.fire-emblem-heroes.com\/wp-content\/uploads\/reflet_exalts_deliverer.png","jetpack_sharing_enabled":false,"jetpack_shortlink":"https:\/\/wp.me\/pa0Mj3-bIK","jetpack_likes_enabled":false,"amp_enabled":false,"_links":{"self":[{"href":"https:\/\/guide.fire-emblem-heroes.com\/wp-json\/wp\/v2\/posts\/45058","targetHints":{"allow":["GET"]}}],"collection":[{"href":"https:\/\/guide.fire-emblem-heroes.com\/wp-json\/wp\/v2\/posts"}],"about":[{"href":"https:\/\/guide.fire-emblem-heroes.com\/wp-json\/wp\/v2\/types\/post"}],"author":[{"embeddable":true,"href":"https:\/\/guide.fire-emblem-heroes.com\/wp-json\/wp\/v2\/users\/1"}],"replies":[{"embeddable":true,"href":"https:\/\/guide.fire-emblem-heroes.com\/wp-json\/wp\/v2\/comments?post=45058"}],"version-history":[{"count":1,"href":"https:\/\/guide.fire-emblem-heroes.com\/wp-json\/wp\/v2\/posts\/45058\/revisions"}],"predecessor-version":[{"id":45067,"href":"https:\/\/guide.fire-emblem-heroes.com\/wp-json\/wp\/v2\/posts\/45058\/revisions\/45067"}],"wp:featuredmedia":[{"embeddable":true,"href":"https:\/\/guide.fire-emblem-heroes.com\/wp-json\/wp\/v2\/media\/45214"}],"wp:attachment":[{"href":"https:\/\/guide.fire-emblem-heroes.com\/wp-json\/wp\/v2\/media?parent=45058"}],"wp:term":[{"taxonomy":"category","embeddable":true,"href":"https:\/\/guide.fire-emblem-heroes.com\/wp-json\/wp\/v2\/categories?post=45058"},{"taxonomy":"post_tag","embeddable":true,"href":"https:\/\/guide.fire-emblem-heroes.com\/wp-json\/wp\/v2\/tags?post=45058"}],"curies":[{"name":"wp","href":"https:\/\/api.w.org\/{rel}","templated":true}]}}