






{"id":45122,"date":"2023-08-14T12:45:46","date_gmt":"2023-08-14T03:45:46","guid":{"rendered":"https:\/\/guide.fire-emblem-heroes.com\/?p=45122"},"modified":"2023-09-19T16:09:36","modified_gmt":"2023-09-19T07:09:36","slug":"11001002000989-2","status":"publish","type":"post","link":"https:\/\/guide.fire-emblem-heroes.com\/fr\/11001002000989-2\/","title":{"rendered":"<span class=\"character_nick\">Lign\u00e9e du n\u00e9ant<\/span><span class=\"character_name\">Corrin<\/span>"},"content":{"rendered":"<main id=\"CHARA_896\" class=\"main_page character\">\r\n            <article>\r\n                <section class=\"sec sec_character\">\r\n                    <ul class=\"sec_ul sec_ul--character slick-box\">\r\n                        <li class=\"sec_li sec_li--character\">\r\n                            <img decoding=\"async\" src=\"https:\/\/guide.fire-emblem-heroes.com\/wp-content\/uploads\/kamui_silent_bloodline_slide01.png\" alt=\"\" \/>\r\n                        <\/li>\r\n                        <li class=\"sec_li sec_li--character\">\r\n                            <img decoding=\"async\" src=\"https:\/\/guide.fire-emblem-heroes.com\/wp-content\/uploads\/kamui_silent_bloodline_slide02.png\" alt=\"\" \/>\r\n                        <\/li>\r\n                        <li class=\"sec_li sec_li--character\">\r\n                            <img decoding=\"async\" src=\"https:\/\/guide.fire-emblem-heroes.com\/wp-content\/uploads\/kamui_silent_bloodline_slide03.png\" alt=\"\" \/>\r\n                        <\/li>\r\n                        <li class=\"sec_li sec_li--character\">\r\n                            <img decoding=\"async\" src=\"https:\/\/guide.fire-emblem-heroes.com\/wp-content\/uploads\/kamui_silent_bloodline_slide04.png\" alt=\"\" \/>\r\n                        <\/li>\r\n                    <\/ul>\r\n                    <div class=\"sec_charainfoarea flex\">\r\n                        <div class=\"sec_gif\"><img loading=\"lazy\" decoding=\"async\" src=\"https:\/\/guide.fire-emblem-heroes.com\/wp-content\/uploads\/kamui_silent_bloodline.png\" alt=\"\" width=\"210\" height=\"190\"\/><\/div>\r\n                        <div class=\"sec_charainfo\">\r\n                            <p id=\"CHARA_896_002\" class=\"sec_characate sec_characate--heroes\">H\u00e9ros<\/p>\r\n                            <p id=\"CHARA_896_003\" class=\"sec_charanick\">Lign\u00e9e du n\u00e9ant<\/p>\r\n                            <p id=\"CHARA_896_004\" class=\"sec_charaname\">Corrin<\/p>\r\n                            <p id=\"CHARA_896_005\" class=\"sec_charaappearancetxt\">Appara\u00eet dans<\/p>\r\n                            <p id=\"CHARA_896_006\" class=\"sec_charaappearancetxt\">Fire Emblem Fates<\/p>\r\n                        <\/div>\r\n                    <\/div>\r\n                <\/section>\r\n            <\/article>\r\n            <article>\r\n                <section class=\"sec sec_characterarea\">\r\n                    <div class=\"sec_h2chara\">\r\n                        <p id=\"CHARA_896_007\" class=\"sec_h2charattl\">Sharena vous pr\u00e9sente\u2026<\/p>\r\n                        <h2 id=\"CHARA_896_008\" class=\"sec_h2charatxt\">Lign\u00e9e du n\u00e9ant Corrin<\/h2>\r\n                    <\/div>\r\n                    <dl class=\"sec_dl flex\">\r\n                        <dt id=\"CHARA_896_009\" class=\"sec_dt\">Je ne rate jamais un changement de tenue, alors je ne risquais pas de louper Corrin, portant ici les atours royaux de Valla, sa vraie maison\u00a0!<\/dt>\r\n                        <dd class=\"sec_dd\">\r\n                            <a href=\"https:\/\/guide.fire-emblem-heroes.com\/wp-content\/uploads\/kamui_silent_bloodline_pop01.png\" class=\"popup-image\">\r\n                                <img decoding=\"async\" src=\"https:\/\/guide.fire-emblem-heroes.com\/wp-content\/uploads\/kamui_silent_bloodline_info01.png\" alt=\"\" \/>\r\n                            <\/a>\r\n                        <\/dd>\r\n                        <dt id=\"CHARA_896_010\" class=\"sec_dt\">Elle a trac\u00e9 sa voie combat apr\u00e8s combat, et s&rsquo;est d\u00e9cid\u00e9e \u00e0 utiliser le pouvoir de Valla qu&rsquo;elle renfermait pour prot\u00e9ger ses amis. Ce costume symbolise cette ferme volont\u00e9.<\/dt>\r\n                        <dd class=\"sec_dd\">\r\n                            <a href=\"https:\/\/guide.fire-emblem-heroes.com\/wp-content\/uploads\/kamui_silent_bloodline_pop02.png\" class=\"popup-image\">\r\n                                <img decoding=\"async\" src=\"https:\/\/guide.fire-emblem-heroes.com\/wp-content\/uploads\/kamui_silent_bloodline_info02.png\" alt=\"\" \/>\r\n                            <\/a>\r\n                        <\/dd>\r\n                        <dt id=\"CHARA_896_011\" class=\"sec_dt\">C&rsquo;est exactement l&rsquo;habit des authentiques reines de Valla\u00a0! Sa cape ressemble \u00e0 des ailes, et l&#8217;embl\u00e8me royal orne son dos et la broche attachant la cape.<\/dt>\r\n                        <dd class=\"sec_dd\">\r\n                            <a href=\"https:\/\/guide.fire-emblem-heroes.com\/wp-content\/uploads\/kamui_silent_bloodline_pop03.png\" class=\"popup-image\">\r\n                                <img decoding=\"async\" src=\"https:\/\/guide.fire-emblem-heroes.com\/wp-content\/uploads\/kamui_silent_bloodline_info03.png\" alt=\"\" \/>\r\n                            <\/a>\r\n                        <\/dd>\r\n                        <dt id=\"CHARA_896_012\" class=\"sec_dt\">Corrin s&rsquo;est jur\u00e9 de dominer et de ma\u00eetriser ses pouvoirs dans le but de prot\u00e9ger ses amis. C&rsquo;est un avenir merveilleux qui se dessine pour elle et ses alli\u00e9s.<\/dt>\r\n                        <dd class=\"sec_dd\">\r\n                            <a href=\"https:\/\/guide.fire-emblem-heroes.com\/wp-content\/uploads\/kamui_silent_bloodline_pop04.png\" class=\"popup-image\">\r\n                                <img decoding=\"async\" src=\"https:\/\/guide.fire-emblem-heroes.com\/wp-content\/uploads\/kamui_silent_bloodline_info04.png\" alt=\"\" \/>\r\n                            <\/a>\r\n                        <\/dd>\r\n                    <\/dl>\r\n                    <h3 id=\"CHARA_896_013\" class=\"sec_h3charatxt\">Personnage li\u00e9 \u00e0<\/h3>\r\n                    <h4 id=\"CHARA_896_014\" class=\"sec_h4charatxt\">Azura<\/h4>\r\n                    <p id=\"CHARA_896_015\" class=\"sec_charatxt\">Princesse enchanteresse \u00e9lev\u00e9e dans le royaume d&rsquo;Hoshido. Son chant aide Corrin et ses alli\u00e9s sur le champ de bataille.<\/p>\r\n            <\/section><\/article>\r\n        <\/main>","protected":false},"excerpt":{"rendered":"H\u00e9ros Lign\u00e9e du n\u00e9ant Corrin Appara\u00eet dans Fire Emblem Fates Sharena vous pr\u00e9sente\u2026 Lign\u00e9e du n\u00e9ant Corrin Je ne rate jamais un changement de tenue, alors je ne risquais pas de louper Corrin, portant ici les atours royaux de Valla, sa vraie maison\u00a0! Elle a trac\u00e9 sa voie combat apr\u00e8s combat, et s&rsquo;est d\u00e9cid\u00e9e \u00e0 [&hellip;]","protected":false},"author":1,"featured_media":45201,"comment_status":"closed","ping_status":"closed","sticky":false,"template":"","format":"standard","meta":{"advanced_seo_description":"","jetpack_seo_html_title":"","jetpack_seo_noindex":false,"_jetpack_newsletter_access":"","_jetpack_dont_email_post_to_subs":false,"_jetpack_newsletter_tier_id":0,"_jetpack_memberships_contains_paywalled_content":false,"_locale":"fr_FR","_original_post":"https:\/\/guide.fire-emblem-heroes.com\/?p=45113","_jetpack_memberships_contains_paid_content":false,"footnotes":"","jetpack_publicize_message":"","jetpack_publicize_feature_enabled":true,"jetpack_social_post_already_shared":false,"jetpack_social_options":{"image_generator_settings":{"template":"highway","default_image_id":0,"font":"","enabled":false},"version":2},"_wpas_customize_per_network":false,"jetpack_post_was_ever_published":false},"categories":[1384,1415,1432,1390],"tags":[1419],"class_list":["post-45122","post","type-post","status-publish","format-standard","has-post-thumbnail","hentry","category-character","category-heroes","category-ex_works_fates","category-stay_heroes","tag-heros","fr-FR"],"jetpack_publicize_connections":[],"jetpack_featured_media_url":"https:\/\/guide.fire-emblem-heroes.com\/wp-content\/uploads\/kamui_silent_bloodline.png","jetpack_sharing_enabled":false,"jetpack_shortlink":"https:\/\/wp.me\/pa0Mj3-bJM","jetpack_likes_enabled":false,"amp_enabled":false,"_links":{"self":[{"href":"https:\/\/guide.fire-emblem-heroes.com\/wp-json\/wp\/v2\/posts\/45122","targetHints":{"allow":["GET"]}}],"collection":[{"href":"https:\/\/guide.fire-emblem-heroes.com\/wp-json\/wp\/v2\/posts"}],"about":[{"href":"https:\/\/guide.fire-emblem-heroes.com\/wp-json\/wp\/v2\/types\/post"}],"author":[{"embeddable":true,"href":"https:\/\/guide.fire-emblem-heroes.com\/wp-json\/wp\/v2\/users\/1"}],"replies":[{"embeddable":true,"href":"https:\/\/guide.fire-emblem-heroes.com\/wp-json\/wp\/v2\/comments?post=45122"}],"version-history":[{"count":1,"href":"https:\/\/guide.fire-emblem-heroes.com\/wp-json\/wp\/v2\/posts\/45122\/revisions"}],"predecessor-version":[{"id":45131,"href":"https:\/\/guide.fire-emblem-heroes.com\/wp-json\/wp\/v2\/posts\/45122\/revisions\/45131"}],"wp:featuredmedia":[{"embeddable":true,"href":"https:\/\/guide.fire-emblem-heroes.com\/wp-json\/wp\/v2\/media\/45201"}],"wp:attachment":[{"href":"https:\/\/guide.fire-emblem-heroes.com\/wp-json\/wp\/v2\/media?parent=45122"}],"wp:term":[{"taxonomy":"category","embeddable":true,"href":"https:\/\/guide.fire-emblem-heroes.com\/wp-json\/wp\/v2\/categories?post=45122"},{"taxonomy":"post_tag","embeddable":true,"href":"https:\/\/guide.fire-emblem-heroes.com\/wp-json\/wp\/v2\/tags?post=45122"}],"curies":[{"name":"wp","href":"https:\/\/api.w.org\/{rel}","templated":true}]}}