






{"id":45269,"date":"2023-08-29T12:17:02","date_gmt":"2023-08-29T03:17:02","guid":{"rendered":"https:\/\/guide.fire-emblem-heroes.com\/?p=45269"},"modified":"2023-09-14T16:00:43","modified_gmt":"2023-09-14T07:00:43","slug":"14001002000991-2","status":"publish","type":"post","link":"https:\/\/guide.fire-emblem-heroes.com\/fr\/14001002000991-2\/","title":{"rendered":"<span class=\"character_nick\">D\u00e9esse \u00e9veill\u00e9e<\/span><span class=\"character_name\">Alear<\/span>"},"content":{"rendered":"<main id=\"CHARA_898\" class=\"main_page character\">\r\n            <article>\r\n                <section class=\"sec sec_character\">\r\n                    <ul class=\"sec_ul sec_ul--character slick-box\">\r\n                        <li class=\"sec_li sec_li--character\">\r\n                            <img decoding=\"async\" src=\"https:\/\/guide.fire-emblem-heroes.com\/wp-content\/uploads\/lueue_awoken_divinity_slide01.png\" alt=\"\" \/>\r\n                        <\/li>\r\n                        <li class=\"sec_li sec_li--character\">\r\n                            <img decoding=\"async\" src=\"https:\/\/guide.fire-emblem-heroes.com\/wp-content\/uploads\/lueue_awoken_divinity_slide02.png\" alt=\"\" \/>\r\n                        <\/li>\r\n                        <li class=\"sec_li sec_li--character\">\r\n                            <img decoding=\"async\" src=\"https:\/\/guide.fire-emblem-heroes.com\/wp-content\/uploads\/lueue_awoken_divinity_slide03.png\" alt=\"\" \/>\r\n                        <\/li>\r\n                        <li class=\"sec_li sec_li--character\">\r\n                            <img decoding=\"async\" src=\"https:\/\/guide.fire-emblem-heroes.com\/wp-content\/uploads\/lueue_awoken_divinity_slide04.png\" alt=\"\" \/>\r\n                        <\/li>\r\n                    <\/ul>\r\n                    <div class=\"sec_charainfoarea flex\">\r\n                        <div class=\"sec_gif\"><img loading=\"lazy\" decoding=\"async\" src=\"https:\/\/guide.fire-emblem-heroes.com\/wp-content\/uploads\/lueue_awoken_divinity.png\" alt=\"\" width=\"210\" height=\"190\"\/><\/div>\r\n                        <div class=\"sec_charainfo\">\r\n                            <p id=\"CHARA_898_002\" class=\"sec_characate sec_characate--legendary_heroes\">H\u00e9ros l\u00e9gendaires<\/p>\r\n                            <p id=\"CHARA_898_003\" class=\"sec_charanick\">D\u00e9esse \u00e9veill\u00e9e<\/p>\r\n                            <p id=\"CHARA_898_004\" class=\"sec_charaname\">Alear<\/p>\r\n                            <p id=\"CHARA_898_005\" class=\"sec_charaappearancetxt\">Appara\u00eet dans<\/p>\r\n                            <p id=\"CHARA_898_006\" class=\"sec_charaappearancetxt\">Fire Emblem Engage<\/p>\r\n                        <\/div>\r\n                    <\/div>\r\n                <\/section>\r\n            <\/article>\r\n            <article>\r\n                <section class=\"sec sec_characterarea\">\r\n                    <div class=\"sec_h2chara\">\r\n                        <p id=\"CHARA_898_007\" class=\"sec_h2charattl\">Sharena vous pr\u00e9sente\u2026<\/p>\r\n                        <h2 id=\"CHARA_898_008\" class=\"sec_h2charatxt\">D\u00e9esse \u00e9veill\u00e9e Alear<\/h2>\r\n                    <\/div>\r\n                    <dl class=\"sec_dl flex\">\r\n                        <dt id=\"CHARA_898_009\" class=\"sec_dt\">Apr\u00e8s avoir vaincu Sombron, le Dragon d\u00e9chu qui a d\u00e9clench\u00e9 la guerre sur le continent d&rsquo;Elyos, Alear, gravement bless\u00e9e, est entr\u00e9e dans un long sommeil.<\/dt>\r\n                        <dd class=\"sec_dd\">\r\n                            <a href=\"https:\/\/guide.fire-emblem-heroes.com\/wp-content\/uploads\/lueue_awoken_divinity_pop01.png\" class=\"popup-image\">\r\n                                <img decoding=\"async\" src=\"https:\/\/guide.fire-emblem-heroes.com\/wp-content\/uploads\/lueue_awoken_divinity_info01.png\" alt=\"\" \/>\r\n                            <\/a>\r\n                        <\/dd>\r\n                        <dt id=\"CHARA_898_010\" class=\"sec_dt\">Elle s&rsquo;est r\u00e9veill\u00e9e mille ans apr\u00e8s, gr\u00e2ce au sacrifice de sa m\u00e8re Lumera. Mais Sombron \u00e9tait de retour lui aussi, envoyant un assassin tuer Lumera\u00a0!<\/dt>\r\n                        <dd class=\"sec_dd\">\r\n                            <a href=\"https:\/\/guide.fire-emblem-heroes.com\/wp-content\/uploads\/lueue_awoken_divinity_pop02.png\" class=\"popup-image\">\r\n                                <img decoding=\"async\" src=\"https:\/\/guide.fire-emblem-heroes.com\/wp-content\/uploads\/lueue_awoken_divinity_info02.png\" alt=\"\" \/>\r\n                            <\/a>\r\n                        <\/dd>\r\n                        <dt id=\"CHARA_898_011\" class=\"sec_dt\">Pour \u00e9liminer Sombron \u00e0 nouveau, Alear a parcouru le continent \u00e0 la recherche d&rsquo;anneaux contenant les Embl\u00e8mes, des h\u00e9ros venus d&rsquo;autres mondes. Elle a r\u00e9uni les douze anneaux, gagnant de nombreux amis et alli\u00e9s pour devenir plus puissante que jamais.<\/dt>\r\n                        <dd class=\"sec_dd\">\r\n                            <a href=\"https:\/\/guide.fire-emblem-heroes.com\/wp-content\/uploads\/lueue_awoken_divinity_pop03.png\" class=\"popup-image\">\r\n                                <img decoding=\"async\" src=\"https:\/\/guide.fire-emblem-heroes.com\/wp-content\/uploads\/lueue_awoken_divinity_info03.png\" alt=\"\" \/>\r\n                            <\/a>\r\n                        <\/dd>\r\n                        <dt id=\"CHARA_898_012\" class=\"sec_dt\">Elle a d\u00e9fi\u00e9 Sombron, l&rsquo;affrontant en tant que Dragon divin et protectrice d&rsquo;Elyos. Son combat pour l&rsquo;avenir de tous, o\u00f9 elle baignait dans la lumi\u00e8re des Embl\u00e8mes, est devenu l\u00e9gendaire \u00e0 travers les \u00e2ges.<\/dt>\r\n                        <dd class=\"sec_dd\">\r\n                            <a href=\"https:\/\/guide.fire-emblem-heroes.com\/wp-content\/uploads\/lueue_awoken_divinity_pop04.png\" class=\"popup-image\">\r\n                                <img decoding=\"async\" src=\"https:\/\/guide.fire-emblem-heroes.com\/wp-content\/uploads\/lueue_awoken_divinity_info04.png\" alt=\"\" \/>\r\n                            <\/a>\r\n                        <\/dd>\r\n                    <\/dl>\r\n                    <h3 id=\"CHARA_898_013\" class=\"sec_h3charatxt\">Personnage li\u00e9 \u00e0<\/h3>\r\n                    <h4 id=\"CHARA_898_014\" class=\"sec_h4charatxt\">Lumera<\/h4>\r\n                    <p id=\"CHARA_898_015\" class=\"sec_charatxt\">Reine draconique divine r\u00e9gnant sur la terre sainte de Lythos. C&rsquo;est la m\u00e8re d&rsquo;Alear et l&rsquo;h\u00e9ro\u00efne qui a autrefois sauv\u00e9 tout Elyos.<\/p>\r\n                <\/section>\r\n            <\/article>\r\n        <\/main>","protected":false},"excerpt":{"rendered":"H\u00e9ros l\u00e9gendaires D\u00e9esse \u00e9veill\u00e9e Alear Appara\u00eet dans Fire Emblem Engage Sharena vous pr\u00e9sente\u2026 D\u00e9esse \u00e9veill\u00e9e Alear Apr\u00e8s avoir vaincu Sombron, le Dragon d\u00e9chu qui a d\u00e9clench\u00e9 la guerre sur le continent d&rsquo;Elyos, Alear, gravement bless\u00e9e, est entr\u00e9e dans un long sommeil. Elle s&rsquo;est r\u00e9veill\u00e9e mille ans apr\u00e8s, gr\u00e2ce au sacrifice de sa m\u00e8re Lumera. Mais [&hellip;]","protected":false},"author":1,"featured_media":45413,"comment_status":"closed","ping_status":"closed","sticky":false,"template":"","format":"standard","meta":{"advanced_seo_description":"","jetpack_seo_html_title":"","jetpack_seo_noindex":false,"_jetpack_newsletter_access":"","_jetpack_dont_email_post_to_subs":false,"_jetpack_newsletter_tier_id":0,"_jetpack_memberships_contains_paywalled_content":false,"_locale":"fr_FR","_original_post":"https:\/\/guide.fire-emblem-heroes.com\/?p=45260","_jetpack_memberships_contains_paid_content":false,"footnotes":"","jetpack_publicize_message":"","jetpack_publicize_feature_enabled":true,"jetpack_social_post_already_shared":false,"jetpack_social_options":{"image_generator_settings":{"template":"highway","default_image_id":0,"font":"","enabled":false},"version":2},"_wpas_customize_per_network":false,"jetpack_post_was_ever_published":false},"categories":[1512,1384,1390,1388],"tags":[1396],"class_list":["post-45269","post","type-post","status-publish","format-standard","has-post-thumbnail","hentry","category-ex_works_engage","category-character","category-stay_heroes","category-legendary_heroes","tag-heros-legendaires","fr-FR"],"jetpack_publicize_connections":[],"jetpack_featured_media_url":"https:\/\/guide.fire-emblem-heroes.com\/wp-content\/uploads\/lueue_awoken_divinity.png","jetpack_sharing_enabled":false,"jetpack_shortlink":"https:\/\/wp.me\/pa0Mj3-bM9","jetpack_likes_enabled":false,"amp_enabled":false,"_links":{"self":[{"href":"https:\/\/guide.fire-emblem-heroes.com\/wp-json\/wp\/v2\/posts\/45269","targetHints":{"allow":["GET"]}}],"collection":[{"href":"https:\/\/guide.fire-emblem-heroes.com\/wp-json\/wp\/v2\/posts"}],"about":[{"href":"https:\/\/guide.fire-emblem-heroes.com\/wp-json\/wp\/v2\/types\/post"}],"author":[{"embeddable":true,"href":"https:\/\/guide.fire-emblem-heroes.com\/wp-json\/wp\/v2\/users\/1"}],"replies":[{"embeddable":true,"href":"https:\/\/guide.fire-emblem-heroes.com\/wp-json\/wp\/v2\/comments?post=45269"}],"version-history":[{"count":1,"href":"https:\/\/guide.fire-emblem-heroes.com\/wp-json\/wp\/v2\/posts\/45269\/revisions"}],"predecessor-version":[{"id":45275,"href":"https:\/\/guide.fire-emblem-heroes.com\/wp-json\/wp\/v2\/posts\/45269\/revisions\/45275"}],"wp:featuredmedia":[{"embeddable":true,"href":"https:\/\/guide.fire-emblem-heroes.com\/wp-json\/wp\/v2\/media\/45413"}],"wp:attachment":[{"href":"https:\/\/guide.fire-emblem-heroes.com\/wp-json\/wp\/v2\/media?parent=45269"}],"wp:term":[{"taxonomy":"category","embeddable":true,"href":"https:\/\/guide.fire-emblem-heroes.com\/wp-json\/wp\/v2\/categories?post=45269"},{"taxonomy":"post_tag","embeddable":true,"href":"https:\/\/guide.fire-emblem-heroes.com\/wp-json\/wp\/v2\/tags?post=45269"}],"curies":[{"name":"wp","href":"https:\/\/api.w.org\/{rel}","templated":true}]}}