






{"id":45539,"date":"2023-09-05T12:50:43","date_gmt":"2023-09-05T03:50:43","guid":{"rendered":"https:\/\/guide.fire-emblem-heroes.com\/?p=45539"},"modified":"2023-10-10T16:13:01","modified_gmt":"2023-10-10T07:13:01","slug":"12004001000995-2","status":"publish","type":"post","link":"https:\/\/guide.fire-emblem-heroes.com\/fr\/12004001000995-2\/","title":{"rendered":"<span class=\"character_nick\">Brise dor\u00e9e<\/span><span class=\"character_name\">Claude<\/span>"},"content":{"rendered":"<main id=\"CHARA_906\" class=\"main_page character\">\r\n            <article>\r\n                <section class=\"sec sec_character\">\r\n                    <ul class=\"sec_ul sec_ul--character slick-box\">\r\n                        <li class=\"sec_li sec_li--character\">\r\n                            <img decoding=\"async\" src=\"https:\/\/guide.fire-emblem-heroes.com\/wp-content\/uploads\/claude_golden_breeze_slide01.png\" alt=\"\" \/>\r\n                        <\/li>\r\n                        <li class=\"sec_li sec_li--character\">\r\n                            <img decoding=\"async\" src=\"https:\/\/guide.fire-emblem-heroes.com\/wp-content\/uploads\/claude_golden_breeze_slide02.png\" alt=\"\" \/>\r\n                        <\/li>\r\n                        <li class=\"sec_li sec_li--character\">\r\n                            <img decoding=\"async\" src=\"https:\/\/guide.fire-emblem-heroes.com\/wp-content\/uploads\/claude_golden_breeze_slide03.png\" alt=\"\" \/>\r\n                        <\/li>\r\n                        <li class=\"sec_li sec_li--character\">\r\n                            <img decoding=\"async\" src=\"https:\/\/guide.fire-emblem-heroes.com\/wp-content\/uploads\/claude_golden_breeze_slide04.png\" alt=\"\" \/>\r\n                        <\/li>\r\n                    <\/ul>\r\n                    <div class=\"sec_charainfoarea flex\">\r\n                        <div class=\"sec_gif\"><img loading=\"lazy\" decoding=\"async\" src=\"https:\/\/guide.fire-emblem-heroes.com\/wp-content\/uploads\/claude_golden_breeze.png\" alt=\"\" width=\"210\" height=\"190\"\/><\/div>\r\n                        <div class=\"sec_charainfo\">\r\n                            <p id=\"CHARA_906_002\" class=\"sec_characate sec_characate--special_heroes\">H\u00e9ros sp\u00e9ciaux<\/p>\r\n                            <p id=\"CHARA_906_003\" class=\"sec_charanick\">Brise dor\u00e9e<\/p>\r\n                            <p id=\"CHARA_906_004\" class=\"sec_charaname\">Claude<\/p>\r\n                            <p id=\"CHARA_906_005\" class=\"sec_charaappearancetxt\">Appara\u00eet dans<\/p>\r\n                            <p id=\"CHARA_906_006\" class=\"sec_charaappearancetxt\">Fire Emblem: Three Houses<\/p>\r\n                        <\/div>\r\n                    <\/div>\r\n                <\/section>\r\n            <\/article>\r\n            <article>\r\n                <section class=\"sec sec_characterarea\">\r\n                    <div class=\"sec_h2chara\">\r\n                        <p id=\"CHARA_906_007\" class=\"sec_h2charattl\">Sharena vous pr\u00e9sente\u2026<\/p>\r\n                        <h2 id=\"CHARA_906_008\" class=\"sec_h2charatxt\">Brise dor\u00e9e Claude<\/h2>\r\n                    <\/div>\r\n                    <dl class=\"sec_dl flex\">\r\n                        <dt id=\"CHARA_906_009\" class=\"sec_dt\">Claude est l&rsquo;h\u00e9ritier de la maison Riegan de l&rsquo;Alliance de Leicester en F\u00f3dlan. Il est venu participer au festival du vent\u00a0!<\/dt>\r\n                        <dd class=\"sec_dd\">\r\n                            <a href=\"https:\/\/guide.fire-emblem-heroes.com\/wp-content\/uploads\/claude_golden_breeze_pop01.png\" class=\"popup-image\">\r\n                                <img decoding=\"async\" src=\"https:\/\/guide.fire-emblem-heroes.com\/wp-content\/uploads\/claude_golden_breeze_info01.png\" alt=\"\" \/>\r\n                            <\/a>\r\n                        <\/dd>\r\n                        <dt id=\"CHARA_906_010\" class=\"sec_dt\">Apparemment, les membres de la tribu du vent portent toujours une ceinture telle que celle-ci pour tenir leurs hauts. Et je viens de remarquer\u2026 que sa cape est attach\u00e9e \u00e0 sa main droite\u00a0!<\/dt>\r\n                        <dd class=\"sec_dd\">\r\n                            <a href=\"https:\/\/guide.fire-emblem-heroes.com\/wp-content\/uploads\/claude_golden_breeze_pop02.png\" class=\"popup-image\">\r\n                                <img decoding=\"async\" src=\"https:\/\/guide.fire-emblem-heroes.com\/wp-content\/uploads\/claude_golden_breeze_info02.png\" alt=\"\" \/>\r\n                            <\/a>\r\n                        <\/dd>\r\n                        <dt id=\"CHARA_906_011\" class=\"sec_dt\">Il cache sous ses v\u00eatements une dague orn\u00e9e d&rsquo;un moulinet \u00e0 vent. La tribu du vent sait parfaitement c\u00e9l\u00e9brer cet \u00e9l\u00e9ment, m\u00eame lorsqu&rsquo;elle cr\u00e9e des armes !<\/dt>\r\n                        <dd class=\"sec_dd\">\r\n                            <a href=\"https:\/\/guide.fire-emblem-heroes.com\/wp-content\/uploads\/claude_golden_breeze_pop03.png\" class=\"popup-image\">\r\n                                <img decoding=\"async\" src=\"https:\/\/guide.fire-emblem-heroes.com\/wp-content\/uploads\/claude_golden_breeze_info03.png\" alt=\"\" \/>\r\n                            <\/a>\r\n                        <\/dd>\r\n                        <dt id=\"CHARA_906_012\" class=\"sec_dt\">Claude a sembl\u00e9 un temps d\u00e9concert\u00e9 par ses nouveaux atours, mais il les a adopt\u00e9s et profite \u00e0 fond du festival\u00a0!<\/dt>\r\n                        <dd class=\"sec_dd\">\r\n                            <a href=\"https:\/\/guide.fire-emblem-heroes.com\/wp-content\/uploads\/claude_golden_breeze_pop04.png\" class=\"popup-image\">\r\n                                <img decoding=\"async\" src=\"https:\/\/guide.fire-emblem-heroes.com\/wp-content\/uploads\/claude_golden_breeze_info04.png\" alt=\"\" \/>\r\n                            <\/a>\r\n                        <\/dd>\r\n                    <\/dl>\r\n                    <h3 id=\"CHARA_906_013\" class=\"sec_h3charatxt\">Personnage li\u00e9 \u00e0<\/h3>\r\n                    <h4 id=\"CHARA_906_014\" class=\"sec_h4charatxt\">Byleth<\/h4>\r\n                    <p id=\"CHARA_906_015\" class=\"sec_charatxt\">P\u00e9dagogue sto\u00efque et chevronn\u00e9 de l&rsquo;Acad\u00e9mie des officiers. Son p\u00e8re, Jeralt, est l&rsquo;ancien capitaine des chevaliers de Seiros. Claude est un de ses \u00e9l\u00e8ves et disciples.<\/p>\r\n                    <h4 id=\"CHARA_906_016\" class=\"sec_h4charatxt\">Edelgard<\/h4>\r\n                    <p id=\"CHARA_906_017\" class=\"sec_charatxt\">Princesse h\u00e9riti\u00e8re de l&rsquo;Empire d&rsquo;Adrestia. Derri\u00e8re son \u00e9l\u00e9gance et son assurance se cache une ambition sans mesure. Claude et elle sont rivaux.<\/p>\r\n                    <h4 id=\"CHARA_906_018\" class=\"sec_h4charatxt\">Dimitri<\/h4>\r\n                    <p id=\"CHARA_906_019\" class=\"sec_charatxt\">Prince h\u00e9ritier du Saint Royaume de Faerghus. Bien que chevaleresque, sa personnalit\u00e9 renferme une part d&rsquo;ombre. Claude et lui sont rivaux.<\/p>\r\n                <\/section>\r\n            <\/article>\r\n        <\/main>","protected":false},"excerpt":{"rendered":"H\u00e9ros sp\u00e9ciaux Brise dor\u00e9e Claude Appara\u00eet dans Fire Emblem: Three Houses Sharena vous pr\u00e9sente\u2026 Brise dor\u00e9e Claude Claude est l&rsquo;h\u00e9ritier de la maison Riegan de l&rsquo;Alliance de Leicester en F\u00f3dlan. Il est venu participer au festival du vent\u00a0! Apparemment, les membres de la tribu du vent portent toujours une ceinture telle que celle-ci pour tenir [&hellip;]","protected":false},"author":1,"featured_media":45608,"comment_status":"closed","ping_status":"closed","sticky":false,"template":"","format":"standard","meta":{"advanced_seo_description":"","jetpack_seo_html_title":"","jetpack_seo_noindex":false,"_jetpack_newsletter_access":"","_jetpack_dont_email_post_to_subs":false,"_jetpack_newsletter_tier_id":0,"_jetpack_memberships_contains_paywalled_content":false,"_locale":"fr_FR","_original_post":"https:\/\/guide.fire-emblem-heroes.com\/?p=45531","_jetpack_memberships_contains_paid_content":false,"footnotes":"","jetpack_publicize_message":"","jetpack_publicize_feature_enabled":true,"jetpack_social_post_already_shared":false,"jetpack_social_options":{"image_generator_settings":{"template":"highway","default_image_id":0,"font":"","enabled":false},"version":2},"_wpas_customize_per_network":false,"jetpack_post_was_ever_published":false},"categories":[1384,1434,1405,1390],"tags":[1410],"class_list":["post-45539","post","type-post","status-publish","format-standard","has-post-thumbnail","hentry","category-character","category-ex_works_three_houses","category-special_heroes","category-stay_heroes","tag-heros-speciaux","fr-FR"],"jetpack_publicize_connections":[],"jetpack_featured_media_url":"https:\/\/guide.fire-emblem-heroes.com\/wp-content\/uploads\/claude_golden_breeze.png","jetpack_sharing_enabled":false,"jetpack_shortlink":"https:\/\/wp.me\/pa0Mj3-bQv","jetpack_likes_enabled":false,"amp_enabled":false,"_links":{"self":[{"href":"https:\/\/guide.fire-emblem-heroes.com\/wp-json\/wp\/v2\/posts\/45539","targetHints":{"allow":["GET"]}}],"collection":[{"href":"https:\/\/guide.fire-emblem-heroes.com\/wp-json\/wp\/v2\/posts"}],"about":[{"href":"https:\/\/guide.fire-emblem-heroes.com\/wp-json\/wp\/v2\/types\/post"}],"author":[{"embeddable":true,"href":"https:\/\/guide.fire-emblem-heroes.com\/wp-json\/wp\/v2\/users\/1"}],"replies":[{"embeddable":true,"href":"https:\/\/guide.fire-emblem-heroes.com\/wp-json\/wp\/v2\/comments?post=45539"}],"version-history":[{"count":1,"href":"https:\/\/guide.fire-emblem-heroes.com\/wp-json\/wp\/v2\/posts\/45539\/revisions"}],"predecessor-version":[{"id":45547,"href":"https:\/\/guide.fire-emblem-heroes.com\/wp-json\/wp\/v2\/posts\/45539\/revisions\/45547"}],"wp:featuredmedia":[{"embeddable":true,"href":"https:\/\/guide.fire-emblem-heroes.com\/wp-json\/wp\/v2\/media\/45608"}],"wp:attachment":[{"href":"https:\/\/guide.fire-emblem-heroes.com\/wp-json\/wp\/v2\/media?parent=45539"}],"wp:term":[{"taxonomy":"category","embeddable":true,"href":"https:\/\/guide.fire-emblem-heroes.com\/wp-json\/wp\/v2\/categories?post=45539"},{"taxonomy":"post_tag","embeddable":true,"href":"https:\/\/guide.fire-emblem-heroes.com\/wp-json\/wp\/v2\/tags?post=45539"}],"curies":[{"name":"wp","href":"https:\/\/api.w.org\/{rel}","templated":true}]}}