






{"id":45560,"date":"2023-09-05T12:59:39","date_gmt":"2023-09-05T03:59:39","guid":{"rendered":"https:\/\/guide.fire-emblem-heroes.com\/?p=45560"},"modified":"2023-09-19T16:11:35","modified_gmt":"2023-09-19T07:11:35","slug":"11004003000996-2","status":"publish","type":"post","link":"https:\/\/guide.fire-emblem-heroes.com\/fr\/11004003000996-2\/","title":{"rendered":"<span class=\"character_nick\">Puissante rafale<\/span><span class=\"character_name\">Fuga<\/span>"},"content":{"rendered":"<main id=\"CHARA_907\" class=\"main_page character\">\r\n            <article>\r\n                <section class=\"sec sec_character\">\r\n                    <ul class=\"sec_ul sec_ul--character slick-box\">\r\n                        <li class=\"sec_li sec_li--character\">\r\n                            <img decoding=\"async\" src=\"https:\/\/guide.fire-emblem-heroes.com\/wp-content\/uploads\/fuuga_force_of_gales_slide01.png\" alt=\"\" \/>\r\n                        <\/li>\r\n                        <li class=\"sec_li sec_li--character\">\r\n                            <img decoding=\"async\" src=\"https:\/\/guide.fire-emblem-heroes.com\/wp-content\/uploads\/fuuga_force_of_gales_slide02.png\" alt=\"\" \/>\r\n                        <\/li>\r\n                        <li class=\"sec_li sec_li--character\">\r\n                            <img decoding=\"async\" src=\"https:\/\/guide.fire-emblem-heroes.com\/wp-content\/uploads\/fuuga_force_of_gales_slide03.png\" alt=\"\" \/>\r\n                        <\/li>\r\n                        <li class=\"sec_li sec_li--character\">\r\n                            <img decoding=\"async\" src=\"https:\/\/guide.fire-emblem-heroes.com\/wp-content\/uploads\/fuuga_force_of_gales_slide04.png\" alt=\"\" \/>\r\n                        <\/li>\r\n                    <\/ul>\r\n                    <div class=\"sec_charainfoarea flex\">\r\n                        <div class=\"sec_gif\"><img loading=\"lazy\" decoding=\"async\" src=\"https:\/\/guide.fire-emblem-heroes.com\/wp-content\/uploads\/fuuga_force_of_gales.png\" alt=\"\" width=\"210\" height=\"190\"\/><\/div>\r\n                        <div class=\"sec_charainfo\">\r\n                            <p id=\"CHARA_907_002\" class=\"sec_characate sec_characate--special_heroes\">H\u00e9ros sp\u00e9ciaux<\/p>\r\n                            <p id=\"CHARA_907_003\" class=\"sec_charanick\">Puissante rafale<\/p>\r\n                            <p id=\"CHARA_907_004\" class=\"sec_charaname\">Fuga<\/p>\r\n                            <p id=\"CHARA_907_005\" class=\"sec_charaappearancetxt\">Appara\u00eet dans<\/p>\r\n                            <p id=\"CHARA_907_006\" class=\"sec_charaappearancetxt\">Fire Emblem Fates<\/p>\r\n                        <\/div>\r\n                    <\/div>\r\n                <\/section>\r\n            <\/article>\r\n            <article>\r\n                <section class=\"sec sec_characterarea\">\r\n                    <div class=\"sec_h2chara\">\r\n                        <p id=\"CHARA_907_007\" class=\"sec_h2charattl\">Sharena vous pr\u00e9sente\u2026<\/p>\r\n                        <h2 id=\"CHARA_907_008\" class=\"sec_h2charatxt\">Puissante rafale Fuga<\/h2>\r\n                    <\/div>\r\n                    <dl class=\"sec_dl flex\">\r\n                        <dt id=\"CHARA_907_009\" class=\"sec_dt\">Devinez qui organise le festival du vent\u00a0! Nul autre que Fuga, le chef de la tribu du vent\u00a0!<\/dt>\r\n                        <dd class=\"sec_dd\">\r\n                            <a href=\"https:\/\/guide.fire-emblem-heroes.com\/wp-content\/uploads\/fuuga_force_of_gales_pop01.png\" class=\"popup-image\">\r\n                                <img decoding=\"async\" src=\"https:\/\/guide.fire-emblem-heroes.com\/wp-content\/uploads\/fuuga_force_of_gales_info01.png\" alt=\"\" \/>\r\n                            <\/a>\r\n                        <\/dd>\r\n                        <dt id=\"CHARA_907_010\" class=\"sec_dt\">Il porte une tenue sp\u00e9ciale inspir\u00e9e par une divinit\u00e9 du vent, et avec cette grande poche gonfl\u00e9e attach\u00e9e dans le dos, il semble par\u00e9 pour une chevauch\u00e9e au milieu des nuages\u00a0!<\/dt>\r\n                        <dd class=\"sec_dd\">\r\n                            <a href=\"https:\/\/guide.fire-emblem-heroes.com\/wp-content\/uploads\/fuuga_force_of_gales_pop02.png\" class=\"popup-image\">\r\n                                <img decoding=\"async\" src=\"https:\/\/guide.fire-emblem-heroes.com\/wp-content\/uploads\/fuuga_force_of_gales_info02.png\" alt=\"\" \/>\r\n                            <\/a>\r\n                        <\/dd>\r\n                        <dt id=\"CHARA_907_011\" class=\"sec_dt\">Il porte une massue con\u00e7ue sp\u00e9cialement pour l&rsquo;occasion, d\u00e9cor\u00e9e de franges et du motif traditionnel du festival.<\/dt>\r\n                        <dd class=\"sec_dd\">\r\n                            <a href=\"https:\/\/guide.fire-emblem-heroes.com\/wp-content\/uploads\/fuuga_force_of_gales_pop03.png\" class=\"popup-image\">\r\n                                <img decoding=\"async\" src=\"https:\/\/guide.fire-emblem-heroes.com\/wp-content\/uploads\/fuuga_force_of_gales_info03.png\" alt=\"\" \/>\r\n                            <\/a>\r\n                        <\/dd>\r\n                        <dt id=\"CHARA_907_012\" class=\"sec_dt\">Fuga est le gardien acharn\u00e9 et inamovible de la tribu du vent, mais maintenant que le festival bat son plein, il y m\u00e8ne ses troupes comme une bourrasque dans le d\u00e9sert\u00a0!<\/dt>\r\n                        <dd class=\"sec_dd\">\r\n                            <a href=\"https:\/\/guide.fire-emblem-heroes.com\/wp-content\/uploads\/fuuga_force_of_gales_pop04.png\" class=\"popup-image\">\r\n                                <img decoding=\"async\" src=\"https:\/\/guide.fire-emblem-heroes.com\/wp-content\/uploads\/fuuga_force_of_gales_info04.png\" alt=\"\" \/>\r\n                            <\/a>\r\n                        <\/dd>\r\n                    <\/dl>\r\n                    <h3 id=\"CHARA_907_013\" class=\"sec_h3charatxt\">Personnage li\u00e9 \u00e0<\/h3>\r\n                    <h4 id=\"CHARA_907_014\" class=\"sec_h4charatxt\">Hayato<\/h4>\r\n                    <p id=\"CHARA_907_015\" class=\"sec_charatxt\">Jeune prodige et devin de la tribu du vent.<\/p>\r\n                <\/section>\r\n            <\/article>\r\n        <\/main>","protected":false},"excerpt":{"rendered":"H\u00e9ros sp\u00e9ciaux Puissante rafale Fuga Appara\u00eet dans Fire Emblem Fates Sharena vous pr\u00e9sente\u2026 Puissante rafale Fuga Devinez qui organise le festival du vent\u00a0! Nul autre que Fuga, le chef de la tribu du vent\u00a0! Il porte une tenue sp\u00e9ciale inspir\u00e9e par une divinit\u00e9 du vent, et avec cette grande poche gonfl\u00e9e attach\u00e9e dans le dos, [&hellip;]","protected":false},"author":1,"featured_media":45634,"comment_status":"closed","ping_status":"closed","sticky":false,"template":"","format":"standard","meta":{"advanced_seo_description":"","jetpack_seo_html_title":"","jetpack_seo_noindex":false,"_jetpack_newsletter_access":"","_jetpack_dont_email_post_to_subs":false,"_jetpack_newsletter_tier_id":0,"_jetpack_memberships_contains_paywalled_content":false,"_locale":"fr_FR","_original_post":"https:\/\/guide.fire-emblem-heroes.com\/?p=45552","_jetpack_memberships_contains_paid_content":false,"footnotes":"","jetpack_publicize_message":"","jetpack_publicize_feature_enabled":true,"jetpack_social_post_already_shared":false,"jetpack_social_options":{"image_generator_settings":{"template":"highway","default_image_id":0,"font":"","enabled":false},"version":2},"_wpas_customize_per_network":false,"jetpack_post_was_ever_published":false},"categories":[1384,1405,1432,1390],"tags":[1410],"class_list":["post-45560","post","type-post","status-publish","format-standard","has-post-thumbnail","hentry","category-character","category-special_heroes","category-ex_works_fates","category-stay_heroes","tag-heros-speciaux","fr-FR"],"jetpack_publicize_connections":[],"jetpack_featured_media_url":"https:\/\/guide.fire-emblem-heroes.com\/wp-content\/uploads\/fuuga_force_of_gales.png","jetpack_sharing_enabled":false,"jetpack_shortlink":"https:\/\/wp.me\/pa0Mj3-bQQ","jetpack_likes_enabled":false,"amp_enabled":false,"_links":{"self":[{"href":"https:\/\/guide.fire-emblem-heroes.com\/wp-json\/wp\/v2\/posts\/45560","targetHints":{"allow":["GET"]}}],"collection":[{"href":"https:\/\/guide.fire-emblem-heroes.com\/wp-json\/wp\/v2\/posts"}],"about":[{"href":"https:\/\/guide.fire-emblem-heroes.com\/wp-json\/wp\/v2\/types\/post"}],"author":[{"embeddable":true,"href":"https:\/\/guide.fire-emblem-heroes.com\/wp-json\/wp\/v2\/users\/1"}],"replies":[{"embeddable":true,"href":"https:\/\/guide.fire-emblem-heroes.com\/wp-json\/wp\/v2\/comments?post=45560"}],"version-history":[{"count":1,"href":"https:\/\/guide.fire-emblem-heroes.com\/wp-json\/wp\/v2\/posts\/45560\/revisions"}],"predecessor-version":[{"id":45570,"href":"https:\/\/guide.fire-emblem-heroes.com\/wp-json\/wp\/v2\/posts\/45560\/revisions\/45570"}],"wp:featuredmedia":[{"embeddable":true,"href":"https:\/\/guide.fire-emblem-heroes.com\/wp-json\/wp\/v2\/media\/45634"}],"wp:attachment":[{"href":"https:\/\/guide.fire-emblem-heroes.com\/wp-json\/wp\/v2\/media?parent=45560"}],"wp:term":[{"taxonomy":"category","embeddable":true,"href":"https:\/\/guide.fire-emblem-heroes.com\/wp-json\/wp\/v2\/categories?post=45560"},{"taxonomy":"post_tag","embeddable":true,"href":"https:\/\/guide.fire-emblem-heroes.com\/wp-json\/wp\/v2\/tags?post=45560"}],"curies":[{"name":"wp","href":"https:\/\/api.w.org\/{rel}","templated":true}]}}