






{"id":47893,"date":"2023-12-12T12:21:22","date_gmt":"2023-12-12T03:21:22","guid":{"rendered":"https:\/\/guide.fire-emblem-heroes.com\/?p=47893"},"modified":"2024-01-15T16:03:32","modified_gmt":"2024-01-15T07:03:32","slug":"12002001001036-2","status":"publish","type":"post","link":"https:\/\/guide.fire-emblem-heroes.com\/fr\/12002001001036-2\/","title":{"rendered":"<span class=\"character_nick\">Avenir enneig\u00e9<\/span><span class=\"character_name\">Edelgard<\/span>"},"content":{"rendered":"<main id=\"CHARA_961\" class=\"main_page character\">\r\n            <article>\r\n                <section class=\"sec sec_character\">\r\n                    <ul class=\"sec_ul sec_ul--character slick-box\">\r\n                        <li class=\"sec_li sec_li--character\">\r\n                            <img decoding=\"async\" src=\"https:\/\/guide.fire-emblem-heroes.com\/wp-content\/uploads\/edelgard_snowfall_future_slide01.png\" alt=\"\" \/>\r\n                        <\/li>\r\n                        <li class=\"sec_li sec_li--character\">\r\n                            <img decoding=\"async\" src=\"https:\/\/guide.fire-emblem-heroes.com\/wp-content\/uploads\/edelgard_snowfall_future_slide02.png\" alt=\"\" \/>\r\n                        <\/li>\r\n                        <li class=\"sec_li sec_li--character\">\r\n                            <img decoding=\"async\" src=\"https:\/\/guide.fire-emblem-heroes.com\/wp-content\/uploads\/edelgard_snowfall_future_slide03.png\" alt=\"\" \/>\r\n                        <\/li>\r\n                        <li class=\"sec_li sec_li--character\">\r\n                            <img decoding=\"async\" src=\"https:\/\/guide.fire-emblem-heroes.com\/wp-content\/uploads\/edelgard_snowfall_future_slide04.png\" alt=\"\" \/>\r\n                        <\/li>\r\n                    <\/ul>\r\n                    <div class=\"sec_charainfoarea flex\">\r\n                        <div class=\"sec_gif\"><img loading=\"lazy\" decoding=\"async\" src=\"https:\/\/guide.fire-emblem-heroes.com\/wp-content\/uploads\/edelgard_snowfall_future.png\" alt=\"\" width=\"210\" height=\"190\"\/><\/div>\r\n                        <div class=\"sec_charainfo\">\r\n                            <p id=\"CHARA_961_002\" class=\"sec_characate sec_characate--special_heroes\">H\u00e9ros sp\u00e9ciaux<\/p>\r\n                            <p id=\"CHARA_961_003\" class=\"sec_charanick\">Avenir enneig\u00e9<\/p>\r\n                            <p id=\"CHARA_961_004\" class=\"sec_charaname\">Edelgard<\/p>\r\n                            <p id=\"CHARA_961_005\" class=\"sec_charaappearancetxt\">Appara\u00eet dans<\/p>\r\n                            <p id=\"CHARA_961_006\" class=\"sec_charaappearancetxt\">Fire Emblem: Three Houses<\/p>\r\n                        <\/div>\r\n                    <\/div>\r\n                <\/section>\r\n            <\/article>\r\n            <article>\r\n                <section class=\"sec sec_characterarea\">\r\n                    <div class=\"sec_h2chara\">\r\n                        <p id=\"CHARA_961_007\" class=\"sec_h2charattl\">Sharena vous pr\u00e9sente\u2026<\/p>\r\n                        <h2 id=\"CHARA_961_008\" class=\"sec_h2charatxt\">Avenir enneig\u00e9 Edelgard<\/h2>\r\n                    <\/div>\r\n                    <dl class=\"sec_dl flex\">\r\n                        <dt id=\"CHARA_961_009\" class=\"sec_dt\">Edelgard est venue depuis l&rsquo;Acad\u00e9mie des officiers sur le continent de F\u00f3dlan, cette fois-ci en tant qu&rsquo;envoy\u00e9e officielle du festival de l&rsquo;hiver d&rsquo;Askr\u00a0!<\/dt>\r\n                        <dd class=\"sec_dd\">\r\n                            <a href=\"https:\/\/guide.fire-emblem-heroes.com\/wp-content\/uploads\/edelgard_snowfall_future_pop01.png\" class=\"popup-image\">\r\n                                <img decoding=\"async\" src=\"https:\/\/guide.fire-emblem-heroes.com\/wp-content\/uploads\/edelgard_snowfall_future_info01.png\" alt=\"\" \/>\r\n                            <\/a>\r\n                        <\/dd>\r\n                        <dt id=\"CHARA_961_010\" class=\"sec_dt\">Elle porte une tenue sp\u00e9ciale pour le festival, avec une grande cape assez voyante. Elle a aussi une \u00e9pingle \u00e0 cheveux d\u00e9cor\u00e9e de houx, qui est du plus bel effet dans ses longs cheveux !<\/dt>\r\n                        <dd class=\"sec_dd\">\r\n                            <a href=\"https:\/\/guide.fire-emblem-heroes.com\/wp-content\/uploads\/edelgard_snowfall_future_pop02.png\" class=\"popup-image\">\r\n                                <img decoding=\"async\" src=\"https:\/\/guide.fire-emblem-heroes.com\/wp-content\/uploads\/edelgard_snowfall_future_info02.png\" alt=\"\" \/>\r\n                            <\/a>\r\n                        <\/dd>\r\n                        <dt id=\"CHARA_961_011\" class=\"sec_dt\">Vous avez forc\u00e9ment remarqu\u00e9 son adorable arme festive\u00a0: une lance en forme de sapin, d\u00e9cor\u00e9e entre autres de cloches et d&rsquo;\u00e9toiles. Quand elle se bat, on dirait presque qu&rsquo;elle danse, avec tous ces rubans qui volent autour d&rsquo;elle !<\/dt>\r\n                        <dd class=\"sec_dd\">\r\n                            <a href=\"https:\/\/guide.fire-emblem-heroes.com\/wp-content\/uploads\/edelgard_snowfall_future_pop03.png\" class=\"popup-image\">\r\n                                <img decoding=\"async\" src=\"https:\/\/guide.fire-emblem-heroes.com\/wp-content\/uploads\/edelgard_snowfall_future_info03.png\" alt=\"\" \/>\r\n                            <\/a>\r\n                        <\/dd>\r\n                        <dt id=\"CHARA_961_012\" class=\"sec_dt\">Ainsi par\u00e9e de mille feux gr\u00e2ce aux d\u00e9corations du festival, et berc\u00e9e par le bruit des c\u00e9l\u00e9brations, la ville rappelle s\u00fbrement \u00e0 Edelgard les livres d&rsquo;images qu&rsquo;elle lisait petite. J&rsquo;esp\u00e8re que ce festival deviendra pour elle un magnifique souvenir d&rsquo;hiver !<\/dt>\r\n                        <dd class=\"sec_dd\">\r\n                            <a href=\"https:\/\/guide.fire-emblem-heroes.com\/wp-content\/uploads\/edelgard_snowfall_future_pop04.png\" class=\"popup-image\">\r\n                                <img decoding=\"async\" src=\"https:\/\/guide.fire-emblem-heroes.com\/wp-content\/uploads\/edelgard_snowfall_future_info04.png\" alt=\"\" \/>\r\n                            <\/a>\r\n                        <\/dd>\r\n                    <\/dl>\r\n                    <h3 id=\"CHARA_961_013\" class=\"sec_h3charatxt\">Personnage li\u00e9 \u00e0<\/h3>\r\n                    <h4 id=\"CHARA_961_014\" class=\"sec_h4charatxt\">Dimitri<\/h4>\r\n                    <p id=\"CHARA_961_015\" class=\"sec_charatxt\">Prince h\u00e9ritier du Saint Royaume de Faerghus. Bien que chevaleresque, sa personnalit\u00e9 renferme une part d&rsquo;ombre. Il est le rival d&rsquo;Edelgard.<\/p>\r\n                    <h4 id=\"CHARA_961_016\" class=\"sec_h4charatxt\">Claude<\/h4>\r\n                    <p id=\"CHARA_961_017\" class=\"sec_charatxt\">H\u00e9ritier de la maison Riegan, famille dirigeante de l&rsquo;Alliance de Leicester. Il combine \u00e0 la perfection une personnalit\u00e9 sympathique et un don in\u00e9gal\u00e9 de comploteur. En tant que d\u00e9l\u00e9gu\u00e9 des Cerfs d&rsquo;or, c&rsquo;est un rival d&rsquo;Edelgard.<\/p>\r\n                <\/section>\r\n            <\/article>\r\n        <\/main>","protected":false},"excerpt":{"rendered":"H\u00e9ros sp\u00e9ciaux Avenir enneig\u00e9 Edelgard Appara\u00eet dans Fire Emblem: Three Houses Sharena vous pr\u00e9sente\u2026 Avenir enneig\u00e9 Edelgard Edelgard est venue depuis l&rsquo;Acad\u00e9mie des officiers sur le continent de F\u00f3dlan, cette fois-ci en tant qu&rsquo;envoy\u00e9e officielle du festival de l&rsquo;hiver d&rsquo;Askr\u00a0! Elle porte une tenue sp\u00e9ciale pour le festival, avec une grande cape assez voyante. Elle [&hellip;]","protected":false},"author":1,"featured_media":48034,"comment_status":"closed","ping_status":"closed","sticky":false,"template":"","format":"standard","meta":{"advanced_seo_description":"","jetpack_seo_html_title":"","jetpack_seo_noindex":false,"_jetpack_newsletter_access":"","_jetpack_dont_email_post_to_subs":false,"_jetpack_newsletter_tier_id":0,"_jetpack_memberships_contains_paywalled_content":false,"_locale":"fr_FR","_original_post":"https:\/\/guide.fire-emblem-heroes.com\/?p=47885","_jetpack_memberships_contains_paid_content":false,"footnotes":"","jetpack_publicize_message":"","jetpack_publicize_feature_enabled":true,"jetpack_social_post_already_shared":false,"jetpack_social_options":{"image_generator_settings":{"template":"highway","default_image_id":0,"font":"","enabled":false},"version":2},"_wpas_customize_per_network":false,"jetpack_post_was_ever_published":false},"categories":[1384,1434,1405,1390],"tags":[1410],"class_list":["post-47893","post","type-post","status-publish","format-standard","has-post-thumbnail","hentry","category-character","category-ex_works_three_houses","category-special_heroes","category-stay_heroes","tag-heros-speciaux","fr-FR"],"jetpack_publicize_connections":[],"jetpack_featured_media_url":"https:\/\/guide.fire-emblem-heroes.com\/wp-content\/uploads\/edelgard_snowfall_future.png","jetpack_sharing_enabled":false,"jetpack_shortlink":"https:\/\/wp.me\/pa0Mj3-cst","jetpack_likes_enabled":false,"amp_enabled":false,"_links":{"self":[{"href":"https:\/\/guide.fire-emblem-heroes.com\/wp-json\/wp\/v2\/posts\/47893","targetHints":{"allow":["GET"]}}],"collection":[{"href":"https:\/\/guide.fire-emblem-heroes.com\/wp-json\/wp\/v2\/posts"}],"about":[{"href":"https:\/\/guide.fire-emblem-heroes.com\/wp-json\/wp\/v2\/types\/post"}],"author":[{"embeddable":true,"href":"https:\/\/guide.fire-emblem-heroes.com\/wp-json\/wp\/v2\/users\/1"}],"replies":[{"embeddable":true,"href":"https:\/\/guide.fire-emblem-heroes.com\/wp-json\/wp\/v2\/comments?post=47893"}],"version-history":[{"count":1,"href":"https:\/\/guide.fire-emblem-heroes.com\/wp-json\/wp\/v2\/posts\/47893\/revisions"}],"predecessor-version":[{"id":47902,"href":"https:\/\/guide.fire-emblem-heroes.com\/wp-json\/wp\/v2\/posts\/47893\/revisions\/47902"}],"wp:featuredmedia":[{"embeddable":true,"href":"https:\/\/guide.fire-emblem-heroes.com\/wp-json\/wp\/v2\/media\/48034"}],"wp:attachment":[{"href":"https:\/\/guide.fire-emblem-heroes.com\/wp-json\/wp\/v2\/media?parent=47893"}],"wp:term":[{"taxonomy":"category","embeddable":true,"href":"https:\/\/guide.fire-emblem-heroes.com\/wp-json\/wp\/v2\/categories?post=47893"},{"taxonomy":"post_tag","embeddable":true,"href":"https:\/\/guide.fire-emblem-heroes.com\/wp-json\/wp\/v2\/tags?post=47893"}],"curies":[{"name":"wp","href":"https:\/\/api.w.org\/{rel}","templated":true}]}}