






{"id":48149,"date":"2023-12-22T12:51:16","date_gmt":"2023-12-22T03:51:16","guid":{"rendered":"https:\/\/guide.fire-emblem-heroes.com\/?p=48149"},"modified":"2023-12-25T10:37:51","modified_gmt":"2023-12-25T01:37:51","slug":"10004003000198-2","status":"publish","type":"post","link":"https:\/\/guide.fire-emblem-heroes.com\/fr\/10004003000198-2\/","title":{"rendered":"<span class=\"character_nick\">Fille \u00ab ordinaire \u00bb<\/span><span class=\"character_name\">Tharja<\/span>"},"content":{"rendered":"<main id=\"CHARA_968\" class=\"main_page character\">\r\n            <article>\r\n                <section class=\"sec sec_character\">\r\n                    <ul class=\"sec_ul sec_ul--character slick-box\">\r\n                        <li class=\"sec_li sec_li--character\">\r\n                            <img decoding=\"async\" src=\"https:\/\/guide.fire-emblem-heroes.com\/wp-content\/uploads\/sallya_normal_girl_slide01.png\" alt=\"\" \/>\r\n                        <\/li>\r\n                        <li class=\"sec_li sec_li--character\">\r\n                            <img decoding=\"async\" src=\"https:\/\/guide.fire-emblem-heroes.com\/wp-content\/uploads\/sallya_normal_girl_slide02.png\" alt=\"\" \/>\r\n                        <\/li>\r\n                        <li class=\"sec_li sec_li--character\">\r\n                            <img decoding=\"async\" src=\"https:\/\/guide.fire-emblem-heroes.com\/wp-content\/uploads\/sallya_normal_girl_slide03.png\" alt=\"\" \/>\r\n                        <\/li>\r\n                        <li class=\"sec_li sec_li--character\">\r\n                            <img decoding=\"async\" src=\"https:\/\/guide.fire-emblem-heroes.com\/wp-content\/uploads\/sallya_normal_girl_slide04.png\" alt=\"\" \/>\r\n                        <\/li>\r\n                    <\/ul>\r\n                    <div class=\"sec_charainfoarea flex\">\r\n                        <div class=\"sec_gif\"><img loading=\"lazy\" decoding=\"async\" src=\"https:\/\/guide.fire-emblem-heroes.com\/wp-content\/uploads\/sallya_normal_girl.png\" alt=\"\" width=\"210\" height=\"190\"\/><\/div>\r\n                        <div class=\"sec_charainfo\">\r\n                            <p id=\"CHARA_968_002\" class=\"sec_characate sec_characate--special_heroes\">H\u00e9ros sp\u00e9ciaux<\/p>\r\n                            <p id=\"CHARA_968_003\" class=\"sec_charanick\">Fille \u00ab ordinaire \u00bb<\/p>\r\n                            <p id=\"CHARA_968_004\" class=\"sec_charaname\">Tharja<\/p>\r\n                            <p id=\"CHARA_968_005\" class=\"sec_charaappearancetxt\">Appara\u00eet dans<\/p>\r\n                            <p id=\"CHARA_968_006\" class=\"sec_charaappearancetxt\">Fire Emblem: Awakening<\/p>\r\n                        <\/div>\r\n                    <\/div>\r\n                <\/section>\r\n            <\/article>\r\n            <article>\r\n                <section class=\"sec sec_characterarea\">\r\n                    <div class=\"sec_h2chara\">\r\n                        <p id=\"CHARA_968_007\" class=\"sec_h2charattl\">Sharena vous pr\u00e9sente&#8230;<\/p>\r\n                        <h2 id=\"CHARA_968_008\" class=\"sec_h2charatxt\">Fille \u00ab ordinaire \u00bb Tharja<\/h2>\r\n                    <\/div>\r\n                    <dl class=\"sec_dl flex\">\r\n                        <dt id=\"CHARA_968_009\" class=\"sec_dt\">Toutes sortes de h\u00e9ros participent au festival de l&rsquo;hiver. Tharja, la mage noire de Plegia, est l\u00e0 aussi, et elle a tr\u00e8s h\u00e2te de faire la f\u00eate !<\/dt>\r\n                        <dd class=\"sec_dd\">\r\n                            <a href=\"https:\/\/guide.fire-emblem-heroes.com\/wp-content\/uploads\/sallya_normal_girl_pop01.png\" class=\"popup-image\">\r\n                                <img decoding=\"async\" src=\"https:\/\/guide.fire-emblem-heroes.com\/wp-content\/uploads\/sallya_normal_girl_info01.png\" alt=\"\" \/>\r\n                            <\/a>\r\n                        <\/dd>\r\n                        <dt id=\"CHARA_968_010\" class=\"sec_dt\">Gaie et enjou\u00e9e, Tharja a choisi une tenue \u00e9tonnamment l\u00e9g\u00e8re pour l&rsquo;hiver. J&rsquo;adore ces bois de cerf et ces petites oreilles sur sa t\u00eate\u00a0!<\/dt>\r\n                        <dd class=\"sec_dd\">\r\n                            <a href=\"https:\/\/guide.fire-emblem-heroes.com\/wp-content\/uploads\/sallya_normal_girl_pop02.png\" class=\"popup-image\">\r\n                                <img decoding=\"async\" src=\"https:\/\/guide.fire-emblem-heroes.com\/wp-content\/uploads\/sallya_normal_girl_info02.png\" alt=\"\" \/>\r\n                            <\/a>\r\n                        <\/dd>\r\n                        <dt id=\"CHARA_968_011\" class=\"sec_dt\">Elle porte aussi des bougies, une d\u00e9coration embl\u00e9matique de ce festival. Ce chandelier m&rsquo;a d&rsquo;ailleurs l&rsquo;air suffisamment solide pour servir d&rsquo;arme au besoin\u00a0!<\/dt>\r\n                        <dd class=\"sec_dd\">\r\n                            <a href=\"https:\/\/guide.fire-emblem-heroes.com\/wp-content\/uploads\/sallya_normal_girl_pop03.png\" class=\"popup-image\">\r\n                                <img decoding=\"async\" src=\"https:\/\/guide.fire-emblem-heroes.com\/wp-content\/uploads\/sallya_normal_girl_info03.png\" alt=\"\" \/>\r\n                            <\/a>\r\n                        <\/dd>\r\n                        <dt id=\"CHARA_968_012\" class=\"sec_dt\">Tharja est assez r\u00e9serv\u00e9e d&rsquo;ordinaire, mais quel moment mieux choisi que ce festival pour sortir de sa coquille\u00a0? Allez, Tharja, viens t&rsquo;amuser avec nous\u00a0!<\/dt>\r\n                        <dd class=\"sec_dd\">\r\n                            <a href=\"https:\/\/guide.fire-emblem-heroes.com\/wp-content\/uploads\/sallya_normal_girl_pop04.png\" class=\"popup-image\">\r\n                                <img decoding=\"async\" src=\"https:\/\/guide.fire-emblem-heroes.com\/wp-content\/uploads\/sallya_normal_girl_info04.png\" alt=\"\" \/>\r\n                            <\/a>\r\n                        <\/dd>\r\n                    <\/dl>\r\n                    <h3 id=\"CHARA_968_013\" class=\"sec_h3charatxt\">Personnage li\u00e9 \u00e0<\/h3>\r\n                    <h4 id=\"CHARA_968_014\" class=\"sec_h4charatxt\">Daraen<\/h4>\r\n                    <p id=\"CHARA_968_015\" class=\"sec_charatxt\">Strat\u00e8ge d&rsquo;Ylisse et bras droit de Chrom. N&rsquo;a aucun souvenir pr\u00e9c\u00e9dant sa rencontre avec lui. Tharja lui porte un int\u00e9r\u00eat particulier.<\/p>\r\n                    <h4 id=\"CHARA_968_016\" class=\"sec_h4charatxt\">Chrom<\/h4>\r\n                    <p id=\"CHARA_968_017\" class=\"sec_charatxt\">Prince d&rsquo;Ylisse et descendant d&rsquo;un Roi-H\u00e9ros l\u00e9gendaire. Dirige les Veilleurs. Il invite Tharja \u00e0 les rejoindre.<\/p>\r\n                    <h4 id=\"CHARA_968_018\" class=\"sec_h4charatxt\">Henry<\/h4>\r\n                    <p id=\"CHARA_968_019\" class=\"sec_charatxt\">Mage noir pl\u00e9gien au sourire ind\u00e9l\u00e9bile, inspir\u00e9 par la violence et la cruaut\u00e9 sur le champ de bataille. Tharja a beaucoup entendu parler de ses talents.<\/p>\r\n                <\/section>\r\n            <\/article>\r\n        <\/main>","protected":false},"excerpt":{"rendered":"H\u00e9ros sp\u00e9ciaux Fille \u00ab ordinaire \u00bb Tharja Appara\u00eet dans Fire Emblem: Awakening Sharena vous pr\u00e9sente&#8230; Fille \u00ab ordinaire \u00bb Tharja Toutes sortes de h\u00e9ros participent au festival de l&rsquo;hiver. Tharja, la mage noire de Plegia, est l\u00e0 aussi, et elle a tr\u00e8s h\u00e2te de faire la f\u00eate ! Gaie et enjou\u00e9e, Tharja a choisi une [&hellip;]","protected":false},"author":1,"featured_media":48247,"comment_status":"closed","ping_status":"closed","sticky":false,"template":"","format":"standard","meta":{"advanced_seo_description":"","jetpack_seo_html_title":"","jetpack_seo_noindex":false,"_jetpack_newsletter_access":"","_jetpack_dont_email_post_to_subs":false,"_jetpack_newsletter_tier_id":0,"_jetpack_memberships_contains_paywalled_content":false,"_locale":"fr_FR","_original_post":"https:\/\/guide.fire-emblem-heroes.com\/?p=48141","_jetpack_memberships_contains_paid_content":false,"footnotes":"","jetpack_publicize_message":"","jetpack_publicize_feature_enabled":true,"jetpack_social_post_already_shared":false,"jetpack_social_options":{"image_generator_settings":{"template":"highway","default_image_id":0,"font":"","enabled":false},"version":2},"_wpas_customize_per_network":false,"jetpack_post_was_ever_published":false},"categories":[1384,1431,1405,1390],"tags":[1410],"class_list":["post-48149","post","type-post","status-publish","format-standard","has-post-thumbnail","hentry","category-character","category-ex_works_awakening","category-special_heroes","category-stay_heroes","tag-heros-speciaux","fr-FR"],"jetpack_publicize_connections":[],"jetpack_featured_media_url":"https:\/\/guide.fire-emblem-heroes.com\/wp-content\/uploads\/sallya_normal_girl.png","jetpack_sharing_enabled":false,"jetpack_shortlink":"https:\/\/wp.me\/pa0Mj3-cwB","jetpack_likes_enabled":false,"amp_enabled":false,"_links":{"self":[{"href":"https:\/\/guide.fire-emblem-heroes.com\/wp-json\/wp\/v2\/posts\/48149","targetHints":{"allow":["GET"]}}],"collection":[{"href":"https:\/\/guide.fire-emblem-heroes.com\/wp-json\/wp\/v2\/posts"}],"about":[{"href":"https:\/\/guide.fire-emblem-heroes.com\/wp-json\/wp\/v2\/types\/post"}],"author":[{"embeddable":true,"href":"https:\/\/guide.fire-emblem-heroes.com\/wp-json\/wp\/v2\/users\/1"}],"replies":[{"embeddable":true,"href":"https:\/\/guide.fire-emblem-heroes.com\/wp-json\/wp\/v2\/comments?post=48149"}],"version-history":[{"count":1,"href":"https:\/\/guide.fire-emblem-heroes.com\/wp-json\/wp\/v2\/posts\/48149\/revisions"}],"predecessor-version":[{"id":48158,"href":"https:\/\/guide.fire-emblem-heroes.com\/wp-json\/wp\/v2\/posts\/48149\/revisions\/48158"}],"wp:featuredmedia":[{"embeddable":true,"href":"https:\/\/guide.fire-emblem-heroes.com\/wp-json\/wp\/v2\/media\/48247"}],"wp:attachment":[{"href":"https:\/\/guide.fire-emblem-heroes.com\/wp-json\/wp\/v2\/media?parent=48149"}],"wp:term":[{"taxonomy":"category","embeddable":true,"href":"https:\/\/guide.fire-emblem-heroes.com\/wp-json\/wp\/v2\/categories?post=48149"},{"taxonomy":"post_tag","embeddable":true,"href":"https:\/\/guide.fire-emblem-heroes.com\/wp-json\/wp\/v2\/tags?post=48149"}],"curies":[{"name":"wp","href":"https:\/\/api.w.org\/{rel}","templated":true}]}}