






{"id":49224,"date":"2024-02-05T12:11:49","date_gmt":"2024-02-05T03:11:49","guid":{"rendered":"https:\/\/guide.fire-emblem-heroes.com\/?p=49224"},"modified":"2024-03-07T16:03:08","modified_gmt":"2024-03-07T07:03:08","slug":"07003001001058-2","status":"publish","type":"post","link":"https:\/\/guide.fire-emblem-heroes.com\/fr\/07003001001058-2\/","title":{"rendered":"<span class=\"character_nick\">Altesses estim\u00e9es<\/span><span class=\"character_name\">Lyon<\/span>"},"content":{"rendered":"<main id=\"CHARA_992\" class=\"main_page character\">\r\n            <article>\r\n                <section class=\"sec sec_character\">\r\n                    <ul class=\"sec_ul sec_ul--character slick-box\">\r\n                        <li class=\"sec_li sec_li--character\">\r\n                            <img decoding=\"async\" src=\"https:\/\/guide.fire-emblem-heroes.com\/wp-content\/uploads\/lyon_esteemed_royals_slide01.png\" alt=\"\" \/>\r\n                        <\/li>\r\n                        <li class=\"sec_li sec_li--character\">\r\n                            <img decoding=\"async\" src=\"https:\/\/guide.fire-emblem-heroes.com\/wp-content\/uploads\/lyon_esteemed_royals_slide02.png\" alt=\"\" \/>\r\n                        <\/li>\r\n                        <li class=\"sec_li sec_li--character\">\r\n                            <img decoding=\"async\" src=\"https:\/\/guide.fire-emblem-heroes.com\/wp-content\/uploads\/lyon_esteemed_royals_slide03.png\" alt=\"\" \/>\r\n                        <\/li>\r\n                        <li class=\"sec_li sec_li--character\">\r\n                            <img decoding=\"async\" src=\"https:\/\/guide.fire-emblem-heroes.com\/wp-content\/uploads\/lyon_esteemed_royals_slide04.png\" alt=\"\" \/>\r\n                        <\/li>\r\n                    <\/ul>\r\n                    <div class=\"sec_charainfoarea flex\">\r\n                        <div class=\"sec_gif\"><img loading=\"lazy\" decoding=\"async\" src=\"https:\/\/guide.fire-emblem-heroes.com\/wp-content\/uploads\/lyon_esteemed_royals.png\" alt=\"\" width=\"210\" height=\"190\"\/><\/div>\r\n                        <div class=\"sec_charainfo\">\r\n                            <p id=\"CHARA_992_002\" class=\"sec_characate sec_characate--duo_hero\">Doubles unit\u00e9s<\/p>\r\n                            <p id=\"CHARA_992_003\" class=\"sec_charanick\">Altesses estim\u00e9es<\/p>\r\n                            <p id=\"CHARA_992_004\" class=\"sec_charaname\">Lyon<\/p>\r\n                            <p id=\"CHARA_992_005\" class=\"sec_charaappearancetxt\">Appara\u00eet dans<\/p>\r\n                            <p id=\"CHARA_992_006\" class=\"sec_charaappearancetxt\">Fire Emblem: The Sacred Stones<\/p>\r\n                        <\/div>\r\n                    <\/div>\r\n                <\/section>\r\n            <\/article>\r\n            <article>\r\n                <section class=\"sec sec_characterarea\">\r\n                    <div class=\"sec_h2chara\">\r\n                        <p id=\"CHARA_992_007\" class=\"sec_h2charattl\">Sharena vous pr\u00e9sente\u2026<\/p>\r\n                        <h2 id=\"CHARA_992_008\" class=\"sec_h2charatxt\">Altesses estim\u00e9es Lyon<\/h2>\r\n                    <\/div>\r\n                    <dl class=\"sec_dl flex\">\r\n                        <dt id=\"CHARA_992_009\" class=\"sec_dt\">Voici Lyon, prince de l&#8217;empire de Grado, et Eirika, princesse de Renais. Ils viennent tous deux de Magvel et se connaissent depuis l&rsquo;enfance. C&rsquo;est ensemble qu&rsquo;ils participent aux festivit\u00e9s du jour de l&rsquo;amour\u00a0!<\/dt>\r\n                        <dd class=\"sec_dd\">\r\n                            <a href=\"https:\/\/guide.fire-emblem-heroes.com\/wp-content\/uploads\/lyon_esteemed_royals_pop01.png\" class=\"popup-image\">\r\n                                <img decoding=\"async\" src=\"https:\/\/guide.fire-emblem-heroes.com\/wp-content\/uploads\/lyon_esteemed_royals_info01.png\" alt=\"\" \/>\r\n                            <\/a>\r\n                        <\/dd>\r\n                        <dt id=\"CHARA_992_010\" class=\"sec_dt\">Cette tenue violette convient parfaitement \u00e0 Lyon : peut-on imaginer une couleur plus appropri\u00e9e pour l&rsquo;h\u00e9ritier du tr\u00f4ne de Grado\u00a0?<\/dt>\r\n                        <dd class=\"sec_dd\">\r\n                            <a href=\"https:\/\/guide.fire-emblem-heroes.com\/wp-content\/uploads\/lyon_esteemed_royals_pop02.png\" class=\"popup-image\">\r\n                                <img decoding=\"async\" src=\"https:\/\/guide.fire-emblem-heroes.com\/wp-content\/uploads\/lyon_esteemed_royals_info02.png\" alt=\"\" \/>\r\n                            <\/a>\r\n                        <\/dd>\r\n                        <dt id=\"CHARA_992_011\" class=\"sec_dt\">Eirika quant \u00e0 elle porte une magnifique robe \u00e9carlate orn\u00e9e de magnifiques broderies !<\/dt>\r\n                        <dd class=\"sec_dd\">\r\n                            <a href=\"https:\/\/guide.fire-emblem-heroes.com\/wp-content\/uploads\/lyon_esteemed_royals_pop03.png\" class=\"popup-image\">\r\n                                <img decoding=\"async\" src=\"https:\/\/guide.fire-emblem-heroes.com\/wp-content\/uploads\/lyon_esteemed_royals_info03.png\" alt=\"\" \/>\r\n                            <\/a>\r\n                        <\/dd>\r\n                        <dt id=\"CHARA_992_012\" class=\"sec_dt\">Il semble qu&rsquo;ils aient apport\u00e9 un cadeau pour Ephraim, qui est le fr\u00e8re d&rsquo;Eirika et un vieil ami de Lyon. On dirait qu&rsquo;ils se sont beaucoup amus\u00e9s \u00e0 chercher quelque chose qui lui plaise !<\/dt>\r\n                        <dd class=\"sec_dd\">\r\n                            <a href=\"https:\/\/guide.fire-emblem-heroes.com\/wp-content\/uploads\/lyon_esteemed_royals_pop04.png\" class=\"popup-image\">\r\n                                <img decoding=\"async\" src=\"https:\/\/guide.fire-emblem-heroes.com\/wp-content\/uploads\/lyon_esteemed_royals_info04.png\" alt=\"\" \/>\r\n                            <\/a>\r\n                        <\/dd>\r\n                    <\/dl>\r\n                    <h3 id=\"CHARA_992_013\" class=\"sec_h3charatxt\">Personnage li\u00e9 \u00e0<\/h3>\r\n                    <h4 id=\"CHARA_992_014\" class=\"sec_h4charatxt\">Vigarde<\/h4>\r\n                    <p id=\"CHARA_992_015\" class=\"sec_charatxt\">Empereur de Grado autrefois admir\u00e9. Surnomm\u00e9 \u00ab l&rsquo;Empereur taciturne \u00bb, il n&rsquo;est d\u00e9sormais plus que l&rsquo;ombre de lui-m\u00eame.<\/p>\r\n                    <h4 id=\"CHARA_992_016\" class=\"sec_h4charatxt\">Ephraim<\/h4>\r\n                    <p id=\"CHARA_992_017\" class=\"sec_charatxt\">Prince de Renais et fr\u00e8re jumeau d&rsquo;Eirika. Il tient beaucoup \u00e0 sa s\u0153ur. Sa grande confiance en lui le met parfois en danger.<\/p>\r\n                <\/section>\r\n            <\/article>\r\n        <\/main>","protected":false},"excerpt":{"rendered":"Doubles unit\u00e9s Altesses estim\u00e9es Lyon Appara\u00eet dans Fire Emblem: The Sacred Stones Sharena vous pr\u00e9sente\u2026 Altesses estim\u00e9es Lyon Voici Lyon, prince de l&#8217;empire de Grado, et Eirika, princesse de Renais. Ils viennent tous deux de Magvel et se connaissent depuis l&rsquo;enfance. C&rsquo;est ensemble qu&rsquo;ils participent aux festivit\u00e9s du jour de l&rsquo;amour\u00a0! Cette tenue violette convient [&hellip;]","protected":false},"author":1,"featured_media":49377,"comment_status":"closed","ping_status":"closed","sticky":false,"template":"","format":"standard","meta":{"advanced_seo_description":"","jetpack_seo_html_title":"","jetpack_seo_noindex":false,"_jetpack_newsletter_access":"","_jetpack_dont_email_post_to_subs":false,"_jetpack_newsletter_tier_id":0,"_jetpack_memberships_contains_paywalled_content":false,"_locale":"fr_FR","_original_post":"https:\/\/guide.fire-emblem-heroes.com\/?p=49216","_jetpack_memberships_contains_paid_content":false,"footnotes":"","jetpack_publicize_message":"","jetpack_publicize_feature_enabled":true,"jetpack_social_post_already_shared":false,"jetpack_social_options":{"image_generator_settings":{"template":"highway","default_image_id":0,"font":"","enabled":false},"version":2},"_wpas_customize_per_network":false,"jetpack_post_was_ever_published":false},"categories":[1384,1428,1390,1440],"tags":[1445],"class_list":["post-49224","post","type-post","status-publish","format-standard","has-post-thumbnail","hentry","category-character","category-ex_works_the_sacred_stones","category-stay_heroes","category-duo_heroes","tag-doubles-unites","fr-FR"],"jetpack_publicize_connections":[],"jetpack_featured_media_url":"https:\/\/guide.fire-emblem-heroes.com\/wp-content\/uploads\/lyon_esteemed_royals.png","jetpack_sharing_enabled":false,"jetpack_shortlink":"https:\/\/wp.me\/pa0Mj3-cNW","jetpack_likes_enabled":false,"amp_enabled":false,"_links":{"self":[{"href":"https:\/\/guide.fire-emblem-heroes.com\/wp-json\/wp\/v2\/posts\/49224","targetHints":{"allow":["GET"]}}],"collection":[{"href":"https:\/\/guide.fire-emblem-heroes.com\/wp-json\/wp\/v2\/posts"}],"about":[{"href":"https:\/\/guide.fire-emblem-heroes.com\/wp-json\/wp\/v2\/types\/post"}],"author":[{"embeddable":true,"href":"https:\/\/guide.fire-emblem-heroes.com\/wp-json\/wp\/v2\/users\/1"}],"replies":[{"embeddable":true,"href":"https:\/\/guide.fire-emblem-heroes.com\/wp-json\/wp\/v2\/comments?post=49224"}],"version-history":[{"count":1,"href":"https:\/\/guide.fire-emblem-heroes.com\/wp-json\/wp\/v2\/posts\/49224\/revisions"}],"predecessor-version":[{"id":49233,"href":"https:\/\/guide.fire-emblem-heroes.com\/wp-json\/wp\/v2\/posts\/49224\/revisions\/49233"}],"wp:featuredmedia":[{"embeddable":true,"href":"https:\/\/guide.fire-emblem-heroes.com\/wp-json\/wp\/v2\/media\/49377"}],"wp:attachment":[{"href":"https:\/\/guide.fire-emblem-heroes.com\/wp-json\/wp\/v2\/media?parent=49224"}],"wp:term":[{"taxonomy":"category","embeddable":true,"href":"https:\/\/guide.fire-emblem-heroes.com\/wp-json\/wp\/v2\/categories?post=49224"},{"taxonomy":"post_tag","embeddable":true,"href":"https:\/\/guide.fire-emblem-heroes.com\/wp-json\/wp\/v2\/tags?post=49224"}],"curies":[{"name":"wp","href":"https:\/\/api.w.org\/{rel}","templated":true}]}}