






{"id":50240,"date":"2024-03-13T12:47:13","date_gmt":"2024-03-13T03:47:13","guid":{"rendered":"https:\/\/guide.fire-emblem-heroes.com\/?p=50240"},"modified":"2024-04-05T16:12:56","modified_gmt":"2024-04-05T07:12:56","slug":"01005002001077-2","status":"publish","type":"post","link":"https:\/\/guide.fire-emblem-heroes.com\/fr\/01005002001077-2\/","title":{"rendered":"<span class=\"character_nick\">Mage de Khadein<\/span><span class=\"character_name\">Arlen<\/span>"},"content":{"rendered":"<main id=\"CHARA_1017\" class=\"main_page character\">\r\n            <article>\r\n                <section class=\"sec sec_character\">\r\n                    <ul class=\"sec_ul sec_ul--character slick-box\">\r\n                        <li class=\"sec_li sec_li--character\">\r\n                            <img decoding=\"async\" src=\"https:\/\/guide.fire-emblem-heroes.com\/wp-content\/uploads\/ellerean_mage_of_khadein_slide01.png\" alt=\"\" \/>\r\n                        <\/li>\r\n                        <li class=\"sec_li sec_li--character\">\r\n                            <img decoding=\"async\" src=\"https:\/\/guide.fire-emblem-heroes.com\/wp-content\/uploads\/ellerean_mage_of_khadein_slide02.png\" alt=\"\" \/>\r\n                        <\/li>\r\n                        <li class=\"sec_li sec_li--character\">\r\n                            <img decoding=\"async\" src=\"https:\/\/guide.fire-emblem-heroes.com\/wp-content\/uploads\/ellerean_mage_of_khadein_slide03.png\" alt=\"\" \/>\r\n                        <\/li>\r\n                        <li class=\"sec_li sec_li--character\">\r\n                            <img decoding=\"async\" src=\"https:\/\/guide.fire-emblem-heroes.com\/wp-content\/uploads\/ellerean_mage_of_khadein_slide04.png\" alt=\"\" \/>\r\n                        <\/li>\r\n                    <\/ul>\r\n                    <div class=\"sec_charainfoarea flex\">\r\n                        <div class=\"sec_gif\"><img loading=\"lazy\" decoding=\"async\" src=\"https:\/\/guide.fire-emblem-heroes.com\/wp-content\/uploads\/ellerean_mage_of_khadein.png\" alt=\"\" width=\"210\" height=\"190\"\/><\/div>\r\n                        <div class=\"sec_charainfo\">\r\n                            <p id=\"CHARA_1017_002\" class=\"sec_characate sec_characate--heroes\">H\u00e9ros<\/p>\r\n                            <p id=\"CHARA_1017_003\" class=\"sec_charanick\">Mage de Khadein<\/p>\r\n                            <p id=\"CHARA_1017_004\" class=\"sec_charaname\">Arlen<\/p>\r\n                            <p id=\"CHARA_1017_005\" class=\"sec_charaappearancetxt\">Appara\u00eet dans<\/p>\r\n                            <p id=\"CHARA_1017_006\" class=\"sec_charaappearancetxt\">Fire Emblem: Mystery of the Emblem<\/p>\r\n                        <\/div>\r\n                    <\/div>\r\n                <\/section>\r\n            <\/article>\r\n            <article>\r\n                <section class=\"sec sec_characterarea\">\r\n                    <div class=\"sec_h2chara\">\r\n                        <p id=\"CHARA_1017_007\" class=\"sec_h2charattl\">Sharena vous pr\u00e9sente&#8230;<\/p>\r\n                        <h2 id=\"CHARA_1017_008\" class=\"sec_h2charatxt\">Mage de Khadein Arlen<\/h2>\r\n                    <\/div>\r\n                    <dl class=\"sec_dl flex\">\r\n                        <dt id=\"CHARA_1017_009\" class=\"sec_dt\">Arlen est membre de l&rsquo;arm\u00e9e des mages de Khadein, une ville du continent d&rsquo;Akaneia. Gr\u00e2ce \u00e0 la magie de la foudre du tome Thoron, il ne rate jamais sa cible !<\/dt>\r\n                        <dd class=\"sec_dd\">\r\n                            <a href=\"https:\/\/guide.fire-emblem-heroes.com\/wp-content\/uploads\/ellerean_mage_of_khadein_pop01.png\" class=\"popup-image\">\r\n                                <img decoding=\"async\" src=\"https:\/\/guide.fire-emblem-heroes.com\/wp-content\/uploads\/ellerean_mage_of_khadein_info01.png\" alt=\"\" \/>\r\n                            <\/a>\r\n                        <\/dd>\r\n                        <dt id=\"CHARA_1017_010\" class=\"sec_dt\">Souhaitant \u00e9tudier \u00e0 l&rsquo;\u00e9cole de magie de Khadein, Arlen est devenu l&rsquo;apprenti du pontife Wendell. \u00c9tudiant s\u00e9rieux et acharn\u00e9, il s&rsquo;est vite distingu\u00e9 sous la tutelle de son ma\u00eetre.<\/dt>\r\n                        <dd class=\"sec_dd\">\r\n                            <a href=\"https:\/\/guide.fire-emblem-heroes.com\/wp-content\/uploads\/ellerean_mage_of_khadein_pop02.png\" class=\"popup-image\">\r\n                                <img decoding=\"async\" src=\"https:\/\/guide.fire-emblem-heroes.com\/wp-content\/uploads\/ellerean_mage_of_khadein_info02.png\" alt=\"\" \/>\r\n                            <\/a>\r\n                        <\/dd>\r\n                        <dt id=\"CHARA_1017_011\" class=\"sec_dt\">Arlen pensait \u00eatre le seul \u00e0 avoir le droit d&rsquo;h\u00e9riter d&rsquo;Excalibur, un tome transmis \u00e0 ceux qui en sont dignes. Mais celui-ci fut donn\u00e9 \u00e0 Merric, devenu apprenti apr\u00e8s lui.<\/dt>\r\n                        <dd class=\"sec_dd\">\r\n                            <a href=\"https:\/\/guide.fire-emblem-heroes.com\/wp-content\/uploads\/ellerean_mage_of_khadein_pop03.png\" class=\"popup-image\">\r\n                                <img decoding=\"async\" src=\"https:\/\/guide.fire-emblem-heroes.com\/wp-content\/uploads\/ellerean_mage_of_khadein_info03.png\" alt=\"\" \/>\r\n                            <\/a>\r\n                        <\/dd>\r\n                        <dt id=\"CHARA_1017_012\" class=\"sec_dt\">Depuis lors, Arlen ressent envers Merric une am\u00e8re jalousie. \u00c7a fait mal \u00e0 Wendell de voir ses \u00e9tudiants dress\u00e9s l&rsquo;un contre l&rsquo;autre, mais que pouvait-il bien faire pour \u00e9viter \u00e7a\u00a0?<\/dt>\r\n                        <dd class=\"sec_dd\">\r\n                            <a href=\"https:\/\/guide.fire-emblem-heroes.com\/wp-content\/uploads\/ellerean_mage_of_khadein_pop04.png\" class=\"popup-image\">\r\n                                <img decoding=\"async\" src=\"https:\/\/guide.fire-emblem-heroes.com\/wp-content\/uploads\/ellerean_mage_of_khadein_info04.png\" alt=\"\" \/>\r\n                            <\/a>\r\n                        <\/dd>\r\n                    <\/dl>\r\n                    <h3 id=\"CHARA_1017_013\" class=\"sec_h3charatxt\">Personnage li\u00e9 \u00e0<\/h3>\r\n                    <h4 id=\"CHARA_1017_014\" class=\"sec_h4charatxt\">Merric<\/h4>\r\n                    <p id=\"CHARA_1017_015\" class=\"sec_charatxt\">Adepte de la magie du vent ayant \u00e9tudi\u00e9 dans la prestigieuse \u00e9cole de magie de Khadein. Ami d&rsquo;enfance de Marth. Apprenti lui aussi, il est arriv\u00e9 apr\u00e8s Arlen.<\/p>\r\n                <\/section>\r\n            <\/article>\r\n        <\/main>","protected":false},"excerpt":{"rendered":"H\u00e9ros Mage de Khadein Arlen Appara\u00eet dans Fire Emblem: Mystery of the Emblem Sharena vous pr\u00e9sente&#8230; Mage de Khadein Arlen Arlen est membre de l&rsquo;arm\u00e9e des mages de Khadein, une ville du continent d&rsquo;Akaneia. Gr\u00e2ce \u00e0 la magie de la foudre du tome Thoron, il ne rate jamais sa cible ! Souhaitant \u00e9tudier \u00e0 l&rsquo;\u00e9cole [&hellip;]","protected":false},"author":1,"featured_media":50265,"comment_status":"closed","ping_status":"closed","sticky":false,"template":"","format":"standard","meta":{"advanced_seo_description":"","jetpack_seo_html_title":"","jetpack_seo_noindex":false,"_jetpack_newsletter_access":"","_jetpack_dont_email_post_to_subs":false,"_jetpack_newsletter_tier_id":0,"_jetpack_memberships_contains_paywalled_content":false,"_locale":"fr_FR","_original_post":"https:\/\/guide.fire-emblem-heroes.com\/?p=50232","_jetpack_memberships_contains_paid_content":false,"footnotes":"","jetpack_publicize_message":"","jetpack_publicize_feature_enabled":true,"jetpack_social_post_already_shared":false,"jetpack_social_options":{"image_generator_settings":{"template":"highway","default_image_id":0,"font":"","enabled":false},"version":2},"_wpas_customize_per_network":false,"jetpack_post_was_ever_published":false},"categories":[1384,1424,1415,1390],"tags":[1419],"class_list":["post-50240","post","type-post","status-publish","format-standard","has-post-thumbnail","hentry","category-character","category-ex_works_mystery_of_the_emblem","category-heroes","category-stay_heroes","tag-heros","fr-FR"],"jetpack_publicize_connections":[],"jetpack_featured_media_url":"https:\/\/guide.fire-emblem-heroes.com\/wp-content\/uploads\/ellerean_mage_of_khadein.png","jetpack_sharing_enabled":false,"jetpack_shortlink":"https:\/\/wp.me\/pa0Mj3-d4k","jetpack_likes_enabled":false,"amp_enabled":false,"_links":{"self":[{"href":"https:\/\/guide.fire-emblem-heroes.com\/wp-json\/wp\/v2\/posts\/50240","targetHints":{"allow":["GET"]}}],"collection":[{"href":"https:\/\/guide.fire-emblem-heroes.com\/wp-json\/wp\/v2\/posts"}],"about":[{"href":"https:\/\/guide.fire-emblem-heroes.com\/wp-json\/wp\/v2\/types\/post"}],"author":[{"embeddable":true,"href":"https:\/\/guide.fire-emblem-heroes.com\/wp-json\/wp\/v2\/users\/1"}],"replies":[{"embeddable":true,"href":"https:\/\/guide.fire-emblem-heroes.com\/wp-json\/wp\/v2\/comments?post=50240"}],"version-history":[{"count":1,"href":"https:\/\/guide.fire-emblem-heroes.com\/wp-json\/wp\/v2\/posts\/50240\/revisions"}],"predecessor-version":[{"id":50250,"href":"https:\/\/guide.fire-emblem-heroes.com\/wp-json\/wp\/v2\/posts\/50240\/revisions\/50250"}],"wp:featuredmedia":[{"embeddable":true,"href":"https:\/\/guide.fire-emblem-heroes.com\/wp-json\/wp\/v2\/media\/50265"}],"wp:attachment":[{"href":"https:\/\/guide.fire-emblem-heroes.com\/wp-json\/wp\/v2\/media?parent=50240"}],"wp:term":[{"taxonomy":"category","embeddable":true,"href":"https:\/\/guide.fire-emblem-heroes.com\/wp-json\/wp\/v2\/categories?post=50240"},{"taxonomy":"post_tag","embeddable":true,"href":"https:\/\/guide.fire-emblem-heroes.com\/wp-json\/wp\/v2\/tags?post=50240"}],"curies":[{"name":"wp","href":"https:\/\/api.w.org\/{rel}","templated":true}]}}