






{"id":50607,"date":"2024-04-03T12:37:25","date_gmt":"2024-04-03T03:37:25","guid":{"rendered":"https:\/\/guide.fire-emblem-heroes.com\/?p=50607"},"modified":"2024-05-07T16:07:29","modified_gmt":"2024-05-07T07:07:29","slug":"10001005001083-2","status":"publish","type":"post","link":"https:\/\/guide.fire-emblem-heroes.com\/fr\/10001005001083-2\/","title":{"rendered":"<span class=\"character_nick\">Ste-Reine d\u00e9vou\u00e9e<\/span><span class=\"character_name\">Emmeryn<\/span>"},"content":{"rendered":"<main id=\"CHARA_1026\" class=\"main_page character\">\r\n            <article>\r\n                <section class=\"sec sec_character\">\r\n                    <ul class=\"sec_ul sec_ul--character slick-box\">\r\n                        <li class=\"sec_li sec_li--character\">\r\n                            <img decoding=\"async\" src=\"https:\/\/guide.fire-emblem-heroes.com\/wp-content\/uploads\/emerina_selfless_exalt_slide01.png\" alt=\"\" \/>\r\n                        <\/li>\r\n                        <li class=\"sec_li sec_li--character\">\r\n                            <img decoding=\"async\" src=\"https:\/\/guide.fire-emblem-heroes.com\/wp-content\/uploads\/emerina_selfless_exalt_slide02.png\" alt=\"\" \/>\r\n                        <\/li>\r\n                        <li class=\"sec_li sec_li--character\">\r\n                            <img decoding=\"async\" src=\"https:\/\/guide.fire-emblem-heroes.com\/wp-content\/uploads\/emerina_selfless_exalt_slide03.png\" alt=\"\" \/>\r\n                        <\/li>\r\n                        <li class=\"sec_li sec_li--character\">\r\n                            <img decoding=\"async\" src=\"https:\/\/guide.fire-emblem-heroes.com\/wp-content\/uploads\/emerina_selfless_exalt_slide04.png\" alt=\"\" \/>\r\n                        <\/li>\r\n                    <\/ul>\r\n                    <div class=\"sec_charainfoarea flex\">\r\n                        <div class=\"sec_gif\"><img loading=\"lazy\" decoding=\"async\" src=\"https:\/\/guide.fire-emblem-heroes.com\/wp-content\/uploads\/emerina_selfless_exalt.png\" alt=\"\" width=\"210\" height=\"190\"\/><\/div>\r\n                        <div class=\"sec_charainfo\">\r\n                            <p id=\"CHARA_1026_002\" class=\"sec_characate sec_characate--special_heroes\">H\u00e9ros sp\u00e9ciaux<\/p>\r\n                            <p id=\"CHARA_1026_003\" class=\"sec_charanick\">Ste-Reine d\u00e9vou\u00e9e<\/p>\r\n                            <p id=\"CHARA_1026_004\" class=\"sec_charaname\">Emmeryn<\/p>\r\n                            <p id=\"CHARA_1026_005\" class=\"sec_charaappearancetxt\">Appara\u00eet dans<\/p>\r\n                            <p id=\"CHARA_1026_006\" class=\"sec_charaappearancetxt\">Fire Emblem: Awakening<\/p>\r\n                        <\/div>\r\n                    <\/div>\r\n                <\/section>\r\n            <\/article>\r\n            <article>\r\n                <section class=\"sec sec_characterarea\">\r\n                    <div class=\"sec_h2chara\">\r\n                        <p id=\"CHARA_1026_007\" class=\"sec_h2charattl\">Sharena vous pr\u00e9sente&#8230;<\/p>\r\n                        <h2 id=\"CHARA_1026_008\" class=\"sec_h2charatxt\">Ste-Reine d\u00e9vou\u00e9e Emmeryn<\/h2>\r\n                    <\/div>\r\n                    <dl class=\"sec_dl flex\">\r\n                        <dt id=\"CHARA_1026_009\" class=\"sec_dt\">Cette jeune fille\u2026 Elle me rappelle quelqu&rsquo;un\u2026 mais&#8230; c&rsquo;est Emmeryn, la Sainte-Reine d&rsquo;Ylisse ! Sauf qu&rsquo;elle est enfant\u00a0!<\/dt>\r\n                        <dd class=\"sec_dd\">\r\n                            <a href=\"https:\/\/guide.fire-emblem-heroes.com\/wp-content\/uploads\/emerina_selfless_exalt_pop01.png\" class=\"popup-image\">\r\n                                <img decoding=\"async\" src=\"https:\/\/guide.fire-emblem-heroes.com\/wp-content\/uploads\/emerina_selfless_exalt_info01.png\" alt=\"\" \/>\r\n                            <\/a>\r\n                        <\/dd>\r\n                        <dt id=\"CHARA_1026_010\" class=\"sec_dt\">Emmeryn remplit ses fonctions au sein de la famille royale depuis longtemps. M\u00eame toute jeune, elle rev\u00eatait des tenues soulignant sa dignit\u00e9 royale !<\/dt>\r\n                        <dd class=\"sec_dd\">\r\n                            <a href=\"https:\/\/guide.fire-emblem-heroes.com\/wp-content\/uploads\/emerina_selfless_exalt_pop02.png\" class=\"popup-image\">\r\n                                <img decoding=\"async\" src=\"https:\/\/guide.fire-emblem-heroes.com\/wp-content\/uploads\/emerina_selfless_exalt_info02.png\" alt=\"\" \/>\r\n                            <\/a>\r\n                        <\/dd>\r\n                        <dt id=\"CHARA_1026_011\" class=\"sec_dt\">En revanche, je ne savais pas qu&rsquo;elle utilisait d\u00e9j\u00e0 un b\u00e2ton \u00e0 l&rsquo;\u00e9poque ! Il ressemble beaucoup \u00e0 celui qu&rsquo;elle porte dans sa version adulte.<\/dt>\r\n                        <dd class=\"sec_dd\">\r\n                            <a href=\"https:\/\/guide.fire-emblem-heroes.com\/wp-content\/uploads\/emerina_selfless_exalt_pop03.png\" class=\"popup-image\">\r\n                                <img decoding=\"async\" src=\"https:\/\/guide.fire-emblem-heroes.com\/wp-content\/uploads\/emerina_selfless_exalt_info03.png\" alt=\"\" \/>\r\n                            <\/a>\r\n                        <\/dd>\r\n                        <dt id=\"CHARA_1026_012\" class=\"sec_dt\">Emmeryn a toujours \u00e9t\u00e9 une Sainte-Reine aimante pour Ylisse. Et on dirait qu&rsquo;elle \u00e9tait d\u00e9j\u00e0 douce et digne lorsqu&rsquo;elle \u00e9tait enfant.<\/dt>\r\n                        <dd class=\"sec_dd\">\r\n                            <a href=\"https:\/\/guide.fire-emblem-heroes.com\/wp-content\/uploads\/emerina_selfless_exalt_pop04.png\" class=\"popup-image\">\r\n                                <img decoding=\"async\" src=\"https:\/\/guide.fire-emblem-heroes.com\/wp-content\/uploads\/emerina_selfless_exalt_info04.png\" alt=\"\" \/>\r\n                            <\/a>\r\n                        <\/dd>\r\n                    <\/dl>\r\n                    <h3 id=\"CHARA_1026_013\" class=\"sec_h3charatxt\">Personnage li\u00e9 \u00e0<\/h3>\r\n                    <h4 id=\"CHARA_1026_014\" class=\"sec_h4charatxt\">Chrom<\/h4>\r\n                    <p id=\"CHARA_1026_015\" class=\"sec_charatxt\">Prince d&rsquo;Ylisse et descendant d&rsquo;un Roi-H\u00e9ros l\u00e9gendaire. Dirige les Veilleurs. Il est le fr\u00e8re cadet d&rsquo;Emmeryn.<\/p>\r\n                    <h4 id=\"CHARA_1026_016\" class=\"sec_h4charatxt\">Lissa<\/h4>\r\n                    <p id=\"CHARA_1026_017\" class=\"sec_charatxt\">Princesse d&rsquo;Ylisse et jeune s\u0153ur d&rsquo;Emmeryn. Tient \u00e0 faire ses preuves.<\/p>\r\n                    <h4 id=\"CHARA_1026_018\" class=\"sec_h4charatxt\">Frederick<\/h4>\r\n                    <p id=\"CHARA_1026_019\" class=\"sec_charatxt\">Chevalier au service de la maison royale d&rsquo;Ylisse et second de Chrom au sein des Veilleurs. Il est au service d&rsquo;Emmeryn.<\/p>\r\n                <\/section>\r\n            <\/article>\r\n        <\/main>","protected":false},"excerpt":{"rendered":"H\u00e9ros sp\u00e9ciaux Ste-Reine d\u00e9vou\u00e9e Emmeryn Appara\u00eet dans Fire Emblem: Awakening Sharena vous pr\u00e9sente&#8230; Ste-Reine d\u00e9vou\u00e9e Emmeryn Cette jeune fille\u2026 Elle me rappelle quelqu&rsquo;un\u2026 mais&#8230; c&rsquo;est Emmeryn, la Sainte-Reine d&rsquo;Ylisse ! Sauf qu&rsquo;elle est enfant\u00a0! Emmeryn remplit ses fonctions au sein de la famille royale depuis longtemps. M\u00eame toute jeune, elle rev\u00eatait des tenues soulignant sa [&hellip;]","protected":false},"author":1,"featured_media":50681,"comment_status":"closed","ping_status":"closed","sticky":false,"template":"","format":"standard","meta":{"advanced_seo_description":"","jetpack_seo_html_title":"","jetpack_seo_noindex":false,"jetpack_post_was_ever_published":false,"_jetpack_newsletter_access":"","_jetpack_dont_email_post_to_subs":false,"_jetpack_newsletter_tier_id":0,"_jetpack_memberships_contains_paywalled_content":false,"_locale":"fr_FR","_original_post":"https:\/\/guide.fire-emblem-heroes.com\/?p=50599","_jetpack_memberships_contains_paid_content":false,"footnotes":"","jetpack_publicize_message":"","jetpack_publicize_feature_enabled":true,"jetpack_social_post_already_shared":false,"jetpack_social_options":{"image_generator_settings":{"template":"highway","default_image_id":0,"font":"","enabled":false},"version":2},"_wpas_customize_per_network":false},"categories":[1384,1431,1405,1390],"tags":[1410],"class_list":["post-50607","post","type-post","status-publish","format-standard","has-post-thumbnail","hentry","category-character","category-ex_works_awakening","category-special_heroes","category-stay_heroes","tag-heros-speciaux","fr-FR"],"jetpack_publicize_connections":[],"jetpack_featured_media_url":"https:\/\/guide.fire-emblem-heroes.com\/wp-content\/uploads\/emerina_selfless_exalt.png","jetpack_sharing_enabled":false,"jetpack_shortlink":"https:\/\/wp.me\/pa0Mj3-daf","jetpack_likes_enabled":false,"amp_enabled":false,"_links":{"self":[{"href":"https:\/\/guide.fire-emblem-heroes.com\/wp-json\/wp\/v2\/posts\/50607","targetHints":{"allow":["GET"]}}],"collection":[{"href":"https:\/\/guide.fire-emblem-heroes.com\/wp-json\/wp\/v2\/posts"}],"about":[{"href":"https:\/\/guide.fire-emblem-heroes.com\/wp-json\/wp\/v2\/types\/post"}],"author":[{"embeddable":true,"href":"https:\/\/guide.fire-emblem-heroes.com\/wp-json\/wp\/v2\/users\/1"}],"replies":[{"embeddable":true,"href":"https:\/\/guide.fire-emblem-heroes.com\/wp-json\/wp\/v2\/comments?post=50607"}],"version-history":[{"count":1,"href":"https:\/\/guide.fire-emblem-heroes.com\/wp-json\/wp\/v2\/posts\/50607\/revisions"}],"predecessor-version":[{"id":50615,"href":"https:\/\/guide.fire-emblem-heroes.com\/wp-json\/wp\/v2\/posts\/50607\/revisions\/50615"}],"wp:featuredmedia":[{"embeddable":true,"href":"https:\/\/guide.fire-emblem-heroes.com\/wp-json\/wp\/v2\/media\/50681"}],"wp:attachment":[{"href":"https:\/\/guide.fire-emblem-heroes.com\/wp-json\/wp\/v2\/media?parent=50607"}],"wp:term":[{"taxonomy":"category","embeddable":true,"href":"https:\/\/guide.fire-emblem-heroes.com\/wp-json\/wp\/v2\/categories?post=50607"},{"taxonomy":"post_tag","embeddable":true,"href":"https:\/\/guide.fire-emblem-heroes.com\/wp-json\/wp\/v2\/tags?post=50607"}],"curies":[{"name":"wp","href":"https:\/\/api.w.org\/{rel}","templated":true}]}}