






{"id":50773,"date":"2024-04-12T12:11:41","date_gmt":"2024-04-12T03:11:41","guid":{"rendered":"https:\/\/guide.fire-emblem-heroes.com\/?p=50773"},"modified":"2024-05-08T16:02:20","modified_gmt":"2024-05-08T07:02:20","slug":"11001003001085-2","status":"publish","type":"post","link":"https:\/\/guide.fire-emblem-heroes.com\/fr\/11001003001085-2\/","title":{"rendered":"<span class=\"character_nick\">\u00c9cho du chant<\/span><span class=\"character_name\">Azura<\/span>"},"content":{"rendered":"<main id=\"CHARA_1028\" class=\"main_page character\">\r\n            <article>\r\n                <section class=\"sec sec_character\">\r\n                    <ul class=\"sec_ul sec_ul--character slick-box\">\r\n                        <li class=\"sec_li sec_li--character\">\r\n                            <img decoding=\"async\" src=\"https:\/\/guide.fire-emblem-heroes.com\/wp-content\/uploads\/aqua_songs_reflection_slide01.png\" alt=\"\" \/>\r\n                        <\/li>\r\n                        <li class=\"sec_li sec_li--character\">\r\n                            <img decoding=\"async\" src=\"https:\/\/guide.fire-emblem-heroes.com\/wp-content\/uploads\/aqua_songs_reflection_slide02.png\" alt=\"\" \/>\r\n                        <\/li>\r\n                        <li class=\"sec_li sec_li--character\">\r\n                            <img decoding=\"async\" src=\"https:\/\/guide.fire-emblem-heroes.com\/wp-content\/uploads\/aqua_songs_reflection_slide03.png\" alt=\"\" \/>\r\n                        <\/li>\r\n                        <li class=\"sec_li sec_li--character\">\r\n                            <img decoding=\"async\" src=\"https:\/\/guide.fire-emblem-heroes.com\/wp-content\/uploads\/aqua_songs_reflection_slide04.png\" alt=\"\" \/>\r\n                        <\/li>\r\n                    <\/ul>\r\n                    <div class=\"sec_charainfoarea flex\">\r\n                        <div class=\"sec_gif\"><img loading=\"lazy\" decoding=\"async\" src=\"https:\/\/guide.fire-emblem-heroes.com\/wp-content\/uploads\/aqua_songs_reflection.png\" alt=\"\" width=\"210\" height=\"190\"\/><\/div>\r\n                        <div class=\"sec_charainfo\">\r\n                            <p id=\"CHARA_1028_002\" class=\"sec_characate sec_characate--attuned_heroes\">H\u00e9ros en symbiose<\/p>\r\n                            <p id=\"CHARA_1028_003\" class=\"sec_charanick\">\u00c9cho du chant<\/p>\r\n                            <p id=\"CHARA_1028_004\" class=\"sec_charaname\">Azura<\/p>\r\n                            <p id=\"CHARA_1028_005\" class=\"sec_charaappearancetxt\">Appara\u00eet dans<\/p>\r\n                            <p id=\"CHARA_1028_006\" class=\"sec_charaappearancetxt\">Fire Emblem Fates<\/p>\r\n                        <\/div>\r\n                    <\/div>\r\n                <\/section>\r\n            <\/article>\r\n            <article>\r\n                <section class=\"sec sec_characterarea\">\r\n                    <div class=\"sec_h2chara\">\r\n                        <p id=\"CHARA_1028_007\" class=\"sec_h2charattl\">Sharena vous pr\u00e9sente&#8230;<\/p>\r\n                        <h2 id=\"CHARA_1028_008\" class=\"sec_h2charatxt\">\u00c9cho du chant Azura<\/h2>\r\n                    <\/div>\r\n                    <dl class=\"sec_dl flex\">\r\n                        <dt id=\"CHARA_1028_009\" class=\"sec_dt\">Azura enchante tout le monde avec ses chants sublimes. Et maintenant, la force de son lien avec Corrin lui octroie un nouveau pouvoir\u00a0!<\/dt>\r\n                        <dd class=\"sec_dd\">\r\n                            <a href=\"https:\/\/guide.fire-emblem-heroes.com\/wp-content\/uploads\/aqua_songs_reflection_pop01.png\" class=\"popup-image\">\r\n                                <img decoding=\"async\" src=\"https:\/\/guide.fire-emblem-heroes.com\/wp-content\/uploads\/aqua_songs_reflection_info01.png\" alt=\"\" \/>\r\n                            <\/a>\r\n                        <\/dd>\r\n                        <dt id=\"CHARA_1028_010\" class=\"sec_dt\">Cette armure noir et blanc rappelle celle de Corrin\u2026 D&rsquo;ailleurs, les cornes qu&rsquo;Azura porte dans les cheveux semblent s&rsquo;inspirer de la forme dragon de Corrin\u00a0!<\/dt>\r\n                        <dd class=\"sec_dd\">\r\n                            <a href=\"https:\/\/guide.fire-emblem-heroes.com\/wp-content\/uploads\/aqua_songs_reflection_pop02.png\" class=\"popup-image\">\r\n                                <img decoding=\"async\" src=\"https:\/\/guide.fire-emblem-heroes.com\/wp-content\/uploads\/aqua_songs_reflection_info02.png\" alt=\"\" \/>\r\n                            <\/a>\r\n                        <\/dd>\r\n                        <dt id=\"CHARA_1028_011\" class=\"sec_dt\">Les similitudes se poursuivent avec la hache port\u00e9e par Azura : regardez le pommeau, vous verrez qu&rsquo;il est identique \u00e0 celui de Yato, la lame divine de Corrin !<\/dt>\r\n                        <dd class=\"sec_dd\">\r\n                            <a href=\"https:\/\/guide.fire-emblem-heroes.com\/wp-content\/uploads\/aqua_songs_reflection_pop03.png\" class=\"popup-image\">\r\n                                <img decoding=\"async\" src=\"https:\/\/guide.fire-emblem-heroes.com\/wp-content\/uploads\/aqua_songs_reflection_info03.png\" alt=\"\" \/>\r\n                            <\/a>\r\n                        <\/dd>\r\n                        <dt id=\"CHARA_1028_012\" class=\"sec_dt\">Le destin d&rsquo;Azura est presque le reflet de celui de Corrin. Je suis s\u00fbre que le lien qui les unit les conduira toutes les deux vers un avenir radieux\u00a0!<\/dt>\r\n                        <dd class=\"sec_dd\">\r\n                            <a href=\"https:\/\/guide.fire-emblem-heroes.com\/wp-content\/uploads\/aqua_songs_reflection_pop04.png\" class=\"popup-image\">\r\n                                <img decoding=\"async\" src=\"https:\/\/guide.fire-emblem-heroes.com\/wp-content\/uploads\/aqua_songs_reflection_info04.png\" alt=\"\" \/>\r\n                            <\/a>\r\n                        <\/dd>\r\n                    <\/dl>\r\n                    <h3 id=\"CHARA_1028_013\" class=\"sec_h3charatxt\">Personnage li\u00e9 \u00e0<\/h3>\r\n                    <h4 id=\"CHARA_1028_014\" class=\"sec_h4charatxt\">Corrin<\/h4>\r\n                    <p id=\"CHARA_1028_015\" class=\"sec_charatxt\">Jeune membre de la famille royale qui a grandi en Nohr apr\u00e8s une naissance en Hoshido, Corrin dut faire un choix entre les deux camps. Ses jeunes ann\u00e9es sont le reflet de celles d&rsquo;Azura.<\/p>\r\n                <\/section>\r\n            <\/article>\r\n        <\/main>","protected":false},"excerpt":{"rendered":"H\u00e9ros en symbiose \u00c9cho du chant Azura Appara\u00eet dans Fire Emblem Fates Sharena vous pr\u00e9sente&#8230; \u00c9cho du chant Azura Azura enchante tout le monde avec ses chants sublimes. Et maintenant, la force de son lien avec Corrin lui octroie un nouveau pouvoir\u00a0! Cette armure noir et blanc rappelle celle de Corrin\u2026 D&rsquo;ailleurs, les cornes qu&rsquo;Azura [&hellip;]","protected":false},"author":1,"featured_media":50883,"comment_status":"closed","ping_status":"closed","sticky":false,"template":"","format":"standard","meta":{"advanced_seo_description":"","jetpack_seo_html_title":"","jetpack_seo_noindex":false,"_jetpack_newsletter_access":"","_jetpack_dont_email_post_to_subs":false,"_jetpack_newsletter_tier_id":0,"_jetpack_memberships_contains_paywalled_content":false,"_locale":"fr_FR","_original_post":"https:\/\/guide.fire-emblem-heroes.com\/?p=50765","_jetpack_memberships_contains_paid_content":false,"footnotes":"","jetpack_publicize_message":"","jetpack_publicize_feature_enabled":true,"jetpack_social_post_already_shared":false,"jetpack_social_options":{"image_generator_settings":{"template":"highway","default_image_id":0,"font":"","enabled":false},"version":2},"_wpas_customize_per_network":false,"jetpack_post_was_ever_published":false},"categories":[1384,1523,1432,1390],"tags":[1521],"class_list":["post-50773","post","type-post","status-publish","format-standard","has-post-thumbnail","hentry","category-character","category-attuned_heroes","category-ex_works_fates","category-stay_heroes","tag-heros-en-symbiose","fr-FR"],"jetpack_publicize_connections":[],"jetpack_featured_media_url":"https:\/\/guide.fire-emblem-heroes.com\/wp-content\/uploads\/aqua_songs_reflection.png","jetpack_sharing_enabled":false,"jetpack_shortlink":"https:\/\/wp.me\/pa0Mj3-dcV","jetpack_likes_enabled":false,"amp_enabled":false,"_links":{"self":[{"href":"https:\/\/guide.fire-emblem-heroes.com\/wp-json\/wp\/v2\/posts\/50773","targetHints":{"allow":["GET"]}}],"collection":[{"href":"https:\/\/guide.fire-emblem-heroes.com\/wp-json\/wp\/v2\/posts"}],"about":[{"href":"https:\/\/guide.fire-emblem-heroes.com\/wp-json\/wp\/v2\/types\/post"}],"author":[{"embeddable":true,"href":"https:\/\/guide.fire-emblem-heroes.com\/wp-json\/wp\/v2\/users\/1"}],"replies":[{"embeddable":true,"href":"https:\/\/guide.fire-emblem-heroes.com\/wp-json\/wp\/v2\/comments?post=50773"}],"version-history":[{"count":1,"href":"https:\/\/guide.fire-emblem-heroes.com\/wp-json\/wp\/v2\/posts\/50773\/revisions"}],"predecessor-version":[{"id":50782,"href":"https:\/\/guide.fire-emblem-heroes.com\/wp-json\/wp\/v2\/posts\/50773\/revisions\/50782"}],"wp:featuredmedia":[{"embeddable":true,"href":"https:\/\/guide.fire-emblem-heroes.com\/wp-json\/wp\/v2\/media\/50883"}],"wp:attachment":[{"href":"https:\/\/guide.fire-emblem-heroes.com\/wp-json\/wp\/v2\/media?parent=50773"}],"wp:term":[{"taxonomy":"category","embeddable":true,"href":"https:\/\/guide.fire-emblem-heroes.com\/wp-json\/wp\/v2\/categories?post=50773"},{"taxonomy":"post_tag","embeddable":true,"href":"https:\/\/guide.fire-emblem-heroes.com\/wp-json\/wp\/v2\/tags?post=50773"}],"curies":[{"name":"wp","href":"https:\/\/api.w.org\/{rel}","templated":true}]}}