






{"id":51024,"date":"2024-04-26T12:47:16","date_gmt":"2024-04-26T03:47:16","guid":{"rendered":"https:\/\/guide.fire-emblem-heroes.com\/?p=51024"},"modified":"2024-04-30T11:53:50","modified_gmt":"2024-04-30T02:53:50","slug":"10069001000117-2","status":"publish","type":"post","link":"https:\/\/guide.fire-emblem-heroes.com\/fr\/10069001000117-2\/","title":{"rendered":"<span class=\"character_nick\">Ste-Reine vernale<\/span><span class=\"character_name\">Lucina<\/span>"},"content":{"rendered":"<main id=\"CHARA_1037\" class=\"main_page character\">\r\n            <article>\r\n                <section class=\"sec sec_character\">\r\n                    <ul class=\"sec_ul sec_ul--character slick-box\">\r\n                        <li class=\"sec_li sec_li--character\">\r\n                            <img decoding=\"async\" src=\"https:\/\/guide.fire-emblem-heroes.com\/wp-content\/uploads\/lucina_spring_exalt_slide01.png\" alt=\"\" \/>\r\n                        <\/li>\r\n                        <li class=\"sec_li sec_li--character\">\r\n                            <img decoding=\"async\" src=\"https:\/\/guide.fire-emblem-heroes.com\/wp-content\/uploads\/lucina_spring_exalt_slide02.png\" alt=\"\" \/>\r\n                        <\/li>\r\n                        <li class=\"sec_li sec_li--character\">\r\n                            <img decoding=\"async\" src=\"https:\/\/guide.fire-emblem-heroes.com\/wp-content\/uploads\/lucina_spring_exalt_slide03.png\" alt=\"\" \/>\r\n                        <\/li>\r\n                        <li class=\"sec_li sec_li--character\">\r\n                            <img decoding=\"async\" src=\"https:\/\/guide.fire-emblem-heroes.com\/wp-content\/uploads\/lucina_spring_exalt_slide04.png\" alt=\"\" \/>\r\n                        <\/li>\r\n                    <\/ul>\r\n                    <div class=\"sec_charainfoarea flex\">\r\n                        <div class=\"sec_gif\"><img loading=\"lazy\" decoding=\"async\" src=\"https:\/\/guide.fire-emblem-heroes.com\/wp-content\/uploads\/lucina_spring_exalt.png\" alt=\"\" width=\"210\" height=\"190\"\/><\/div>\r\n                        <div class=\"sec_charainfo\">\r\n                            <p id=\"CHARA_1037_002\" class=\"sec_characate sec_characate--special_heroes\">H\u00e9ros sp\u00e9ciaux<\/p>\r\n                            <p id=\"CHARA_1037_003\" class=\"sec_charanick\">Ste-Reine vernale<\/p>\r\n                            <p id=\"CHARA_1037_004\" class=\"sec_charaname\">Lucina<\/p>\r\n                            <p id=\"CHARA_1037_005\" class=\"sec_charaappearancetxt\">Appara\u00eet dans<\/p>\r\n                            <p id=\"CHARA_1037_006\" class=\"sec_charaappearancetxt\">Fire Emblem: Awakening<\/p>\r\n                        <\/div>\r\n                    <\/div>\r\n                <\/section>\r\n            <\/article>\r\n            <article>\r\n                <section class=\"sec sec_characterarea\">\r\n                    <div class=\"sec_h2chara\">\r\n                        <p id=\"CHARA_1037_007\" class=\"sec_h2charattl\">Sharena vous pr\u00e9sente&#8230;<\/p>\r\n                        <h2 id=\"CHARA_1037_008\" class=\"sec_h2charatxt\">Ste-Reine vernale Lucina<\/h2>\r\n                    <\/div>\r\n                    <dl class=\"sec_dl flex\">\r\n                        <dt id=\"CHARA_1037_009\" class=\"sec_dt\">Oh\u2026 ce lapin printanier me semble familier\u2026 Oui, c&rsquo;est Lucina, la future Sainte-Reine d&rsquo;Ylisse, qui est venue pour le festival du printemps !<\/dt>\r\n                        <dd class=\"sec_dd\">\r\n                            <a href=\"https:\/\/guide.fire-emblem-heroes.com\/wp-content\/uploads\/lucina_spring_exalt_pop01.png\" class=\"popup-image\">\r\n                                <img decoding=\"async\" src=\"https:\/\/guide.fire-emblem-heroes.com\/wp-content\/uploads\/lucina_spring_exalt_info01.png\" alt=\"\" \/>\r\n                            <\/a>\r\n                        <\/dd>\r\n                        <dt id=\"CHARA_1037_010\" class=\"sec_dt\">C&rsquo;est le bandeau lapin qu&rsquo;elle porte sur la t\u00eate qui m&rsquo;a saut\u00e9 aux yeux en premier, mais la queue-de-pie de sa robe est tout aussi remarquable\u00a0!<\/dt>\r\n                        <dd class=\"sec_dd\">\r\n                            <a href=\"https:\/\/guide.fire-emblem-heroes.com\/wp-content\/uploads\/lucina_spring_exalt_pop02.png\" class=\"popup-image\">\r\n                                <img decoding=\"async\" src=\"https:\/\/guide.fire-emblem-heroes.com\/wp-content\/uploads\/lucina_spring_exalt_info02.png\" alt=\"\" \/>\r\n                            <\/a>\r\n                        <\/dd>\r\n                        <dt id=\"CHARA_1037_011\" class=\"sec_dt\">Pour cette apparition, Lucina a choisi comme arme un \u0153uf d\u00e9cor\u00e9 qui peut lancer des sorts. Il poss\u00e8de aussi des vertus curatives !<\/dt>\r\n                        <dd class=\"sec_dd\">\r\n                            <a href=\"https:\/\/guide.fire-emblem-heroes.com\/wp-content\/uploads\/lucina_spring_exalt_pop03.png\" class=\"popup-image\">\r\n                                <img decoding=\"async\" src=\"https:\/\/guide.fire-emblem-heroes.com\/wp-content\/uploads\/lucina_spring_exalt_info03.png\" alt=\"\" \/>\r\n                            <\/a>\r\n                        <\/dd>\r\n                        <dt id=\"CHARA_1037_012\" class=\"sec_dt\">C&rsquo;est la premi\u00e8re fois que Lucina assiste au festival du printemps. Le doux soleil printanier l&rsquo;endort un peu, mais elle semble profiter de tout ce que cette saison a \u00e0 offrir !<\/dt>\r\n                        <dd class=\"sec_dd\">\r\n                            <a href=\"https:\/\/guide.fire-emblem-heroes.com\/wp-content\/uploads\/lucina_spring_exalt_pop04.png\" class=\"popup-image\">\r\n                                <img decoding=\"async\" src=\"https:\/\/guide.fire-emblem-heroes.com\/wp-content\/uploads\/lucina_spring_exalt_info04.png\" alt=\"\" \/>\r\n                            <\/a>\r\n                        <\/dd>\r\n                    <\/dl>\r\n                    <h3 id=\"CHARA_1037_013\" class=\"sec_h3charatxt\">Personnage li\u00e9 \u00e0<\/h3>\r\n                    <h4 id=\"CHARA_1037_014\" class=\"sec_h4charatxt\">Chrom<\/h4>\r\n                    <p id=\"CHARA_1037_015\" class=\"sec_charatxt\">Prince d&rsquo;Ylisse et descendant d&rsquo;un Roi-H\u00e9ros l\u00e9gendaire. Dirige les Veilleurs. Il est le p\u00e8re de Lucina.<\/p>\r\n                    <h4 id=\"CHARA_1037_016\" class=\"sec_h4charatxt\">Marth<\/h4>\r\n                    <p id=\"CHARA_1037_017\" class=\"sec_charatxt\">Prince du royaume d&rsquo;Altea qui se bat pour sa patrie et ch\u00e9rit ses amis. Il est le l\u00e9gendaire Roi-H\u00e9ros, dont Lucina emprunte le nom quand elle porte son masque.<\/p>\r\n                    <h4 id=\"CHARA_1037_018\" class=\"sec_h4charatxt\">Owain<\/h4>\r\n                    <p id=\"CHARA_1037_019\" class=\"sec_charatxt\">Fils de Lissa. Il a des mani\u00e8res th\u00e9\u00e2trales et aime donner des noms spectaculaires \u00e0 ses armes. Il est le cousin de Lucina.<\/p>\r\n                <\/section>\r\n            <\/article>\r\n        <\/main>","protected":false},"excerpt":{"rendered":"H\u00e9ros sp\u00e9ciaux Ste-Reine vernale Lucina Appara\u00eet dans Fire Emblem: Awakening Sharena vous pr\u00e9sente&#8230; Ste-Reine vernale Lucina Oh\u2026 ce lapin printanier me semble familier\u2026 Oui, c&rsquo;est Lucina, la future Sainte-Reine d&rsquo;Ylisse, qui est venue pour le festival du printemps ! C&rsquo;est le bandeau lapin qu&rsquo;elle porte sur la t\u00eate qui m&rsquo;a saut\u00e9 aux yeux en premier, [&hellip;]","protected":false},"author":1,"featured_media":51109,"comment_status":"closed","ping_status":"closed","sticky":false,"template":"","format":"standard","meta":{"advanced_seo_description":"","jetpack_seo_html_title":"","jetpack_seo_noindex":false,"_jetpack_newsletter_access":"","_jetpack_dont_email_post_to_subs":false,"_jetpack_newsletter_tier_id":0,"_jetpack_memberships_contains_paywalled_content":false,"_locale":"fr_FR","_original_post":"https:\/\/guide.fire-emblem-heroes.com\/?p=51015","_jetpack_memberships_contains_paid_content":false,"footnotes":"","jetpack_publicize_message":"","jetpack_publicize_feature_enabled":true,"jetpack_social_post_already_shared":false,"jetpack_social_options":{"image_generator_settings":{"template":"highway","default_image_id":0,"font":"","enabled":false},"version":2},"_wpas_customize_per_network":false,"jetpack_post_was_ever_published":false},"categories":[1384,1431,1405,1390],"tags":[1410],"class_list":["post-51024","post","type-post","status-publish","format-standard","has-post-thumbnail","hentry","category-character","category-ex_works_awakening","category-special_heroes","category-stay_heroes","tag-heros-speciaux","fr-FR"],"jetpack_publicize_connections":[],"jetpack_featured_media_url":"https:\/\/guide.fire-emblem-heroes.com\/wp-content\/uploads\/lucina_spring_exalt.png","jetpack_sharing_enabled":false,"jetpack_shortlink":"https:\/\/wp.me\/pa0Mj3-dgY","jetpack_likes_enabled":false,"amp_enabled":false,"_links":{"self":[{"href":"https:\/\/guide.fire-emblem-heroes.com\/wp-json\/wp\/v2\/posts\/51024","targetHints":{"allow":["GET"]}}],"collection":[{"href":"https:\/\/guide.fire-emblem-heroes.com\/wp-json\/wp\/v2\/posts"}],"about":[{"href":"https:\/\/guide.fire-emblem-heroes.com\/wp-json\/wp\/v2\/types\/post"}],"author":[{"embeddable":true,"href":"https:\/\/guide.fire-emblem-heroes.com\/wp-json\/wp\/v2\/users\/1"}],"replies":[{"embeddable":true,"href":"https:\/\/guide.fire-emblem-heroes.com\/wp-json\/wp\/v2\/comments?post=51024"}],"version-history":[{"count":1,"href":"https:\/\/guide.fire-emblem-heroes.com\/wp-json\/wp\/v2\/posts\/51024\/revisions"}],"predecessor-version":[{"id":51034,"href":"https:\/\/guide.fire-emblem-heroes.com\/wp-json\/wp\/v2\/posts\/51024\/revisions\/51034"}],"wp:featuredmedia":[{"embeddable":true,"href":"https:\/\/guide.fire-emblem-heroes.com\/wp-json\/wp\/v2\/media\/51109"}],"wp:attachment":[{"href":"https:\/\/guide.fire-emblem-heroes.com\/wp-json\/wp\/v2\/media?parent=51024"}],"wp:term":[{"taxonomy":"category","embeddable":true,"href":"https:\/\/guide.fire-emblem-heroes.com\/wp-json\/wp\/v2\/categories?post=51024"},{"taxonomy":"post_tag","embeddable":true,"href":"https:\/\/guide.fire-emblem-heroes.com\/wp-json\/wp\/v2\/tags?post=51024"}],"curies":[{"name":"wp","href":"https:\/\/api.w.org\/{rel}","templated":true}]}}