






{"id":52291,"date":"2024-06-26T12:20:07","date_gmt":"2024-06-26T03:20:07","guid":{"rendered":"https:\/\/guide.fire-emblem-heroes.com\/?p=52291"},"modified":"2024-07-12T16:00:14","modified_gmt":"2024-07-12T07:00:14","slug":"02002001001112-2","status":"publish","type":"post","link":"https:\/\/guide.fire-emblem-heroes.com\/fr\/02002001001112-2\/","title":{"rendered":"<span class=\"character_nick\">\u00c9chos<\/span><span class=\"character_name\">Celica<\/span>"},"content":{"rendered":"<main id=\"CHARA_1063\" class=\"main_page character\">\r\n            <article>\r\n                <section class=\"sec sec_character\">\r\n                    <ul class=\"sec_ul sec_ul--character slick-box\">\r\n                        <li class=\"sec_li sec_li--character\">\r\n                            <img decoding=\"async\" src=\"https:\/\/guide.fire-emblem-heroes.com\/wp-content\/uploads\/cellica_of_echoes_slide01.png\" alt=\"\" \/>\r\n                        <\/li>\r\n                        <li class=\"sec_li sec_li--character\">\r\n                            <img decoding=\"async\" src=\"https:\/\/guide.fire-emblem-heroes.com\/wp-content\/uploads\/cellica_of_echoes_slide02.png\" alt=\"\" \/>\r\n                        <\/li>\r\n                        <li class=\"sec_li sec_li--character\">\r\n                            <img decoding=\"async\" src=\"https:\/\/guide.fire-emblem-heroes.com\/wp-content\/uploads\/cellica_of_echoes_slide03.png\" alt=\"\" \/>\r\n                        <\/li>\r\n                        <li class=\"sec_li sec_li--character\">\r\n                            <img decoding=\"async\" src=\"https:\/\/guide.fire-emblem-heroes.com\/wp-content\/uploads\/cellica_of_echoes_slide04.png\" alt=\"\" \/>\r\n                        <\/li>\r\n                    <\/ul>\r\n                    <div class=\"sec_charainfoarea flex\">\r\n                        <div class=\"sec_gif\"><img loading=\"lazy\" decoding=\"async\" src=\"https:\/\/guide.fire-emblem-heroes.com\/wp-content\/uploads\/cellica_of_echoes.png\" alt=\"\" width=\"210\" height=\"190\"\/><\/div>\r\n                        <div class=\"sec_charainfo\">\r\n                            <p id=\"CHARA_1063_002\" class=\"sec_characate sec_characate--emblem_heroes\">H\u00e9ros Embl\u00e8me<\/p>\r\n                            <p id=\"CHARA_1063_003\" class=\"sec_charanick\">\u00c9chos<\/p>\r\n                            <p id=\"CHARA_1063_004\" class=\"sec_charaname\">Celica<\/p>\r\n                            <p id=\"CHARA_1063_005\" class=\"sec_charaappearancetxt\">Appara\u00eet dans<\/p>\r\n                            <p id=\"CHARA_1063_006\" class=\"sec_charaappearancetxt\">Fire Emblem Echoes<br \/>Fire Emblem Engage<\/p>\r\n                        <\/div>\r\n                    <\/div>\r\n                <\/section>\r\n            <\/article>\r\n            <article>\r\n                <section class=\"sec sec_characterarea\">\r\n                    <div class=\"sec_h2chara\">\r\n                        <p id=\"CHARA_1063_007\" class=\"sec_h2charattl\">Sharena vous pr\u00e9sente&#8230;<\/p>\r\n                        <h2 id=\"CHARA_1063_008\" class=\"sec_h2charatxt\">\u00c9chos Celica<\/h2>\r\n                    <\/div>\r\n                    <dl class=\"sec_dl flex\">\r\n                        <dt id=\"CHARA_1063_009\" class=\"sec_dt\">Voici l&rsquo;Embl\u00e8me Celica, qui r\u00e9side dans l&rsquo;Anneau de la Tendre Princesse, un art\u00e9fact d&rsquo;Elyos. Comme les autres Embl\u00e8mes, Celica se bat pour la paix en Elyos.<\/dt>\r\n                        <dd class=\"sec_dd\">\r\n                            <a href=\"https:\/\/guide.fire-emblem-heroes.com\/wp-content\/uploads\/cellica_of_echoes_pop01.png\" class=\"popup-image\">\r\n                                <img decoding=\"async\" src=\"https:\/\/guide.fire-emblem-heroes.com\/wp-content\/uploads\/cellica_of_echoes_info01.png\" alt=\"\" \/>\r\n                            <\/a>\r\n                        <\/dd>\r\n                        <dt id=\"CHARA_1063_010\" class=\"sec_dt\">La l\u00e9gende raconte comment Celica a sauv\u00e9 le continent de Valentia d&rsquo;un sort funeste. On parle d&rsquo;elle comme d&rsquo;une personne merveilleuse qui aimait les gens et \u0153uvrait pour la paix.<\/dt>\r\n                        <dd class=\"sec_dd\">\r\n                            <a href=\"https:\/\/guide.fire-emblem-heroes.com\/wp-content\/uploads\/cellica_of_echoes_pop02.png\" class=\"popup-image\">\r\n                                <img decoding=\"async\" src=\"https:\/\/guide.fire-emblem-heroes.com\/wp-content\/uploads\/cellica_of_echoes_info02.png\" alt=\"\" \/>\r\n                            <\/a>\r\n                        <\/dd>\r\n                        <dt id=\"CHARA_1063_011\" class=\"sec_dt\">Mille ans apr\u00e8s la d\u00e9faite de Sombron, Celica a \u00e9t\u00e9 invoqu\u00e9e par Alear, apr\u00e8s le retour du Dragon D\u00e9chu. Elle a ensuite fusionn\u00e9 avec C\u00e9line, la princesse de Firene\u00a0!<\/dt>\r\n                        <dd class=\"sec_dd\">\r\n                            <a href=\"https:\/\/guide.fire-emblem-heroes.com\/wp-content\/uploads\/cellica_of_echoes_pop03.png\" class=\"popup-image\">\r\n                                <img decoding=\"async\" src=\"https:\/\/guide.fire-emblem-heroes.com\/wp-content\/uploads\/cellica_of_echoes_info03.png\" alt=\"\" \/>\r\n                            <\/a>\r\n                        <\/dd>\r\n                        <dt id=\"CHARA_1063_012\" class=\"sec_dt\">Celica a la douceur d&rsquo;une sainte. Je suis s\u00fbre que son c\u0153ur ram\u00e8nera la paix en Elyos.<\/dt>\r\n                        <dd class=\"sec_dd\">\r\n                            <a href=\"https:\/\/guide.fire-emblem-heroes.com\/wp-content\/uploads\/cellica_of_echoes_pop04.png\" class=\"popup-image\">\r\n                                <img decoding=\"async\" src=\"https:\/\/guide.fire-emblem-heroes.com\/wp-content\/uploads\/cellica_of_echoes_info04.png\" alt=\"\" \/>\r\n                            <\/a>\r\n                        <\/dd>\r\n                    <\/dl>\r\n                    <h3 id=\"CHARA_1063_013\" class=\"sec_h3charatxt\">Personnage li\u00e9 \u00e0<\/h3>\r\n                    <h4 id=\"CHARA_1063_014\" class=\"sec_h4charatxt\">Alear<\/h4>\r\n                    <p id=\"CHARA_1063_015\" class=\"sec_charatxt\">A succ\u00e9d\u00e9 au Dragon Divin apr\u00e8s un long sommeil. Invoque Celica et les autres Embl\u00e8mes pour r\u00e9tablir la paix.<\/p>\r\n                    <h4 id=\"CHARA_1063_016\" class=\"sec_h4charatxt\">C\u00e9line<\/h4>\r\n                    <p id=\"CHARA_1063_017\" class=\"sec_charatxt\">S\u0153ur cadette d&rsquo;Alfred et princesse de Firene, royaume gardien de l&rsquo;Anneau d&rsquo;Embl\u00e8me de Celica. Elle a un caract\u00e8re doux et affectionne particuli\u00e8rement le th\u00e9.<\/p>\r\n                <\/section>\r\n            <\/article>\r\n        <\/main>","protected":false},"excerpt":{"rendered":"H\u00e9ros Embl\u00e8me \u00c9chos Celica Appara\u00eet dans Fire Emblem EchoesFire Emblem Engage Sharena vous pr\u00e9sente&#8230; \u00c9chos Celica Voici l&rsquo;Embl\u00e8me Celica, qui r\u00e9side dans l&rsquo;Anneau de la Tendre Princesse, un art\u00e9fact d&rsquo;Elyos. Comme les autres Embl\u00e8mes, Celica se bat pour la paix en Elyos. La l\u00e9gende raconte comment Celica a sauv\u00e9 le continent de Valentia d&rsquo;un sort [&hellip;]","protected":false},"author":1,"featured_media":52460,"comment_status":"closed","ping_status":"closed","sticky":false,"template":"","format":"standard","meta":{"advanced_seo_description":"","jetpack_seo_html_title":"","jetpack_seo_noindex":false,"_jetpack_newsletter_access":"","_jetpack_dont_email_post_to_subs":false,"_jetpack_newsletter_tier_id":0,"_jetpack_memberships_contains_paywalled_content":false,"_locale":"fr_FR","_original_post":"https:\/\/guide.fire-emblem-heroes.com\/?p=52282","_jetpack_memberships_contains_paid_content":false,"footnotes":"","jetpack_publicize_message":"","jetpack_publicize_feature_enabled":true,"jetpack_social_post_already_shared":false,"jetpack_social_options":{"image_generator_settings":{"template":"highway","default_image_id":0,"font":"","enabled":false},"version":2},"_wpas_customize_per_network":false,"jetpack_post_was_ever_published":false},"categories":[1512,1384,1527,1425,1390],"tags":[1531],"class_list":["post-52291","post","type-post","status-publish","format-standard","has-post-thumbnail","hentry","category-ex_works_engage","category-character","category-emblem_heroes","category-ex_works_shadows_of_valentia","category-stay_heroes","tag-heros-embleme","fr-FR"],"jetpack_publicize_connections":[],"jetpack_featured_media_url":"https:\/\/guide.fire-emblem-heroes.com\/wp-content\/uploads\/cellica_of_echoes.png","jetpack_sharing_enabled":false,"jetpack_shortlink":"https:\/\/wp.me\/pa0Mj3-dBp","jetpack_likes_enabled":false,"amp_enabled":false,"_links":{"self":[{"href":"https:\/\/guide.fire-emblem-heroes.com\/wp-json\/wp\/v2\/posts\/52291","targetHints":{"allow":["GET"]}}],"collection":[{"href":"https:\/\/guide.fire-emblem-heroes.com\/wp-json\/wp\/v2\/posts"}],"about":[{"href":"https:\/\/guide.fire-emblem-heroes.com\/wp-json\/wp\/v2\/types\/post"}],"author":[{"embeddable":true,"href":"https:\/\/guide.fire-emblem-heroes.com\/wp-json\/wp\/v2\/users\/1"}],"replies":[{"embeddable":true,"href":"https:\/\/guide.fire-emblem-heroes.com\/wp-json\/wp\/v2\/comments?post=52291"}],"version-history":[{"count":1,"href":"https:\/\/guide.fire-emblem-heroes.com\/wp-json\/wp\/v2\/posts\/52291\/revisions"}],"predecessor-version":[{"id":52297,"href":"https:\/\/guide.fire-emblem-heroes.com\/wp-json\/wp\/v2\/posts\/52291\/revisions\/52297"}],"wp:featuredmedia":[{"embeddable":true,"href":"https:\/\/guide.fire-emblem-heroes.com\/wp-json\/wp\/v2\/media\/52460"}],"wp:attachment":[{"href":"https:\/\/guide.fire-emblem-heroes.com\/wp-json\/wp\/v2\/media?parent=52291"}],"wp:term":[{"taxonomy":"category","embeddable":true,"href":"https:\/\/guide.fire-emblem-heroes.com\/wp-json\/wp\/v2\/categories?post=52291"},{"taxonomy":"post_tag","embeddable":true,"href":"https:\/\/guide.fire-emblem-heroes.com\/wp-json\/wp\/v2\/tags?post=52291"}],"curies":[{"name":"wp","href":"https:\/\/api.w.org\/{rel}","templated":true}]}}