






{"id":52592,"date":"2024-07-03T12:33:12","date_gmt":"2024-07-03T03:33:12","guid":{"rendered":"https:\/\/guide.fire-emblem-heroes.com\/?p=52592"},"modified":"2024-08-05T17:47:02","modified_gmt":"2024-08-05T08:47:02","slug":"14001005001115-2","status":"publish","type":"post","link":"https:\/\/guide.fire-emblem-heroes.com\/fr\/14001005001115-2\/","title":{"rendered":"<span class=\"character_nick\">Admirateur estival<\/span><span class=\"character_name\">Clanne<\/span>"},"content":{"rendered":"<main id=\"CHARA_1070\" class=\"main_page character\">\r\n            <article>\r\n                <section class=\"sec sec_character\">\r\n                    <ul class=\"sec_ul sec_ul--character slick-box\">\r\n                        <li class=\"sec_li sec_li--character\">\r\n                            <img decoding=\"async\" src=\"https:\/\/guide.fire-emblem-heroes.com\/wp-content\/uploads\/clan_summer_fan_slide01.png\" alt=\"\" \/>\r\n                        <\/li>\r\n                        <li class=\"sec_li sec_li--character\">\r\n                            <img decoding=\"async\" src=\"https:\/\/guide.fire-emblem-heroes.com\/wp-content\/uploads\/clan_summer_fan_slide02.png\" alt=\"\" \/>\r\n                        <\/li>\r\n                        <li class=\"sec_li sec_li--character\">\r\n                            <img decoding=\"async\" src=\"https:\/\/guide.fire-emblem-heroes.com\/wp-content\/uploads\/clan_summer_fan_slide03.png\" alt=\"\" \/>\r\n                        <\/li>\r\n                        <li class=\"sec_li sec_li--character\">\r\n                            <img decoding=\"async\" src=\"https:\/\/guide.fire-emblem-heroes.com\/wp-content\/uploads\/clan_summer_fan_slide04.png\" alt=\"\" \/>\r\n                        <\/li>\r\n                    <\/ul>\r\n                    <div class=\"sec_charainfoarea flex\">\r\n                        <div class=\"sec_gif\"><img loading=\"lazy\" decoding=\"async\" src=\"https:\/\/guide.fire-emblem-heroes.com\/wp-content\/uploads\/clan_summer_fan.png\" alt=\"\" width=\"210\" height=\"190\"\/><\/div>\r\n                        <div class=\"sec_charainfo\">\r\n                            <p id=\"CHARA_1070_002\" class=\"sec_characate sec_characate--special_heroes\">H\u00e9ros sp\u00e9ciaux<\/p>\r\n                            <p id=\"CHARA_1070_003\" class=\"sec_charanick\">Admirateur estival<\/p>\r\n                            <p id=\"CHARA_1070_004\" class=\"sec_charaname\">Clanne<\/p>\r\n                            <p id=\"CHARA_1070_005\" class=\"sec_charaappearancetxt\">Appara\u00eet dans<\/p>\r\n                            <p id=\"CHARA_1070_006\" class=\"sec_charaappearancetxt\">Fire Emblem Engage<\/p>\r\n                        <\/div>\r\n                    <\/div>\r\n                <\/section>\r\n            <\/article>\r\n            <article>\r\n                <section class=\"sec sec_characterarea\">\r\n                    <div class=\"sec_h2chara\">\r\n                        <p id=\"CHARA_1070_007\" class=\"sec_h2charattl\">Sharena vous pr\u00e9sente&#8230;<\/p>\r\n                        <h2 id=\"CHARA_1070_008\" class=\"sec_h2charatxt\">Admirateur estival Clanne<\/h2>\r\n                    <\/div>\r\n                    <dl class=\"sec_dl flex\">\r\n                        <dt id=\"CHARA_1070_009\" class=\"sec_dt\">Clanne est un des deux 33e\u00a0gardiens du Dragon qui veillent sur le Dragon Divin sur la terre sainte de Lythos en Elyos. Mais aujourd&rsquo;hui, il entend profiter de la mer scintillante dans sa tenue de plage\u00a0!<\/dt>\r\n                        <dd class=\"sec_dd\">\r\n                            <a href=\"https:\/\/guide.fire-emblem-heroes.com\/wp-content\/uploads\/clan_summer_fan_pop01.png\" class=\"popup-image\">\r\n                                <img decoding=\"async\" src=\"https:\/\/guide.fire-emblem-heroes.com\/wp-content\/uploads\/clan_summer_fan_info01.png\" alt=\"\" \/>\r\n                            <\/a>\r\n                        <\/dd>\r\n                        <dt id=\"CHARA_1070_010\" class=\"sec_dt\">Comment ne pas trouver ce col mignon\u00a0? Et je crois que le bocal \u00e0 sa taille contient du sable et des coquillages qu&rsquo;il a ramass\u00e9s sur la plage. D&rsquo;habitude, il y conserve des l\u00e9gumes marin\u00e9s, non\u00a0?<\/dt>\r\n                        <dd class=\"sec_dd\">\r\n                            <a href=\"https:\/\/guide.fire-emblem-heroes.com\/wp-content\/uploads\/clan_summer_fan_pop02.png\" class=\"popup-image\">\r\n                                <img decoding=\"async\" src=\"https:\/\/guide.fire-emblem-heroes.com\/wp-content\/uploads\/clan_summer_fan_info02.png\" alt=\"\" \/>\r\n                            <\/a>\r\n                        <\/dd>\r\n                        <dt id=\"CHARA_1070_011\" class=\"sec_dt\">Que tient-il\u00a0? Une b\u00eache\u00a0?! Elle peut servir d&rsquo;arme au cas o\u00f9 un malandrin viendrait g\u00e2cher la f\u00eate. Sa poign\u00e9e est d\u00e9cor\u00e9e d&rsquo;un ruban rouge et bleu en r\u00e9f\u00e9rence \u00e0 Alear\u00a0!<\/dt>\r\n                        <dd class=\"sec_dd\">\r\n                            <a href=\"https:\/\/guide.fire-emblem-heroes.com\/wp-content\/uploads\/clan_summer_fan_pop03.png\" class=\"popup-image\">\r\n                                <img decoding=\"async\" src=\"https:\/\/guide.fire-emblem-heroes.com\/wp-content\/uploads\/clan_summer_fan_info03.png\" alt=\"\" \/>\r\n                            <\/a>\r\n                        <\/dd>\r\n                        <dt id=\"CHARA_1070_012\" class=\"sec_dt\">Clanne dit qu&rsquo;Alear m\u00e9rite bien plus notre attention que lui-m\u00eame. Mais je pense qu&rsquo;ils sont tous deux des h\u00e9ros de talent\u00a0!<\/dt>\r\n                        <dd class=\"sec_dd\">\r\n                            <a href=\"https:\/\/guide.fire-emblem-heroes.com\/wp-content\/uploads\/clan_summer_fan_pop04.png\" class=\"popup-image\">\r\n                                <img decoding=\"async\" src=\"https:\/\/guide.fire-emblem-heroes.com\/wp-content\/uploads\/clan_summer_fan_info04.png\" alt=\"\" \/>\r\n                            <\/a>\r\n                        <\/dd>\r\n                    <\/dl>\r\n                    <h3 id=\"CHARA_1070_013\" class=\"sec_h3charatxt\">Personnage li\u00e9 \u00e0<\/h3>\r\n                    <h4 id=\"CHARA_1070_014\" class=\"sec_h4charatxt\">Alear<\/h4>\r\n                    <p id=\"CHARA_1070_015\" class=\"sec_charatxt\">A succ\u00e9d\u00e9 au Dragon Divin apr\u00e8s un long sommeil. Invoque les Embl\u00e8mes pour r\u00e9tablir la paix. Clanne est son serviteur.<\/p>\r\n                    <h4 id=\"CHARA_1070_016\" class=\"sec_h4charatxt\">Framme<\/h4>\r\n                    <p id=\"CHARA_1070_017\" class=\"sec_charatxt\">33e gardienne du Dragon Divin et s\u0153ur jumelle de Clanne.<\/p>\r\n                <\/section>\r\n            <\/article>\r\n        <\/main>","protected":false},"excerpt":{"rendered":"H\u00e9ros sp\u00e9ciaux Admirateur estival Clanne Appara\u00eet dans Fire Emblem Engage Sharena vous pr\u00e9sente&#8230; Admirateur estival Clanne Clanne est un des deux 33e\u00a0gardiens du Dragon qui veillent sur le Dragon Divin sur la terre sainte de Lythos en Elyos. Mais aujourd&rsquo;hui, il entend profiter de la mer scintillante dans sa tenue de plage\u00a0! Comment ne pas [&hellip;]","protected":false},"author":1,"featured_media":52666,"comment_status":"closed","ping_status":"closed","sticky":false,"template":"","format":"standard","meta":{"advanced_seo_description":"","jetpack_seo_html_title":"","jetpack_seo_noindex":false,"_jetpack_newsletter_access":"","_jetpack_dont_email_post_to_subs":false,"_jetpack_newsletter_tier_id":0,"_jetpack_memberships_contains_paywalled_content":false,"_locale":"fr_FR","_original_post":"https:\/\/guide.fire-emblem-heroes.com\/?p=52584","_jetpack_memberships_contains_paid_content":false,"footnotes":"","jetpack_publicize_message":"","jetpack_publicize_feature_enabled":true,"jetpack_social_post_already_shared":false,"jetpack_social_options":{"image_generator_settings":{"template":"highway","default_image_id":0,"font":"","enabled":false},"version":2},"_wpas_customize_per_network":false,"jetpack_post_was_ever_published":false},"categories":[1512,1384,1405,1390],"tags":[1410],"class_list":["post-52592","post","type-post","status-publish","format-standard","has-post-thumbnail","hentry","category-ex_works_engage","category-character","category-special_heroes","category-stay_heroes","tag-heros-speciaux","fr-FR"],"jetpack_publicize_connections":[],"jetpack_featured_media_url":"https:\/\/guide.fire-emblem-heroes.com\/wp-content\/uploads\/clan_summer_fan.png","jetpack_sharing_enabled":false,"jetpack_shortlink":"https:\/\/wp.me\/pa0Mj3-dGg","jetpack_likes_enabled":false,"amp_enabled":false,"_links":{"self":[{"href":"https:\/\/guide.fire-emblem-heroes.com\/wp-json\/wp\/v2\/posts\/52592","targetHints":{"allow":["GET"]}}],"collection":[{"href":"https:\/\/guide.fire-emblem-heroes.com\/wp-json\/wp\/v2\/posts"}],"about":[{"href":"https:\/\/guide.fire-emblem-heroes.com\/wp-json\/wp\/v2\/types\/post"}],"author":[{"embeddable":true,"href":"https:\/\/guide.fire-emblem-heroes.com\/wp-json\/wp\/v2\/users\/1"}],"replies":[{"embeddable":true,"href":"https:\/\/guide.fire-emblem-heroes.com\/wp-json\/wp\/v2\/comments?post=52592"}],"version-history":[{"count":1,"href":"https:\/\/guide.fire-emblem-heroes.com\/wp-json\/wp\/v2\/posts\/52592\/revisions"}],"predecessor-version":[{"id":52602,"href":"https:\/\/guide.fire-emblem-heroes.com\/wp-json\/wp\/v2\/posts\/52592\/revisions\/52602"}],"wp:featuredmedia":[{"embeddable":true,"href":"https:\/\/guide.fire-emblem-heroes.com\/wp-json\/wp\/v2\/media\/52666"}],"wp:attachment":[{"href":"https:\/\/guide.fire-emblem-heroes.com\/wp-json\/wp\/v2\/media?parent=52592"}],"wp:term":[{"taxonomy":"category","embeddable":true,"href":"https:\/\/guide.fire-emblem-heroes.com\/wp-json\/wp\/v2\/categories?post=52592"},{"taxonomy":"post_tag","embeddable":true,"href":"https:\/\/guide.fire-emblem-heroes.com\/wp-json\/wp\/v2\/tags?post=52592"}],"curies":[{"name":"wp","href":"https:\/\/api.w.org\/{rel}","templated":true}]}}