






{"id":53707,"date":"2024-08-28T11:24:03","date_gmt":"2024-08-28T02:24:03","guid":{"rendered":"https:\/\/guide.fire-emblem-heroes.com\/?p=53707"},"modified":"2024-09-13T16:01:43","modified_gmt":"2024-09-13T07:01:43","slug":"12011001001136-2","status":"publish","type":"post","link":"https:\/\/guide.fire-emblem-heroes.com\/fr\/12011001001136-2\/","title":{"rendered":"<span class=\"character_nick\">Ma\u00eetre des lames<\/span><span class=\"character_name\">Shez<\/span>"},"content":{"rendered":"<main id=\"CHARA_1095\" class=\"main_page character\">\r\n            <article>\r\n                <section class=\"sec sec_character\">\r\n                    <ul class=\"sec_ul sec_ul--character slick-box\">\r\n                        <li class=\"sec_li sec_li--character\">\r\n                            <img decoding=\"async\" src=\"https:\/\/guide.fire-emblem-heroes.com\/wp-content\/uploads\/sheds_dual_sword_master_slide01.png\" alt=\"\" \/>\r\n                        <\/li>\r\n                        <li class=\"sec_li sec_li--character\">\r\n                            <img decoding=\"async\" src=\"https:\/\/guide.fire-emblem-heroes.com\/wp-content\/uploads\/sheds_dual_sword_master_slide02.png\" alt=\"\" \/>\r\n                        <\/li>\r\n                        <li class=\"sec_li sec_li--character\">\r\n                            <img decoding=\"async\" src=\"https:\/\/guide.fire-emblem-heroes.com\/wp-content\/uploads\/sheds_dual_sword_master_slide03.png\" alt=\"\" \/>\r\n                        <\/li>\r\n                        <li class=\"sec_li sec_li--character\">\r\n                            <img decoding=\"async\" src=\"https:\/\/guide.fire-emblem-heroes.com\/wp-content\/uploads\/sheds_dual_sword_master_slide04.png\" alt=\"\" \/>\r\n                        <\/li>\r\n                    <\/ul>\r\n                    <div class=\"sec_charainfoarea flex\">\r\n                        <div class=\"sec_gif\"><img loading=\"lazy\" decoding=\"async\" src=\"https:\/\/guide.fire-emblem-heroes.com\/wp-content\/uploads\/sheds_dual_sword_master.png\" alt=\"\" width=\"210\" height=\"190\"\/><\/div>\r\n                        <div class=\"sec_charainfo\">\r\n                            <p id=\"CHARA_1095_002\" class=\"sec_characate sec_characate--legendary_heroes\">H\u00e9ros l\u00e9gendaires<\/p>\r\n                            <p id=\"CHARA_1095_003\" class=\"sec_charanick\">Ma\u00eetre des lames<\/p>\r\n                            <p id=\"CHARA_1095_004\" class=\"sec_charaname\">Shez<\/p>\r\n                            <p id=\"CHARA_1095_005\" class=\"sec_charaappearancetxt\">Appara\u00eet dans<\/p>\r\n                            <p id=\"CHARA_1095_006\" class=\"sec_charaappearancetxt\">Fire Emblem Warriors: Three Hopes<\/p>\r\n                        <\/div>\r\n                    <\/div>\r\n                <\/section>\r\n            <\/article>\r\n            <article>\r\n                <section class=\"sec sec_characterarea\">\r\n                    <div class=\"sec_h2chara\">\r\n                        <p id=\"CHARA_1095_007\" class=\"sec_h2charattl\">Sharena vous pr\u00e9sente&#8230;<\/p>\r\n                        <h2 id=\"CHARA_1095_008\" class=\"sec_h2charatxt\">Ma\u00eetre des lames Shez<\/h2>\r\n                    <\/div>\r\n                    <dl class=\"sec_dl flex\">\r\n                        <dt id=\"CHARA_1095_009\" class=\"sec_dt\">Shez est un mercenaire exp\u00e9riment\u00e9, encha\u00eenant les combats \u00e0 travers le territoire de F\u00f3dlan. Il a re\u00e7u la puissance d&rsquo;un \u00eatre myst\u00e9rieux nomm\u00e9 Arval, ce qui fut pour lui une renaissance.<\/dt>\r\n                        <dd class=\"sec_dd\">\r\n                            <a href=\"https:\/\/guide.fire-emblem-heroes.com\/wp-content\/uploads\/sheds_dual_sword_master_pop01.png\" class=\"popup-image\">\r\n                                <img decoding=\"async\" src=\"https:\/\/guide.fire-emblem-heroes.com\/wp-content\/uploads\/sheds_dual_sword_master_info01.png\" alt=\"\" \/>\r\n                            <\/a>\r\n                        <\/dd>\r\n                        <dt id=\"CHARA_1095_010\" class=\"sec_dt\">Il est arm\u00e9 de deux \u00e9p\u00e9es, dont une \u00e9p\u00e9e myst\u00e9rieuse que lui seul peut porter. Il para\u00eet qu&rsquo;elle dispara\u00eet purement et simplement si elle tombe entre les mains de quelqu&rsquo;un d&rsquo;autre. Et nul ne sait \u00e0 partir de quel mat\u00e9riau elle a \u00e9t\u00e9 forg\u00e9e\u2026 Bizarre\u00a0!<\/dt>\r\n                        <dd class=\"sec_dd\">\r\n                            <a href=\"https:\/\/guide.fire-emblem-heroes.com\/wp-content\/uploads\/sheds_dual_sword_master_pop02.png\" class=\"popup-image\">\r\n                                <img decoding=\"async\" src=\"https:\/\/guide.fire-emblem-heroes.com\/wp-content\/uploads\/sheds_dual_sword_master_info02.png\" alt=\"\" \/>\r\n                            <\/a>\r\n                        <\/dd>\r\n                        <dt id=\"CHARA_1095_011\" class=\"sec_dt\">Aid\u00e9 de ces pouvoirs cach\u00e9s, Shez a triomph\u00e9 maintes fois. Parmi ses ennemis figuraient les forces obscures qui errent dans les tr\u00e9fonds de l&rsquo;histoire de F\u00f3dlan\u00a0!<\/dt>\r\n                        <dd class=\"sec_dd\">\r\n                            <a href=\"https:\/\/guide.fire-emblem-heroes.com\/wp-content\/uploads\/sheds_dual_sword_master_pop03.png\" class=\"popup-image\">\r\n                                <img decoding=\"async\" src=\"https:\/\/guide.fire-emblem-heroes.com\/wp-content\/uploads\/sheds_dual_sword_master_info03.png\" alt=\"\" \/>\r\n                            <\/a>\r\n                        <\/dd>\r\n                        <dt id=\"CHARA_1095_012\" class=\"sec_dt\">Une fois sa puissance r\u00e9v\u00e9l\u00e9e, Shez a rejoint la liste des plus grands guerriers du continent, toutes \u00e9poques confondues. Au service des Gardiens d&rsquo;Askr, je suis certaine qu&rsquo;il nous m\u00e8nera \u00e0 la victoire\u00a0!<\/dt>\r\n                        <dd class=\"sec_dd\">\r\n                            <a href=\"https:\/\/guide.fire-emblem-heroes.com\/wp-content\/uploads\/sheds_dual_sword_master_pop04.png\" class=\"popup-image\">\r\n                                <img decoding=\"async\" src=\"https:\/\/guide.fire-emblem-heroes.com\/wp-content\/uploads\/sheds_dual_sword_master_info04.png\" alt=\"\" \/>\r\n                            <\/a>\r\n                        <\/dd>\r\n                    <\/dl>\r\n                    <h3 id=\"CHARA_1095_013\" class=\"sec_h3charatxt\">Personnage li\u00e9 \u00e0<\/h3>\r\n                    <h4 id=\"CHARA_1095_014\" class=\"sec_h4charatxt\">Byleth<\/h4>\r\n                    <p id=\"CHARA_1095_015\" class=\"sec_charatxt\">Membre du groupe de mercenaires d&rsquo;\u00e9lite de Jeralt. Tristement c\u00e9l\u00e8bre en F\u00f3dlan, Byleth a rapidement acquis une certaine r\u00e9putation. Il est le \u00ab D\u00e9mon Cendr\u00e9 \u00bb qui a jadis failli tuer Shez.<\/p>\r\n                    <h4 id=\"CHARA_1095_016\" class=\"sec_h4charatxt\">Arval<\/h4>\r\n                    <p id=\"CHARA_1095_017\" class=\"sec_charatxt\">\u00catre myst\u00e9rieux dont le plan d&rsquo;existence est \u00e0 la fronti\u00e8re entre le r\u00eave et la r\u00e9alit\u00e9, et qui se pla\u00eet \u00e0 donner des conseils et souhaite offrir son aide \u00e0 Shez.<\/p>\r\n                <\/section>\r\n            <\/article>\r\n        <\/main>","protected":false},"excerpt":{"rendered":"H\u00e9ros l\u00e9gendaires Ma\u00eetre des lames Shez Appara\u00eet dans Fire Emblem Warriors: Three Hopes Sharena vous pr\u00e9sente&#8230; Ma\u00eetre des lames Shez Shez est un mercenaire exp\u00e9riment\u00e9, encha\u00eenant les combats \u00e0 travers le territoire de F\u00f3dlan. Il a re\u00e7u la puissance d&rsquo;un \u00eatre myst\u00e9rieux nomm\u00e9 Arval, ce qui fut pour lui une renaissance. Il est arm\u00e9 de [&hellip;]","protected":false},"author":1,"featured_media":53875,"comment_status":"closed","ping_status":"closed","sticky":false,"template":"","format":"standard","meta":{"advanced_seo_description":"","jetpack_seo_html_title":"","jetpack_seo_noindex":false,"_jetpack_newsletter_access":"","_jetpack_dont_email_post_to_subs":false,"_jetpack_newsletter_tier_id":0,"_jetpack_memberships_contains_paywalled_content":false,"_locale":"fr_FR","_original_post":"https:\/\/guide.fire-emblem-heroes.com\/?p=53697","_jetpack_memberships_contains_paid_content":false,"footnotes":"","jetpack_publicize_message":"","jetpack_publicize_feature_enabled":true,"jetpack_social_post_already_shared":false,"jetpack_social_options":{"image_generator_settings":{"template":"highway","default_image_id":0,"font":"","enabled":false},"version":2},"_wpas_customize_per_network":false,"jetpack_post_was_ever_published":false},"categories":[1384,1495,1390,1388],"tags":[1396],"class_list":["post-53707","post","type-post","status-publish","format-standard","has-post-thumbnail","hentry","category-character","category-ex_works_three_hopes","category-stay_heroes","category-legendary_heroes","tag-heros-legendaires","fr-FR"],"jetpack_publicize_connections":[],"jetpack_featured_media_url":"https:\/\/guide.fire-emblem-heroes.com\/wp-content\/uploads\/sheds_dual_sword_master.png","jetpack_sharing_enabled":false,"jetpack_shortlink":"https:\/\/wp.me\/pa0Mj3-dYf","jetpack_likes_enabled":false,"amp_enabled":false,"_links":{"self":[{"href":"https:\/\/guide.fire-emblem-heroes.com\/wp-json\/wp\/v2\/posts\/53707","targetHints":{"allow":["GET"]}}],"collection":[{"href":"https:\/\/guide.fire-emblem-heroes.com\/wp-json\/wp\/v2\/posts"}],"about":[{"href":"https:\/\/guide.fire-emblem-heroes.com\/wp-json\/wp\/v2\/types\/post"}],"author":[{"embeddable":true,"href":"https:\/\/guide.fire-emblem-heroes.com\/wp-json\/wp\/v2\/users\/1"}],"replies":[{"embeddable":true,"href":"https:\/\/guide.fire-emblem-heroes.com\/wp-json\/wp\/v2\/comments?post=53707"}],"version-history":[{"count":1,"href":"https:\/\/guide.fire-emblem-heroes.com\/wp-json\/wp\/v2\/posts\/53707\/revisions"}],"predecessor-version":[{"id":53721,"href":"https:\/\/guide.fire-emblem-heroes.com\/wp-json\/wp\/v2\/posts\/53707\/revisions\/53721"}],"wp:featuredmedia":[{"embeddable":true,"href":"https:\/\/guide.fire-emblem-heroes.com\/wp-json\/wp\/v2\/media\/53875"}],"wp:attachment":[{"href":"https:\/\/guide.fire-emblem-heroes.com\/wp-json\/wp\/v2\/media?parent=53707"}],"wp:term":[{"taxonomy":"category","embeddable":true,"href":"https:\/\/guide.fire-emblem-heroes.com\/wp-json\/wp\/v2\/categories?post=53707"},{"taxonomy":"post_tag","embeddable":true,"href":"https:\/\/guide.fire-emblem-heroes.com\/wp-json\/wp\/v2\/tags?post=53707"}],"curies":[{"name":"wp","href":"https:\/\/api.w.org\/{rel}","templated":true}]}}