






{"id":54158,"date":"2024-09-13T12:10:00","date_gmt":"2024-09-13T03:10:00","guid":{"rendered":"https:\/\/guide.fire-emblem-heroes.com\/?p=54158"},"modified":"2024-10-04T16:05:25","modified_gmt":"2024-10-04T07:05:25","slug":"14005002001142-2","status":"publish","type":"post","link":"https:\/\/guide.fire-emblem-heroes.com\/fr\/14005002001142-2\/","title":{"rendered":"<span class=\"character_nick\">Guerri\u00e8re de sable<\/span><span class=\"character_name\">Timerra<\/span>"},"content":{"rendered":"<main id=\"CHARA_1105\" class=\"main_page character\">\r\n            <article>\r\n                <section class=\"sec sec_character\">\r\n                    <ul class=\"sec_ul sec_ul--character slick-box\">\r\n                        <li class=\"sec_li sec_li--character\">\r\n                            <img decoding=\"async\" src=\"https:\/\/guide.fire-emblem-heroes.com\/wp-content\/uploads\/misutira_desert_warrior_slide01.png\" alt=\"\" \/>\r\n                        <\/li>\r\n                        <li class=\"sec_li sec_li--character\">\r\n                            <img decoding=\"async\" src=\"https:\/\/guide.fire-emblem-heroes.com\/wp-content\/uploads\/misutira_desert_warrior_slide02.png\" alt=\"\" \/>\r\n                        <\/li>\r\n                        <li class=\"sec_li sec_li--character\">\r\n                            <img decoding=\"async\" src=\"https:\/\/guide.fire-emblem-heroes.com\/wp-content\/uploads\/misutira_desert_warrior_slide03.png\" alt=\"\" \/>\r\n                        <\/li>\r\n                        <li class=\"sec_li sec_li--character\">\r\n                            <img decoding=\"async\" src=\"https:\/\/guide.fire-emblem-heroes.com\/wp-content\/uploads\/misutira_desert_warrior_slide04.png\" alt=\"\" \/>\r\n                        <\/li>\r\n                    <\/ul>\r\n                    <div class=\"sec_charainfoarea flex\">\r\n                        <div class=\"sec_gif\"><img loading=\"lazy\" decoding=\"async\" src=\"https:\/\/guide.fire-emblem-heroes.com\/wp-content\/uploads\/misutira_desert_warrior.png\" alt=\"\" width=\"210\" height=\"190\"\/><\/div>\r\n                        <div class=\"sec_charainfo\">\r\n                            <p id=\"CHARA_1105_002\" class=\"sec_characate sec_characate--attuned_heroes\">H\u00e9ros en symbiose<\/p>\r\n                            <p id=\"CHARA_1105_003\" class=\"sec_charanick\">Guerri\u00e8re de sable<\/p>\r\n                            <p id=\"CHARA_1105_004\" class=\"sec_charaname\">Timerra<\/p>\r\n                            <p id=\"CHARA_1105_005\" class=\"sec_charaappearancetxt\">Appara\u00eet dans<\/p>\r\n                            <p id=\"CHARA_1105_006\" class=\"sec_charaappearancetxt\">Fire Emblem Engage<\/p>\r\n                        <\/div>\r\n                    <\/div>\r\n                <\/section>\r\n            <\/article>\r\n            <article>\r\n                <section class=\"sec sec_characterarea\">\r\n                    <div class=\"sec_h2chara\">\r\n                        <p id=\"CHARA_1105_007\" class=\"sec_h2charattl\">Sharena vous pr\u00e9sente&#8230;<\/p>\r\n                        <h2 id=\"CHARA_1105_008\" class=\"sec_h2charatxt\">Guerri\u00e8re de sable Timerra<\/h2>\r\n                    <\/div>\r\n                    <dl class=\"sec_dl flex\">\r\n                        <dt id=\"CHARA_1105_009\" class=\"sec_dt\">Timerra est l&rsquo;h\u00e9riti\u00e8re de la couronne de Solm en Elyos, arriv\u00e9e en Askr en portant pr\u00e8s de son c\u0153ur le lien avec son fr\u00e8re Fogado.<\/dt>\r\n                        <dd class=\"sec_dd\">\r\n                            <a href=\"https:\/\/guide.fire-emblem-heroes.com\/wp-content\/uploads\/misutira_desert_warrior_pop01.png\" class=\"popup-image\">\r\n                                <img decoding=\"async\" src=\"https:\/\/guide.fire-emblem-heroes.com\/wp-content\/uploads\/misutira_desert_warrior_info01.png\" alt=\"\" \/>\r\n                            <\/a>\r\n                        <\/dd>\r\n                        <dt id=\"CHARA_1105_010\" class=\"sec_dt\">En tant qu&rsquo;h\u00e9riti\u00e8re de Solm, Timerra porte de lourdes responsabilit\u00e9s sur ses \u00e9paules. Mais elle reste un esprit libre, et en tant que membre des Sentinelles de Solm men\u00e9es par Fogado, elle combat contre ceux susceptibles de faire du mal \u00e0 ses sujets.<\/dt>\r\n                        <dd class=\"sec_dd\">\r\n                            <a href=\"https:\/\/guide.fire-emblem-heroes.com\/wp-content\/uploads\/misutira_desert_warrior_pop02.png\" class=\"popup-image\">\r\n                                <img decoding=\"async\" src=\"https:\/\/guide.fire-emblem-heroes.com\/wp-content\/uploads\/misutira_desert_warrior_info02.png\" alt=\"\" \/>\r\n                            <\/a>\r\n                        <\/dd>\r\n                        <dt id=\"CHARA_1105_011\" class=\"sec_dt\">La lance que vous voyez est l&rsquo;arme qu&rsquo;elle a choisie pour cette apparition. Elle est d\u00e9cor\u00e9e de motifs rappelant les accessoires port\u00e9s par Fogado sur la t\u00eate, les \u00e9paules et \u00e0 la taille.<\/dt>\r\n                        <dd class=\"sec_dd\">\r\n                            <a href=\"https:\/\/guide.fire-emblem-heroes.com\/wp-content\/uploads\/misutira_desert_warrior_pop03.png\" class=\"popup-image\">\r\n                                <img decoding=\"async\" src=\"https:\/\/guide.fire-emblem-heroes.com\/wp-content\/uploads\/misutira_desert_warrior_info03.png\" alt=\"\" \/>\r\n                            <\/a>\r\n                        <\/dd>\r\n                        <dt id=\"CHARA_1105_012\" class=\"sec_dt\">Un lien puissant unit Timerra et Fogado. Gr\u00e2ce \u00e0 leurs efforts communs, le royaume de Solm se construit un avenir radieux\u00a0!<\/dt>\r\n                        <dd class=\"sec_dd\">\r\n                            <a href=\"https:\/\/guide.fire-emblem-heroes.com\/wp-content\/uploads\/misutira_desert_warrior_pop04.png\" class=\"popup-image\">\r\n                                <img decoding=\"async\" src=\"https:\/\/guide.fire-emblem-heroes.com\/wp-content\/uploads\/misutira_desert_warrior_info04.png\" alt=\"\" \/>\r\n                            <\/a>\r\n                        <\/dd>\r\n                    <\/dl>\r\n                    <h3 id=\"CHARA_1105_013\" class=\"sec_h3charatxt\">Personnage li\u00e9 \u00e0<\/h3>\r\n                    <h4 id=\"CHARA_1105_014\" class=\"sec_h4charatxt\">Fogado<\/h4>\r\n                    <p id=\"CHARA_1105_015\" class=\"sec_charatxt\">Premier prince de Solm et petit fr\u00e8re de Timerra. Il est tr\u00e8s avenant pour un membre de la royaut\u00e9.<\/p>\r\n                    <h4 id=\"CHARA_1105_016\" class=\"sec_h4charatxt\">Merrin<\/h4>\r\n                    <p id=\"CHARA_1105_017\" class=\"sec_charatxt\">Chevalier de Solm et vassale de la princesse Timerra. C&rsquo;est une femme charmante qui adore les animaux.<\/p>\r\n                    <h4 id=\"CHARA_1105_018\" class=\"sec_h4charatxt\">Panette<\/h4>\r\n                    <p id=\"CHARA_1105_019\" class=\"sec_charatxt\">Guerri\u00e8re de Solm et vassale de Timerra. Son discours affect\u00e9 manque parfois de naturel et peut para\u00eetre excentrique.<\/p>\r\n                <\/section>\r\n            <\/article>\r\n        <\/main>","protected":false},"excerpt":{"rendered":"H\u00e9ros en symbiose Guerri\u00e8re de sable Timerra Appara\u00eet dans Fire Emblem Engage Sharena vous pr\u00e9sente&#8230; Guerri\u00e8re de sable Timerra Timerra est l&rsquo;h\u00e9riti\u00e8re de la couronne de Solm en Elyos, arriv\u00e9e en Askr en portant pr\u00e8s de son c\u0153ur le lien avec son fr\u00e8re Fogado. En tant qu&rsquo;h\u00e9riti\u00e8re de Solm, Timerra porte de lourdes responsabilit\u00e9s sur [&hellip;]","protected":false},"author":1,"featured_media":54405,"comment_status":"closed","ping_status":"closed","sticky":false,"template":"","format":"standard","meta":{"advanced_seo_description":"","jetpack_seo_html_title":"","jetpack_seo_noindex":false,"_jetpack_newsletter_access":"","_jetpack_dont_email_post_to_subs":false,"_jetpack_newsletter_tier_id":0,"_jetpack_memberships_contains_paywalled_content":false,"_locale":"fr_FR","_original_post":"https:\/\/guide.fire-emblem-heroes.com\/?p=54150","_jetpack_memberships_contains_paid_content":false,"footnotes":"","jetpack_publicize_message":"","jetpack_publicize_feature_enabled":true,"jetpack_social_post_already_shared":false,"jetpack_social_options":{"image_generator_settings":{"template":"highway","default_image_id":0,"font":"","enabled":false},"version":2},"_wpas_customize_per_network":false,"jetpack_post_was_ever_published":false},"categories":[1512,1384,1523,1390],"tags":[1521],"class_list":["post-54158","post","type-post","status-publish","format-standard","has-post-thumbnail","hentry","category-ex_works_engage","category-character","category-attuned_heroes","category-stay_heroes","tag-heros-en-symbiose","fr-FR"],"jetpack_publicize_connections":[],"jetpack_featured_media_url":"https:\/\/guide.fire-emblem-heroes.com\/wp-content\/uploads\/misutira_desert_warrior.png","jetpack_sharing_enabled":false,"jetpack_shortlink":"https:\/\/wp.me\/pa0Mj3-e5w","jetpack_likes_enabled":false,"amp_enabled":false,"_links":{"self":[{"href":"https:\/\/guide.fire-emblem-heroes.com\/wp-json\/wp\/v2\/posts\/54158","targetHints":{"allow":["GET"]}}],"collection":[{"href":"https:\/\/guide.fire-emblem-heroes.com\/wp-json\/wp\/v2\/posts"}],"about":[{"href":"https:\/\/guide.fire-emblem-heroes.com\/wp-json\/wp\/v2\/types\/post"}],"author":[{"embeddable":true,"href":"https:\/\/guide.fire-emblem-heroes.com\/wp-json\/wp\/v2\/users\/1"}],"replies":[{"embeddable":true,"href":"https:\/\/guide.fire-emblem-heroes.com\/wp-json\/wp\/v2\/comments?post=54158"}],"version-history":[{"count":1,"href":"https:\/\/guide.fire-emblem-heroes.com\/wp-json\/wp\/v2\/posts\/54158\/revisions"}],"predecessor-version":[{"id":54168,"href":"https:\/\/guide.fire-emblem-heroes.com\/wp-json\/wp\/v2\/posts\/54158\/revisions\/54168"}],"wp:featuredmedia":[{"embeddable":true,"href":"https:\/\/guide.fire-emblem-heroes.com\/wp-json\/wp\/v2\/media\/54405"}],"wp:attachment":[{"href":"https:\/\/guide.fire-emblem-heroes.com\/wp-json\/wp\/v2\/media?parent=54158"}],"wp:term":[{"taxonomy":"category","embeddable":true,"href":"https:\/\/guide.fire-emblem-heroes.com\/wp-json\/wp\/v2\/categories?post=54158"},{"taxonomy":"post_tag","embeddable":true,"href":"https:\/\/guide.fire-emblem-heroes.com\/wp-json\/wp\/v2\/tags?post=54158"}],"curies":[{"name":"wp","href":"https:\/\/api.w.org\/{rel}","templated":true}]}}