






{"id":55499,"date":"2024-11-01T13:12:30","date_gmt":"2024-11-01T04:12:30","guid":{"rendered":"https:\/\/guide.fire-emblem-heroes.com\/?p=55499"},"modified":"2024-11-18T16:03:47","modified_gmt":"2024-11-18T07:03:47","slug":"10069011001165-2","status":"publish","type":"post","link":"https:\/\/guide.fire-emblem-heroes.com\/fr\/10069011001165-2\/","title":{"rendered":"<span class=\"character_nick\">Habilet\u00e9 modeste<\/span><span class=\"character_name\">Noire<\/span>"},"content":{"rendered":"<main id=\"CHARA_1137\" class=\"main_page character\">\r\n            <article>\r\n                <section class=\"sec sec_character\">\r\n                    <ul class=\"sec_ul sec_ul--character slick-box\">\r\n                        <li class=\"sec_li sec_li--character\">\r\n                            <img decoding=\"async\" src=\"https:\/\/guide.fire-emblem-heroes.com\/wp-content\/uploads\/noir_demurely_deft_slide01.png\" alt=\"\" \/>\r\n                        <\/li>\r\n                        <li class=\"sec_li sec_li--character\">\r\n                            <img decoding=\"async\" src=\"https:\/\/guide.fire-emblem-heroes.com\/wp-content\/uploads\/noir_demurely_deft_slide02.png\" alt=\"\" \/>\r\n                        <\/li>\r\n                        <li class=\"sec_li sec_li--character\">\r\n                            <img decoding=\"async\" src=\"https:\/\/guide.fire-emblem-heroes.com\/wp-content\/uploads\/noir_demurely_deft_slide03.png\" alt=\"\" \/>\r\n                        <\/li>\r\n                        <li class=\"sec_li sec_li--character\">\r\n                            <img decoding=\"async\" src=\"https:\/\/guide.fire-emblem-heroes.com\/wp-content\/uploads\/noir_demurely_deft_slide04.png\" alt=\"\" \/>\r\n                        <\/li>\r\n                    <\/ul>\r\n                    <div class=\"sec_charainfoarea flex\">\r\n                        <div class=\"sec_gif\"><img loading=\"lazy\" decoding=\"async\" src=\"https:\/\/guide.fire-emblem-heroes.com\/wp-content\/uploads\/noir_demurely_deft.png\" alt=\"\" width=\"210\" height=\"190\"\/><\/div>\r\n                        <div class=\"sec_charainfo\">\r\n                            <p id=\"CHARA_1137_002\" class=\"sec_characate sec_characate--special_heroes\">H\u00e9ros sp\u00e9ciaux<\/p>\r\n                            <p id=\"CHARA_1137_003\" class=\"sec_charanick\">Habilet\u00e9 modeste<\/p>\r\n                            <p id=\"CHARA_1137_004\" class=\"sec_charaname\">Noire<\/p>\r\n                            <p id=\"CHARA_1137_005\" class=\"sec_charaappearancetxt\">Appara\u00eet dans<\/p>\r\n                            <p id=\"CHARA_1137_006\" class=\"sec_charaappearancetxt\">Fire Emblem: Awakening<\/p>\r\n                        <\/div>\r\n                    <\/div>\r\n                <\/section>\r\n            <\/article>\r\n            <article>\r\n                <section class=\"sec sec_characterarea\">\r\n                    <div class=\"sec_h2chara\">\r\n                        <p id=\"CHARA_1137_007\" class=\"sec_h2charattl\">Sharena vous pr\u00e9sente\u2026<\/p>\r\n                        <h2 id=\"CHARA_1137_008\" class=\"sec_h2charatxt\">Habilet\u00e9 modeste Noire<\/h2>\r\n                    <\/div>\r\n                    <dl class=\"sec_dl flex\">\r\n                        <dt id=\"CHARA_1137_009\" class=\"sec_dt\">Noire est venue \u00e0 Ylisse d&rsquo;un monde futur. Elle est la fille de Tharja et se joint \u00e0 nous pour le festival des ninjas.<\/dt>\r\n                        <dd class=\"sec_dd\">\r\n                            <a href=\"https:\/\/guide.fire-emblem-heroes.com\/wp-content\/uploads\/noir_demurely_deft_pop01.png\" class=\"popup-image\">\r\n                                <img decoding=\"async\" src=\"https:\/\/guide.fire-emblem-heroes.com\/wp-content\/uploads\/noir_demurely_deft_info01.png\" alt=\"\" \/>\r\n                            <\/a>\r\n                        <\/dd>\r\n                        <dt id=\"CHARA_1137_010\" class=\"sec_dt\">Pour sa tenue, elle est partie de son style habituel pour aboutir \u00e0 un costume l\u00e9ger de ninja. Et pour parfaire ce look, une lame visiblement ac\u00e9r\u00e9e est attach\u00e9e au gantelet \u00e0 son bras gauche\u00a0!<\/dt>\r\n                        <dd class=\"sec_dd\">\r\n                            <a href=\"https:\/\/guide.fire-emblem-heroes.com\/wp-content\/uploads\/noir_demurely_deft_pop02.png\" class=\"popup-image\">\r\n                                <img decoding=\"async\" src=\"https:\/\/guide.fire-emblem-heroes.com\/wp-content\/uploads\/noir_demurely_deft_info02.png\" alt=\"\" \/>\r\n                            <\/a>\r\n                        <\/dd>\r\n                        <dt id=\"CHARA_1137_011\" class=\"sec_dt\">Mais son arme principale reste ce shuriken \u00e9tonnamment surdimensionn\u00e9. Quand elle le lance sur sa cible, il provoque des tourbillons sur son passage !<\/dt>\r\n                        <dd class=\"sec_dd\">\r\n                            <a href=\"https:\/\/guide.fire-emblem-heroes.com\/wp-content\/uploads\/noir_demurely_deft_pop03.png\" class=\"popup-image\">\r\n                                <img decoding=\"async\" src=\"https:\/\/guide.fire-emblem-heroes.com\/wp-content\/uploads\/noir_demurely_deft_info03.png\" alt=\"\" \/>\r\n                            <\/a>\r\n                        <\/dd>\r\n                        <dt id=\"CHARA_1137_012\" class=\"sec_dt\">Calme et r\u00e9serv\u00e9e, Noire change totalement de caract\u00e8re quand elle perd son calme, pour devenir t\u00e9m\u00e9raire et audacieuse. En tant que ninja, elle doit \u00eatre dou\u00e9e aussi bien pour les missions d&rsquo;infiltration que pour les duels en face \u00e0 face avec des chefs ennemis.<\/dt>\r\n                        <dd class=\"sec_dd\">\r\n                            <a href=\"https:\/\/guide.fire-emblem-heroes.com\/wp-content\/uploads\/noir_demurely_deft_pop04.png\" class=\"popup-image\">\r\n                                <img decoding=\"async\" src=\"https:\/\/guide.fire-emblem-heroes.com\/wp-content\/uploads\/noir_demurely_deft_info04.png\" alt=\"\" \/>\r\n                            <\/a>\r\n                        <\/dd>\r\n                    <\/dl>\r\n                    <h3 id=\"CHARA_1137_013\" class=\"sec_h3charatxt\">Personnage li\u00e9 \u00e0<\/h3>\r\n                    <h4 id=\"CHARA_1137_014\" class=\"sec_h4charatxt\">Tharja<\/h4>\r\n                    <p id=\"CHARA_1137_015\" class=\"sec_charatxt\">Mage de Plegia. Sinistre et de nature possessive, surtout vis-\u00e0-vis de Daraen. M\u00e8re de Noire.<\/p>\r\n                <\/section>\r\n            <\/article>\r\n        <\/main>","protected":false},"excerpt":{"rendered":"H\u00e9ros sp\u00e9ciaux Habilet\u00e9 modeste Noire Appara\u00eet dans Fire Emblem: Awakening Sharena vous pr\u00e9sente\u2026 Habilet\u00e9 modeste Noire Noire est venue \u00e0 Ylisse d&rsquo;un monde futur. Elle est la fille de Tharja et se joint \u00e0 nous pour le festival des ninjas. Pour sa tenue, elle est partie de son style habituel pour aboutir \u00e0 un costume [&hellip;]","protected":false},"author":1,"featured_media":55570,"comment_status":"closed","ping_status":"closed","sticky":false,"template":"","format":"standard","meta":{"advanced_seo_description":"","jetpack_seo_html_title":"","jetpack_seo_noindex":false,"_jetpack_newsletter_access":"","_jetpack_dont_email_post_to_subs":false,"_jetpack_newsletter_tier_id":0,"_jetpack_memberships_contains_paywalled_content":false,"_locale":"fr_FR","_original_post":"https:\/\/guide.fire-emblem-heroes.com\/?p=55491","_jetpack_memberships_contains_paid_content":false,"footnotes":"","jetpack_publicize_message":"","jetpack_publicize_feature_enabled":true,"jetpack_social_post_already_shared":false,"jetpack_social_options":{"image_generator_settings":{"template":"highway","default_image_id":0,"font":"","enabled":false},"version":2},"_wpas_customize_per_network":false,"jetpack_post_was_ever_published":false},"categories":[1384,1431,1405,1390],"tags":[1410],"class_list":["post-55499","post","type-post","status-publish","format-standard","has-post-thumbnail","hentry","category-character","category-ex_works_awakening","category-special_heroes","category-stay_heroes","tag-heros-speciaux","fr-FR"],"jetpack_publicize_connections":[],"jetpack_featured_media_url":"https:\/\/guide.fire-emblem-heroes.com\/wp-content\/uploads\/noir_demurely_deft.png","jetpack_sharing_enabled":false,"jetpack_shortlink":"https:\/\/wp.me\/pa0Mj3-er9","jetpack_likes_enabled":false,"amp_enabled":false,"_links":{"self":[{"href":"https:\/\/guide.fire-emblem-heroes.com\/wp-json\/wp\/v2\/posts\/55499","targetHints":{"allow":["GET"]}}],"collection":[{"href":"https:\/\/guide.fire-emblem-heroes.com\/wp-json\/wp\/v2\/posts"}],"about":[{"href":"https:\/\/guide.fire-emblem-heroes.com\/wp-json\/wp\/v2\/types\/post"}],"author":[{"embeddable":true,"href":"https:\/\/guide.fire-emblem-heroes.com\/wp-json\/wp\/v2\/users\/1"}],"replies":[{"embeddable":true,"href":"https:\/\/guide.fire-emblem-heroes.com\/wp-json\/wp\/v2\/comments?post=55499"}],"version-history":[{"count":1,"href":"https:\/\/guide.fire-emblem-heroes.com\/wp-json\/wp\/v2\/posts\/55499\/revisions"}],"predecessor-version":[{"id":55510,"href":"https:\/\/guide.fire-emblem-heroes.com\/wp-json\/wp\/v2\/posts\/55499\/revisions\/55510"}],"wp:featuredmedia":[{"embeddable":true,"href":"https:\/\/guide.fire-emblem-heroes.com\/wp-json\/wp\/v2\/media\/55570"}],"wp:attachment":[{"href":"https:\/\/guide.fire-emblem-heroes.com\/wp-json\/wp\/v2\/media?parent=55499"}],"wp:term":[{"taxonomy":"category","embeddable":true,"href":"https:\/\/guide.fire-emblem-heroes.com\/wp-json\/wp\/v2\/categories?post=55499"},{"taxonomy":"post_tag","embeddable":true,"href":"https:\/\/guide.fire-emblem-heroes.com\/wp-json\/wp\/v2\/tags?post=55499"}],"curies":[{"name":"wp","href":"https:\/\/api.w.org\/{rel}","templated":true}]}}