






{"id":56491,"date":"2024-12-11T12:40:23","date_gmt":"2024-12-11T03:40:23","guid":{"rendered":"https:\/\/guide.fire-emblem-heroes.com\/?p=56491"},"modified":"2025-01-14T16:03:29","modified_gmt":"2025-01-14T07:03:29","slug":"07009009001183-2","status":"publish","type":"post","link":"https:\/\/guide.fire-emblem-heroes.com\/fr\/07009009001183-2\/","title":{"rendered":"<span class=\"character_nick\">Ombre de la nuit<\/span><span class=\"character_name\">Fomortiis<\/span>"},"content":{"rendered":"<main id=\"CHARA_1159\" class=\"main_page character\">\r\n            <article>\r\n                <section class=\"sec sec_character\">\r\n                    <ul class=\"sec_ul sec_ul--character slick-box\">\r\n                        <li class=\"sec_li sec_li--character\">\r\n                            <img decoding=\"async\" src=\"https:\/\/guide.fire-emblem-heroes.com\/wp-content\/uploads\/fodes_dark_of_night_slide01.png\" alt=\"\" \/>\r\n                        <\/li>\r\n                        <li class=\"sec_li sec_li--character\">\r\n                            <img decoding=\"async\" src=\"https:\/\/guide.fire-emblem-heroes.com\/wp-content\/uploads\/fodes_dark_of_night_slide02.png\" alt=\"\" \/>\r\n                        <\/li>\r\n                        <li class=\"sec_li sec_li--character\">\r\n                            <img decoding=\"async\" src=\"https:\/\/guide.fire-emblem-heroes.com\/wp-content\/uploads\/fodes_dark_of_night_slide03.png\" alt=\"\" \/>\r\n                        <\/li>\r\n                        <li class=\"sec_li sec_li--character\">\r\n                            <img decoding=\"async\" src=\"https:\/\/guide.fire-emblem-heroes.com\/wp-content\/uploads\/fodes_dark_of_night_slide04.png\" alt=\"\" \/>\r\n                        <\/li>\r\n                    <\/ul>\r\n                    <div class=\"sec_charainfoarea flex\">\r\n                        <div class=\"sec_gif\"><img loading=\"lazy\" decoding=\"async\" src=\"https:\/\/guide.fire-emblem-heroes.com\/wp-content\/uploads\/fodes_dark_of_night.png\" alt=\"\" width=\"210\" height=\"190\"\/><\/div>\r\n                        <div class=\"sec_charainfo\">\r\n                            <p id=\"CHARA_1159_002\" class=\"sec_characate sec_characate--special_heroes\">H\u00e9ros sp\u00e9ciaux<\/p>\r\n                            <p id=\"CHARA_1159_003\" class=\"sec_charanick\">Ombre de la nuit<\/p>\r\n                            <p id=\"CHARA_1159_004\" class=\"sec_charaname\">Fomortiis<\/p>\r\n                            <p id=\"CHARA_1159_005\" class=\"sec_charaappearancetxt\">Appara\u00eet dans<\/p>\r\n                            <p id=\"CHARA_1159_006\" class=\"sec_charaappearancetxt\">Fire Emblem: The Sacred Stones<\/p>\r\n                        <\/div>\r\n                    <\/div>\r\n                <\/section>\r\n            <\/article>\r\n            <article>\r\n                <section class=\"sec sec_characterarea\">\r\n                    <div class=\"sec_h2chara\">\r\n                        <p id=\"CHARA_1159_007\" class=\"sec_h2charattl\">Sharena vous pr\u00e9sente\u2026<\/p>\r\n                        <h2 id=\"CHARA_1159_008\" class=\"sec_h2charatxt\">Ombre de la nuit Fomortiis<\/h2>\r\n                    <\/div>\r\n                    <dl class=\"sec_dl flex\">\r\n                        <dt id=\"CHARA_1159_009\" class=\"sec_dt\">Fomortiis, le Roi-d\u00e9mon, a jadis recouvert le continent de Magvel d&rsquo;une ombre de terreur et de d\u00e9sespoir. Mais aujourd&rsquo;hui, il participe au festival de l&rsquo;hiver avec Lyon, le prince de Grado, qui est sous son contr\u00f4le\u00a0!<\/dt>\r\n                        <dd class=\"sec_dd\">\r\n                            <a href=\"https:\/\/guide.fire-emblem-heroes.com\/wp-content\/uploads\/fodes_dark_of_night_pop01.png\" class=\"popup-image\">\r\n                                <img decoding=\"async\" src=\"https:\/\/guide.fire-emblem-heroes.com\/wp-content\/uploads\/fodes_dark_of_night_info01.png\" alt=\"\" \/>\r\n                            <\/a>\r\n                        <\/dd>\r\n                        <dt id=\"CHARA_1159_010\" class=\"sec_dt\">Le Roi-d\u00e9mon est si imposant qu&rsquo;il faut lever les yeux pour bien le voir. Et si vous avez les nerfs d&rsquo;acier n\u00e9cessaires pour faire cela, vous verrez qu&rsquo;il porte autour du cou une \u00e9charpe visiblement bien douillette.<\/dt>\r\n                        <dd class=\"sec_dd\">\r\n                            <a href=\"https:\/\/guide.fire-emblem-heroes.com\/wp-content\/uploads\/fodes_dark_of_night_pop02.png\" class=\"popup-image\">\r\n                                <img decoding=\"async\" src=\"https:\/\/guide.fire-emblem-heroes.com\/wp-content\/uploads\/fodes_dark_of_night_info02.png\" alt=\"\" \/>\r\n                            <\/a>\r\n                        <\/dd>\r\n                        <dt id=\"CHARA_1159_011\" class=\"sec_dt\">Et bien que Lyon soit soumis aux volont\u00e9s de Fomortiis, il porte un costume rouge festif pour le festival de l&rsquo;hiver\u00a0!<\/dt>\r\n                        <dd class=\"sec_dd\">\r\n                            <a href=\"https:\/\/guide.fire-emblem-heroes.com\/wp-content\/uploads\/fodes_dark_of_night_pop03.png\" class=\"popup-image\">\r\n                                <img decoding=\"async\" src=\"https:\/\/guide.fire-emblem-heroes.com\/wp-content\/uploads\/fodes_dark_of_night_info03.png\" alt=\"\" \/>\r\n                            <\/a>\r\n                        <\/dd>\r\n                        <dt id=\"CHARA_1159_012\" class=\"sec_dt\">Je ne sais pas trop ce qu&rsquo;ils font ici, mais\u2026 ils semblent avoir beaucoup de succ\u00e8s aupr\u00e8s des enfants. Et ils ont l&rsquo;air d&rsquo;y prendre du plaisir\u00a0!<\/dt>\r\n                        <dd class=\"sec_dd\">\r\n                            <a href=\"https:\/\/guide.fire-emblem-heroes.com\/wp-content\/uploads\/fodes_dark_of_night_pop04.png\" class=\"popup-image\">\r\n                                <img decoding=\"async\" src=\"https:\/\/guide.fire-emblem-heroes.com\/wp-content\/uploads\/fodes_dark_of_night_info04.png\" alt=\"\" \/>\r\n                            <\/a>\r\n                        <\/dd>\r\n                    <\/dl>\r\n                    <h3 id=\"CHARA_1159_013\" class=\"sec_h3charatxt\">Personnage li\u00e9 \u00e0<\/h3>\r\n                    <h4 id=\"CHARA_1159_014\" class=\"sec_h4charatxt\">Lyon<\/h4>\r\n                    <p id=\"CHARA_1159_015\" class=\"sec_charatxt\">Prince de Grado et ami d&rsquo;enfance d&rsquo;Ephraim et Eirika. N&rsquo;aime pas se battre. Fomortiis prend le contr\u00f4le de son esprit.<\/p>\r\n                    <h4 id=\"CHARA_1159_016\" class=\"sec_h4charatxt\">Myrrh<\/h4>\r\n                    <p id=\"CHARA_1159_017\" class=\"sec_charatxt\">Manakete bien plus \u00e2g\u00e9e qu&rsquo;il n&rsquo;y para\u00eet. Elle est timide, mais curieusement attach\u00e9e \u00e0 Ephraim. C&rsquo;est une survivante des Manaketes qui ont combattu Fomortiis, il y a bien longtemps.<\/p>\r\n                <\/section>\r\n            <\/article>\r\n        <\/main>","protected":false},"excerpt":{"rendered":"H\u00e9ros sp\u00e9ciaux Ombre de la nuit Fomortiis Appara\u00eet dans Fire Emblem: The Sacred Stones Sharena vous pr\u00e9sente\u2026 Ombre de la nuit Fomortiis Fomortiis, le Roi-d\u00e9mon, a jadis recouvert le continent de Magvel d&rsquo;une ombre de terreur et de d\u00e9sespoir. Mais aujourd&rsquo;hui, il participe au festival de l&rsquo;hiver avec Lyon, le prince de Grado, qui est [&hellip;]","protected":false},"author":1,"featured_media":56551,"comment_status":"closed","ping_status":"closed","sticky":false,"template":"","format":"standard","meta":{"advanced_seo_description":"","jetpack_seo_html_title":"","jetpack_seo_noindex":false,"_jetpack_newsletter_access":"","_jetpack_dont_email_post_to_subs":false,"_jetpack_newsletter_tier_id":0,"_jetpack_memberships_contains_paywalled_content":false,"_locale":"fr_FR","_original_post":"https:\/\/guide.fire-emblem-heroes.com\/?p=56482","_jetpack_memberships_contains_paid_content":false,"footnotes":"","jetpack_publicize_message":"","jetpack_publicize_feature_enabled":true,"jetpack_social_post_already_shared":false,"jetpack_social_options":{"image_generator_settings":{"template":"highway","default_image_id":0,"font":"","enabled":false},"version":2},"_wpas_customize_per_network":false,"jetpack_post_was_ever_published":false},"categories":[1384,1428,1405,1390],"tags":[1410],"class_list":["post-56491","post","type-post","status-publish","format-standard","has-post-thumbnail","hentry","category-character","category-ex_works_the_sacred_stones","category-special_heroes","category-stay_heroes","tag-heros-speciaux","fr-FR"],"jetpack_publicize_connections":[],"jetpack_featured_media_url":"https:\/\/guide.fire-emblem-heroes.com\/wp-content\/uploads\/fodes_dark_of_night.png","jetpack_sharing_enabled":false,"jetpack_shortlink":"https:\/\/wp.me\/pa0Mj3-eH9","jetpack_likes_enabled":false,"amp_enabled":false,"_links":{"self":[{"href":"https:\/\/guide.fire-emblem-heroes.com\/wp-json\/wp\/v2\/posts\/56491","targetHints":{"allow":["GET"]}}],"collection":[{"href":"https:\/\/guide.fire-emblem-heroes.com\/wp-json\/wp\/v2\/posts"}],"about":[{"href":"https:\/\/guide.fire-emblem-heroes.com\/wp-json\/wp\/v2\/types\/post"}],"author":[{"embeddable":true,"href":"https:\/\/guide.fire-emblem-heroes.com\/wp-json\/wp\/v2\/users\/1"}],"replies":[{"embeddable":true,"href":"https:\/\/guide.fire-emblem-heroes.com\/wp-json\/wp\/v2\/comments?post=56491"}],"version-history":[{"count":1,"href":"https:\/\/guide.fire-emblem-heroes.com\/wp-json\/wp\/v2\/posts\/56491\/revisions"}],"predecessor-version":[{"id":56499,"href":"https:\/\/guide.fire-emblem-heroes.com\/wp-json\/wp\/v2\/posts\/56491\/revisions\/56499"}],"wp:featuredmedia":[{"embeddable":true,"href":"https:\/\/guide.fire-emblem-heroes.com\/wp-json\/wp\/v2\/media\/56551"}],"wp:attachment":[{"href":"https:\/\/guide.fire-emblem-heroes.com\/wp-json\/wp\/v2\/media?parent=56491"}],"wp:term":[{"taxonomy":"category","embeddable":true,"href":"https:\/\/guide.fire-emblem-heroes.com\/wp-json\/wp\/v2\/categories?post=56491"},{"taxonomy":"post_tag","embeddable":true,"href":"https:\/\/guide.fire-emblem-heroes.com\/wp-json\/wp\/v2\/tags?post=56491"}],"curies":[{"name":"wp","href":"https:\/\/api.w.org\/{rel}","templated":true}]}}