






{"id":56513,"date":"2024-12-11T14:23:43","date_gmt":"2024-12-11T05:23:43","guid":{"rendered":"https:\/\/guide.fire-emblem-heroes.com\/?p=56513"},"modified":"2024-12-26T13:32:23","modified_gmt":"2024-12-26T04:32:23","slug":"00008005001184-2","status":"publish","type":"post","link":"https:\/\/guide.fire-emblem-heroes.com\/fr\/00008005001184-2\/","title":{"rendered":"<span class=\"character_nick\">Force b\u00e9nie<\/span><span class=\"character_name\">Eik\u00feyrnir<\/span>"},"content":{"rendered":"<main id=\"CHARA_1160\" class=\"main_page character\">\r\n            <article>\r\n                <section class=\"sec sec_character\">\r\n                    <ul class=\"sec_ul sec_ul--character slick-box\">\r\n                        <li class=\"sec_li sec_li--character\">\r\n                            <img decoding=\"async\" src=\"https:\/\/guide.fire-emblem-heroes.com\/wp-content\/uploads\/eikthyrnir_blessed_strength_slide01.png\" alt=\"\" \/>\r\n                        <\/li>\r\n                        <li class=\"sec_li sec_li--character\">\r\n                            <img decoding=\"async\" src=\"https:\/\/guide.fire-emblem-heroes.com\/wp-content\/uploads\/eikthyrnir_blessed_strength_slide02.png\" alt=\"\" \/>\r\n                        <\/li>\r\n                        <li class=\"sec_li sec_li--character\">\r\n                            <img decoding=\"async\" src=\"https:\/\/guide.fire-emblem-heroes.com\/wp-content\/uploads\/eikthyrnir_blessed_strength_slide03.png\" alt=\"\" \/>\r\n                        <\/li>\r\n                        <li class=\"sec_li sec_li--character\">\r\n                            <img decoding=\"async\" src=\"https:\/\/guide.fire-emblem-heroes.com\/wp-content\/uploads\/eikthyrnir_blessed_strength_slide04.png\" alt=\"\" \/>\r\n                        <\/li>\r\n                    <\/ul>\r\n                    <div class=\"sec_charainfoarea flex\">\r\n                        <div class=\"sec_gif\"><img loading=\"lazy\" decoding=\"async\" src=\"https:\/\/guide.fire-emblem-heroes.com\/wp-content\/uploads\/eikthyrnir_blessed_strength.png\" alt=\"\" width=\"210\" height=\"190\"\/><\/div>\r\n                        <div class=\"sec_charainfo\">\r\n                            <p id=\"CHARA_1160_002\" class=\"sec_characate sec_characate--special_heroes\">H\u00e9ros sp\u00e9ciaux<\/p>\r\n                            <p id=\"CHARA_1160_003\" class=\"sec_charanick\">Force b\u00e9nie<\/p>\r\n                            <p id=\"CHARA_1160_004\" class=\"sec_charaname\">Eik\u00feyrnir<\/p>\r\n                            <p id=\"CHARA_1160_005\" class=\"sec_charaappearancetxt\">Appara\u00eet dans<\/p>\r\n                            <p id=\"CHARA_1160_006\" class=\"sec_charaappearancetxt\">Fire Emblem Heroes<\/p>\r\n                        <\/div>\r\n                    <\/div>\r\n                <\/section>\r\n            <\/article>\r\n            <article>\r\n                <section class=\"sec sec_characterarea\">\r\n                    <div class=\"sec_h2chara\">\r\n                        <p id=\"CHARA_1160_007\" class=\"sec_h2charattl\">Sharena vous pr\u00e9sente\u2026<\/p>\r\n                        <h2 id=\"CHARA_1160_008\" class=\"sec_h2charatxt\">Force b\u00e9nie Eik\u00feyrnir<\/h2>\r\n                    <\/div>\r\n                    <dl class=\"sec_dl flex\">\r\n                        <dt id=\"CHARA_1160_009\" class=\"sec_dt\">On ne peut imaginer un festival de l&rsquo;hiver sans un renne pour tirer le tra\u00eeneau, et voici justement un cervid\u00e9 de confiance pour remplir cette mission. Mais\u2026 c&rsquo;est Eik\u00feyrnir\u00a0?!<\/dt>\r\n                        <dd class=\"sec_dd\">\r\n                            <a href=\"https:\/\/guide.fire-emblem-heroes.com\/wp-content\/uploads\/eikthyrnir_blessed_strength_pop01.png\" class=\"popup-image\">\r\n                                <img decoding=\"async\" src=\"https:\/\/guide.fire-emblem-heroes.com\/wp-content\/uploads\/eikthyrnir_blessed_strength_info01.png\" alt=\"\" \/>\r\n                            <\/a>\r\n                        <\/dd>\r\n                        <dt id=\"CHARA_1160_010\" class=\"sec_dt\">Mais oui, Eik\u00feyrnir des Mains gu\u00e9risseuses d&rsquo;Yggdrasill participe au festival de l&rsquo;hiver, ce qui est synonyme de\u2026 tenue sp\u00e9ciale\u00a0! Il s&rsquo;est grim\u00e9 en renne, de fa\u00e7on tout \u00e0 fait charmante, incluant les oreilles et les bois sur la t\u00eate\u00a0!<\/dt>\r\n                        <dd class=\"sec_dd\">\r\n                            <a href=\"https:\/\/guide.fire-emblem-heroes.com\/wp-content\/uploads\/eikthyrnir_blessed_strength_pop02.png\" class=\"popup-image\">\r\n                                <img decoding=\"async\" src=\"https:\/\/guide.fire-emblem-heroes.com\/wp-content\/uploads\/eikthyrnir_blessed_strength_info02.png\" alt=\"\" \/>\r\n                            <\/a>\r\n                        <\/dd>\r\n                        <dt id=\"CHARA_1160_011\" class=\"sec_dt\">Ce tra\u00eeneau ouvert semble extr\u00eamement lourd avec tous ces cadeaux, mais le trimballer n&rsquo;est rien compar\u00e9 \u00e0 la routine quotidienne d&rsquo;Eik\u00feyrnir\u00a0! En fait, il entretient sa musculature avec cet halt\u00e8re sur le th\u00e8me du festival de l&rsquo;hiver\u00a0!<\/dt>\r\n                        <dd class=\"sec_dd\">\r\n                            <a href=\"https:\/\/guide.fire-emblem-heroes.com\/wp-content\/uploads\/eikthyrnir_blessed_strength_pop03.png\" class=\"popup-image\">\r\n                                <img decoding=\"async\" src=\"https:\/\/guide.fire-emblem-heroes.com\/wp-content\/uploads\/eikthyrnir_blessed_strength_info03.png\" alt=\"\" \/>\r\n                            <\/a>\r\n                        <\/dd>\r\n                        <dt id=\"CHARA_1160_012\" class=\"sec_dt\">Incroyable ! Eik\u00feyrnir vient de grimper sur un toit pour livrer son paquet\u00a0! Cela fait-il aussi partie de sa routine quotidienne\u00a0?<\/dt>\r\n                        <dd class=\"sec_dd\">\r\n                            <a href=\"https:\/\/guide.fire-emblem-heroes.com\/wp-content\/uploads\/eikthyrnir_blessed_strength_pop04.png\" class=\"popup-image\">\r\n                                <img decoding=\"async\" src=\"https:\/\/guide.fire-emblem-heroes.com\/wp-content\/uploads\/eikthyrnir_blessed_strength_info04.png\" alt=\"\" \/>\r\n                            <\/a>\r\n                        <\/dd>\r\n                    <\/dl>\r\n                    <h3 id=\"CHARA_1160_013\" class=\"sec_h3charatxt\">Personnage li\u00e9 \u00e0<\/h3>\r\n                    <h4 id=\"CHARA_1160_014\" class=\"sec_h4charatxt\">Ratatoskr<\/h4>\r\n                    <p id=\"CHARA_1160_015\" class=\"sec_charatxt\">Membre des Mains gu\u00e9risseuses d&rsquo;Yggdrasill qui a tendance \u00e0 facilement se laisser submerger par la charge de travail. Elle a gu\u00e9ri de multiples maladies \u00e0 travers les neuf royaumes. S\u0153ur cadette d&rsquo;Eik\u00feyrnir.<\/p>\r\n                    <h4 id=\"CHARA_1160_016\" class=\"sec_h4charatxt\">L\u00e6ra\u00f0r<\/h4>\r\n                    <p id=\"CHARA_1160_017\" class=\"sec_charatxt\">N\u00e9 d&rsquo;Yggdrasill, on peut le consid\u00e9rer comme l&rsquo;alter ego de l&rsquo;arbre du monde. Il est le p\u00e8re d&rsquo;Eik\u00feyrnir.<\/p>\r\n                <\/section>\r\n            <\/article>\r\n        <\/main>","protected":false},"excerpt":{"rendered":"H\u00e9ros sp\u00e9ciaux Force b\u00e9nie Eik\u00feyrnir Appara\u00eet dans Fire Emblem Heroes Sharena vous pr\u00e9sente\u2026 Force b\u00e9nie Eik\u00feyrnir On ne peut imaginer un festival de l&rsquo;hiver sans un renne pour tirer le tra\u00eeneau, et voici justement un cervid\u00e9 de confiance pour remplir cette mission. Mais\u2026 c&rsquo;est Eik\u00feyrnir\u00a0?! Mais oui, Eik\u00feyrnir des Mains gu\u00e9risseuses d&rsquo;Yggdrasill participe au festival [&hellip;]","protected":false},"author":1,"featured_media":56538,"comment_status":"closed","ping_status":"closed","sticky":false,"template":"","format":"standard","meta":{"advanced_seo_description":"","jetpack_seo_html_title":"","jetpack_seo_noindex":false,"_jetpack_newsletter_access":"","_jetpack_dont_email_post_to_subs":false,"_jetpack_newsletter_tier_id":0,"_jetpack_memberships_contains_paywalled_content":false,"_locale":"fr_FR","_original_post":"https:\/\/guide.fire-emblem-heroes.com\/?p=56505","_jetpack_memberships_contains_paid_content":false,"footnotes":"","jetpack_publicize_message":"","jetpack_publicize_feature_enabled":true,"jetpack_social_post_already_shared":false,"jetpack_social_options":{"image_generator_settings":{"template":"highway","default_image_id":0,"font":"","enabled":false},"version":2},"_wpas_customize_per_network":false,"jetpack_post_was_ever_published":false},"categories":[1384,1423,1405,1390],"tags":[1410],"class_list":["post-56513","post","type-post","status-publish","format-standard","has-post-thumbnail","hentry","category-character","category-ex_works_heroes","category-special_heroes","category-stay_heroes","tag-heros-speciaux","fr-FR"],"jetpack_publicize_connections":[],"jetpack_featured_media_url":"https:\/\/guide.fire-emblem-heroes.com\/wp-content\/uploads\/eikthyrnir_blessed_strength.png","jetpack_sharing_enabled":false,"jetpack_shortlink":"https:\/\/wp.me\/pa0Mj3-eHv","jetpack_likes_enabled":false,"amp_enabled":false,"_links":{"self":[{"href":"https:\/\/guide.fire-emblem-heroes.com\/wp-json\/wp\/v2\/posts\/56513","targetHints":{"allow":["GET"]}}],"collection":[{"href":"https:\/\/guide.fire-emblem-heroes.com\/wp-json\/wp\/v2\/posts"}],"about":[{"href":"https:\/\/guide.fire-emblem-heroes.com\/wp-json\/wp\/v2\/types\/post"}],"author":[{"embeddable":true,"href":"https:\/\/guide.fire-emblem-heroes.com\/wp-json\/wp\/v2\/users\/1"}],"replies":[{"embeddable":true,"href":"https:\/\/guide.fire-emblem-heroes.com\/wp-json\/wp\/v2\/comments?post=56513"}],"version-history":[{"count":1,"href":"https:\/\/guide.fire-emblem-heroes.com\/wp-json\/wp\/v2\/posts\/56513\/revisions"}],"predecessor-version":[{"id":56521,"href":"https:\/\/guide.fire-emblem-heroes.com\/wp-json\/wp\/v2\/posts\/56513\/revisions\/56521"}],"wp:featuredmedia":[{"embeddable":true,"href":"https:\/\/guide.fire-emblem-heroes.com\/wp-json\/wp\/v2\/media\/56538"}],"wp:attachment":[{"href":"https:\/\/guide.fire-emblem-heroes.com\/wp-json\/wp\/v2\/media?parent=56513"}],"wp:term":[{"taxonomy":"category","embeddable":true,"href":"https:\/\/guide.fire-emblem-heroes.com\/wp-json\/wp\/v2\/categories?post=56513"},{"taxonomy":"post_tag","embeddable":true,"href":"https:\/\/guide.fire-emblem-heroes.com\/wp-json\/wp\/v2\/tags?post=56513"}],"curies":[{"name":"wp","href":"https:\/\/api.w.org\/{rel}","templated":true}]}}