






{"id":57062,"date":"2025-01-05T14:05:58","date_gmt":"2025-01-05T05:05:58","guid":{"rendered":"https:\/\/guide.fire-emblem-heroes.com\/?p=57062"},"modified":"2025-07-16T13:45:45","modified_gmt":"2025-07-16T04:45:45","slug":"03002003001198-2","status":"publish","type":"post","link":"https:\/\/guide.fire-emblem-heroes.com\/fr\/03002003001198-2\/","title":{"rendered":"<span class=\"character_nick\">Archer de Yngvi<\/span><span class=\"character_name\">Midir<\/span>"},"content":{"rendered":"<main id=\"CHARA_1173\" class=\"main_page character\">\r\n            <article>\r\n                <section class=\"sec sec_character\">\r\n                    <ul class=\"sec_ul sec_ul--character slick-box\">\r\n                        <li class=\"sec_li sec_li--character\">\r\n                            <img decoding=\"async\" src=\"https:\/\/guide.fire-emblem-heroes.com\/wp-content\/uploads\/midele_archer_of_yngvi_slide01.png\" alt=\"\" \/>\r\n                        <\/li>\r\n                        <li class=\"sec_li sec_li--character\">\r\n                            <img decoding=\"async\" src=\"https:\/\/guide.fire-emblem-heroes.com\/wp-content\/uploads\/midele_archer_of_yngvi_slide02.png\" alt=\"\" \/>\r\n                        <\/li>\r\n                        <li class=\"sec_li sec_li--character\">\r\n                            <img decoding=\"async\" src=\"https:\/\/guide.fire-emblem-heroes.com\/wp-content\/uploads\/midele_archer_of_yngvi_slide03.png\" alt=\"\" \/>\r\n                        <\/li>\r\n                        <li class=\"sec_li sec_li--character\">\r\n                            <img decoding=\"async\" src=\"https:\/\/guide.fire-emblem-heroes.com\/wp-content\/uploads\/midele_archer_of_yngvi_slide04.png\" alt=\"\" \/>\r\n                        <\/li>\r\n                    <\/ul>\r\n                    <div class=\"sec_charainfoarea flex\">\r\n                        <div class=\"sec_gif\"><img loading=\"lazy\" decoding=\"async\" src=\"https:\/\/guide.fire-emblem-heroes.com\/wp-content\/uploads\/midele_archer_of_yngvi.png\" alt=\"\" width=\"210\" height=\"190\"\/><\/div>\r\n                        <div class=\"sec_charainfo\">\r\n                            <p id=\"CHARA_1173_002\" class=\"sec_characate sec_characate--heroes\">H\u00e9ros<\/p>\r\n                            <p id=\"CHARA_1173_003\" class=\"sec_charanick\">Archer de Yngvi<\/p>\r\n                            <p id=\"CHARA_1173_004\" class=\"sec_charaname\">Midir<\/p>\r\n                            <p id=\"CHARA_1173_005\" class=\"sec_charaappearancetxt\">Appara\u00eet dans<\/p>\r\n                            <p id=\"CHARA_1173_006\" class=\"sec_charaappearancetxt\">Fire Emblem: Genealogy of the Holy War<\/p>\r\n                        <\/div>\r\n                    <\/div>\r\n                <\/section>\r\n            <\/article>\r\n            <article>\r\n                <section class=\"sec sec_characterarea\">\r\n                    <div class=\"sec_h2chara\">\r\n                        <p id=\"CHARA_1173_007\" class=\"sec_h2charattl\">Sharena vous pr\u00e9sente\u2026<\/p>\r\n                        <h2 id=\"CHARA_1173_008\" class=\"sec_h2charatxt\">Archer de Yngvi Midir<\/h2>\r\n                    <\/div>\r\n                    <dl class=\"sec_dl flex\">\r\n                        <dt id=\"CHARA_1173_009\" class=\"sec_dt\">Le duch\u00e9 de Yngvi, qui fait partie du royaume de Grannvale en Jugdral, est c\u00e9l\u00e8bre pour le talent de ses archers. Et parmi eux figure le cavalier archer Midir, au service de la noble maison Yngvi\u00a0!<\/dt>\r\n                        <dd class=\"sec_dd\">\r\n                            <a href=\"https:\/\/guide.fire-emblem-heroes.com\/wp-content\/uploads\/midele_archer_of_yngvi_pop01.png\" class=\"popup-image\">\r\n                                <img decoding=\"async\" src=\"https:\/\/guide.fire-emblem-heroes.com\/wp-content\/uploads\/midele_archer_of_yngvi_info01.png\" alt=\"\" \/>\r\n                            <\/a>\r\n                        <\/dd>\r\n                        <dt id=\"CHARA_1173_010\" class=\"sec_dt\">Midir s&rsquo;est vu confier la protection d&rsquo;Edain, une douce et belle dame de Yngvi. Apparemment, elle l&rsquo;impressionne beaucoup\u00a0!<\/dt>\r\n                        <dd class=\"sec_dd\">\r\n                            <a href=\"https:\/\/guide.fire-emblem-heroes.com\/wp-content\/uploads\/midele_archer_of_yngvi_pop02.png\" class=\"popup-image\">\r\n                                <img decoding=\"async\" src=\"https:\/\/guide.fire-emblem-heroes.com\/wp-content\/uploads\/midele_archer_of_yngvi_info02.png\" alt=\"\" \/>\r\n                            <\/a>\r\n                        <\/dd>\r\n                        <dt id=\"CHARA_1173_011\" class=\"sec_dt\">Un jour, le territoire de Yngvi a \u00e9t\u00e9 envahi par l&rsquo;arm\u00e9e de Verdane, un royaume voisin. Midir a combattu vaillamment, mais il a subi de graves blessures et Edain a \u00e9t\u00e9 captur\u00e9e.<\/dt>\r\n                        <dd class=\"sec_dd\">\r\n                            <a href=\"https:\/\/guide.fire-emblem-heroes.com\/wp-content\/uploads\/midele_archer_of_yngvi_pop03.png\" class=\"popup-image\">\r\n                                <img decoding=\"async\" src=\"https:\/\/guide.fire-emblem-heroes.com\/wp-content\/uploads\/midele_archer_of_yngvi_info03.png\" alt=\"\" \/>\r\n                            <\/a>\r\n                        <\/dd>\r\n                        <dt id=\"CHARA_1173_012\" class=\"sec_dt\">Midir a ensuite rejoint l&rsquo;arm\u00e9e de Sigurd pour sauver Edain. Il a surv\u00e9cu \u00e0 ses blessures et a jur\u00e9 sur sa vie de prot\u00e9ger cette dame qu&rsquo;il admire tant\u00a0!<\/dt>\r\n                        <dd class=\"sec_dd\">\r\n                            <a href=\"https:\/\/guide.fire-emblem-heroes.com\/wp-content\/uploads\/midele_archer_of_yngvi_pop04.png\" class=\"popup-image\">\r\n                                <img decoding=\"async\" src=\"https:\/\/guide.fire-emblem-heroes.com\/wp-content\/uploads\/midele_archer_of_yngvi_info04.png\" alt=\"\" \/>\r\n                            <\/a>\r\n                        <\/dd>\r\n                    <\/dl>\r\n                    <h3 id=\"CHARA_1173_013\" class=\"sec_h3charatxt\">Personnage li\u00e9 \u00e0<\/h3>\r\n                    <h4 id=\"CHARA_1173_014\" class=\"sec_h4charatxt\">Edain<\/h4>\r\n                    <p id=\"CHARA_1173_015\" class=\"sec_charatxt\">Une dame de Yngvi et descendante de la crois\u00e9e Ullr. Elle a \u00e9t\u00e9 captur\u00e9e par Verdane, mais s&rsquo;est \u00e9chapp\u00e9e gr\u00e2ce \u00e0 l&rsquo;aide de Jamke. Midir est \u00e0 son service.<\/p>\r\n                <\/section>\r\n            <\/article>\r\n        <\/main>","protected":false},"excerpt":{"rendered":"H\u00e9ros Archer de Yngvi Midir Appara\u00eet dans Fire Emblem: Genealogy of the Holy War Sharena vous pr\u00e9sente\u2026 Archer de Yngvi Midir Le duch\u00e9 de Yngvi, qui fait partie du royaume de Grannvale en Jugdral, est c\u00e9l\u00e8bre pour le talent de ses archers. Et parmi eux figure le cavalier archer Midir, au service de la noble [&hellip;]","protected":false},"author":1,"featured_media":57191,"comment_status":"closed","ping_status":"closed","sticky":false,"template":"","format":"standard","meta":{"advanced_seo_description":"","jetpack_seo_html_title":"","jetpack_seo_noindex":false,"_jetpack_newsletter_access":"","_jetpack_dont_email_post_to_subs":false,"_jetpack_newsletter_tier_id":0,"_jetpack_memberships_contains_paywalled_content":false,"_locale":"fr_FR","_original_post":"https:\/\/guide.fire-emblem-heroes.com\/?p=57054","_jetpack_memberships_contains_paid_content":false,"footnotes":"","jetpack_publicize_message":"","jetpack_publicize_feature_enabled":true,"jetpack_social_post_already_shared":false,"jetpack_social_options":{"image_generator_settings":{"template":"highway","default_image_id":0,"font":"","enabled":false},"version":2},"_wpas_customize_per_network":false,"jetpack_post_was_ever_published":false},"categories":[1384,1436,1415,1390],"tags":[1419],"class_list":["post-57062","post","type-post","status-publish","format-standard","has-post-thumbnail","hentry","category-character","category-ex_works_genealogy_of_the_holy_war","category-heroes","category-stay_heroes","tag-heros","fr-FR"],"jetpack_publicize_connections":[],"jetpack_featured_media_url":"https:\/\/guide.fire-emblem-heroes.com\/wp-content\/uploads\/midele_archer_of_yngvi.png","jetpack_sharing_enabled":false,"jetpack_shortlink":"https:\/\/wp.me\/pa0Mj3-eQm","jetpack_likes_enabled":false,"amp_enabled":false,"_links":{"self":[{"href":"https:\/\/guide.fire-emblem-heroes.com\/wp-json\/wp\/v2\/posts\/57062","targetHints":{"allow":["GET"]}}],"collection":[{"href":"https:\/\/guide.fire-emblem-heroes.com\/wp-json\/wp\/v2\/posts"}],"about":[{"href":"https:\/\/guide.fire-emblem-heroes.com\/wp-json\/wp\/v2\/types\/post"}],"author":[{"embeddable":true,"href":"https:\/\/guide.fire-emblem-heroes.com\/wp-json\/wp\/v2\/users\/1"}],"replies":[{"embeddable":true,"href":"https:\/\/guide.fire-emblem-heroes.com\/wp-json\/wp\/v2\/comments?post=57062"}],"version-history":[{"count":1,"href":"https:\/\/guide.fire-emblem-heroes.com\/wp-json\/wp\/v2\/posts\/57062\/revisions"}],"predecessor-version":[{"id":57068,"href":"https:\/\/guide.fire-emblem-heroes.com\/wp-json\/wp\/v2\/posts\/57062\/revisions\/57068"}],"wp:featuredmedia":[{"embeddable":true,"href":"https:\/\/guide.fire-emblem-heroes.com\/wp-json\/wp\/v2\/media\/57191"}],"wp:attachment":[{"href":"https:\/\/guide.fire-emblem-heroes.com\/wp-json\/wp\/v2\/media?parent=57062"}],"wp:term":[{"taxonomy":"category","embeddable":true,"href":"https:\/\/guide.fire-emblem-heroes.com\/wp-json\/wp\/v2\/categories?post=57062"},{"taxonomy":"post_tag","embeddable":true,"href":"https:\/\/guide.fire-emblem-heroes.com\/wp-json\/wp\/v2\/tags?post=57062"}],"curies":[{"name":"wp","href":"https:\/\/api.w.org\/{rel}","templated":true}]}}