






{"id":57267,"date":"2025-01-15T11:00:34","date_gmt":"2025-01-15T02:00:34","guid":{"rendered":"https:\/\/guide.fire-emblem-heroes.com\/?p=57267"},"modified":"2025-02-17T16:23:11","modified_gmt":"2025-02-17T07:23:11","slug":"07004011001191-2","status":"publish","type":"post","link":"https:\/\/guide.fire-emblem-heroes.com\/fr\/07004011001191-2\/","title":{"rendered":"<span class=\"character_nick\">Lames obstin\u00e9es<\/span><span class=\"character_name\">Marisa<\/span>"},"content":{"rendered":"<main id=\"CHARA_1176\" class=\"main_page character\">\r\n            <article>\r\n                <section class=\"sec sec_character\">\r\n                    <ul class=\"sec_ul sec_ul--character slick-box\">\r\n                        <li class=\"sec_li sec_li--character\">\r\n                            <img decoding=\"async\" src=\"https:\/\/guide.fire-emblem-heroes.com\/wp-content\/uploads\/marica_willful_blades_slide01.png\" alt=\"\" \/>\r\n                        <\/li>\r\n                        <li class=\"sec_li sec_li--character\">\r\n                            <img decoding=\"async\" src=\"https:\/\/guide.fire-emblem-heroes.com\/wp-content\/uploads\/marica_willful_blades_slide02.png\" alt=\"\" \/>\r\n                        <\/li>\r\n                        <li class=\"sec_li sec_li--character\">\r\n                            <img decoding=\"async\" src=\"https:\/\/guide.fire-emblem-heroes.com\/wp-content\/uploads\/marica_willful_blades_slide03.png\" alt=\"\" \/>\r\n                        <\/li>\r\n                        <li class=\"sec_li sec_li--character\">\r\n                            <img decoding=\"async\" src=\"https:\/\/guide.fire-emblem-heroes.com\/wp-content\/uploads\/marica_willful_blades_slide04.png\" alt=\"\" \/>\r\n                        <\/li>\r\n                    <\/ul>\r\n                    <div class=\"sec_charainfoarea flex\">\r\n                        <div class=\"sec_gif\"><img loading=\"lazy\" decoding=\"async\" src=\"https:\/\/guide.fire-emblem-heroes.com\/wp-content\/uploads\/marica_willful_blades.png\" alt=\"\" width=\"210\" height=\"190\"\/><\/div>\r\n                        <div class=\"sec_charainfo\">\r\n                            <p id=\"CHARA_1176_002\" class=\"sec_characate sec_characate sec_characate--harmonized_hero\">Unit\u00e9s harmonis\u00e9es<\/p>\r\n                            <p id=\"CHARA_1176_003\" class=\"sec_charanick\">Lames obstin\u00e9es<\/p>\r\n                            <p id=\"CHARA_1176_004\" class=\"sec_charaname\">Marisa<\/p>\r\n                            <p id=\"CHARA_1176_005\" class=\"sec_charaappearancetxt\">Appara\u00eet dans<\/p>\r\n                            <p id=\"CHARA_1176_006\" class=\"sec_charaappearancetxt\">Fire Emblem: The Sacred Stones<br \/>Fire Emblem: Three Houses<\/p>\r\n                        <\/div>\r\n                    <\/div>\r\n                <\/section>\r\n            <\/article>\r\n            <article>\r\n                <section class=\"sec sec_characterarea\">\r\n                    <div class=\"sec_h2chara\">\r\n                        <p id=\"CHARA_1176_007\" class=\"sec_h2charattl\">Sharena vous pr\u00e9sente\u2026<\/p>\r\n                        <h2 id=\"CHARA_1176_008\" class=\"sec_h2charatxt\">Lames obstin\u00e9es Marisa<\/h2>\r\n                    <\/div>\r\n                    <dl class=\"sec_dl flex\">\r\n                        <dt id=\"CHARA_1176_009\" class=\"sec_dt\">Marisa est membre des mercenaires de Gerik de Magvel, et Byleth enseigne \u00e0 l&rsquo;Acad\u00e9mie des officiers de F\u00f3dlan. Elles sont venues habill\u00e9es dans le style de Jehanna\u00a0!<\/dt>\r\n                        <dd class=\"sec_dd\">\r\n                            <a href=\"https:\/\/guide.fire-emblem-heroes.com\/wp-content\/uploads\/marica_willful_blades_pop01.png\" class=\"popup-image\">\r\n                                <img decoding=\"async\" src=\"https:\/\/guide.fire-emblem-heroes.com\/wp-content\/uploads\/marica_willful_blades_info01.png\" alt=\"\" \/>\r\n                            <\/a>\r\n                        <\/dd>\r\n                        <dt id=\"CHARA_1176_010\" class=\"sec_dt\">Ancien quartier g\u00e9n\u00e9ral des mercenaires de Gerik, Jehanna est souvent d\u00e9crit comme un royaume du d\u00e9sert. Sans surprise, la tenue de Marisa est l\u00e9g\u00e8re et a\u00e9r\u00e9e pour mieux supporter la chaleur.<\/dt>\r\n                        <dd class=\"sec_dd\">\r\n                            <a href=\"https:\/\/guide.fire-emblem-heroes.com\/wp-content\/uploads\/marica_willful_blades_pop02.png\" class=\"popup-image\">\r\n                                <img decoding=\"async\" src=\"https:\/\/guide.fire-emblem-heroes.com\/wp-content\/uploads\/marica_willful_blades_info02.png\" alt=\"\" \/>\r\n                            <\/a>\r\n                        <\/dd>\r\n                        <dt id=\"CHARA_1176_011\" class=\"sec_dt\">De m\u00eame, les atours de Byleth, tout en gardant les contours de sa tenue habituelle, se voient agr\u00e9ment\u00e9s de d\u00e9corations traditionnelles de Jehanna, pour un r\u00e9sultat vraiment sp\u00e9cial\u00a0!<\/dt>\r\n                        <dd class=\"sec_dd\">\r\n                            <a href=\"https:\/\/guide.fire-emblem-heroes.com\/wp-content\/uploads\/marica_willful_blades_pop03.png\" class=\"popup-image\">\r\n                                <img decoding=\"async\" src=\"https:\/\/guide.fire-emblem-heroes.com\/wp-content\/uploads\/marica_willful_blades_info03.png\" alt=\"\" \/>\r\n                            <\/a>\r\n                        <\/dd>\r\n                        <dt id=\"CHARA_1176_012\" class=\"sec_dt\">Byleth \u00e9tant une ancienne mercenaire, Marisa et elle ont beaucoup en commun. En fait, toutes deux ont pr\u00e9vu de passer leur s\u00e9jour en Askr \u00e0 s&rsquo;entra\u00eener ensemble afin de s&rsquo;am\u00e9liorer mutuellement.<\/dt>\r\n                        <dd class=\"sec_dd\">\r\n                            <a href=\"https:\/\/guide.fire-emblem-heroes.com\/wp-content\/uploads\/marica_willful_blades_pop04.png\" class=\"popup-image\">\r\n                                <img decoding=\"async\" src=\"https:\/\/guide.fire-emblem-heroes.com\/wp-content\/uploads\/marica_willful_blades_info04.png\" alt=\"\" \/>\r\n                            <\/a>\r\n                        <\/dd>\r\n                    <\/dl>\r\n                    <h3 id=\"CHARA_1176_013\" class=\"sec_h3charatxt\">Personnage li\u00e9 \u00e0<\/h3>\r\n                    <h4 id=\"CHARA_1176_014\" class=\"sec_h4charatxt\">Gerik<\/h4>\r\n                    <p id=\"CHARA_1176_015\" class=\"sec_charatxt\">Ancien soldat \u00e0 la t\u00eate de la bande des mercenaires de Gerik, dont Tethys, Ewan, Marisa et d&rsquo;autres font partie.<\/p>\r\n                    <h4 id=\"CHARA_1176_016\" class=\"sec_h4charatxt\">Jeralt<\/h4>\r\n                    <p id=\"CHARA_1176_017\" class=\"sec_charatxt\">C\u00e9l\u00e8bre ancien capitaine de l&rsquo;Ordre de Seiros. Il est devenu le chef d&rsquo;un groupe de mercenaires apr\u00e8s la mort de sa femme. P\u00e8re de Byleth.<\/p>\r\n                <\/section>\r\n            <\/article>\r\n        <\/main>","protected":false},"excerpt":{"rendered":"Unit\u00e9s harmonis\u00e9es Lames obstin\u00e9es Marisa Appara\u00eet dans Fire Emblem: The Sacred StonesFire Emblem: Three Houses Sharena vous pr\u00e9sente\u2026 Lames obstin\u00e9es Marisa Marisa est membre des mercenaires de Gerik de Magvel, et Byleth enseigne \u00e0 l&rsquo;Acad\u00e9mie des officiers de F\u00f3dlan. Elles sont venues habill\u00e9es dans le style de Jehanna\u00a0! Ancien quartier g\u00e9n\u00e9ral des mercenaires de Gerik, [&hellip;]","protected":false},"author":1,"featured_media":57394,"comment_status":"closed","ping_status":"closed","sticky":false,"template":"","format":"standard","meta":{"advanced_seo_description":"","jetpack_seo_html_title":"","jetpack_seo_noindex":false,"_jetpack_newsletter_access":"","_jetpack_dont_email_post_to_subs":false,"_jetpack_newsletter_tier_id":0,"_jetpack_memberships_contains_paywalled_content":false,"_locale":"fr_FR","_original_post":"https:\/\/guide.fire-emblem-heroes.com\/?p=57259","_jetpack_memberships_contains_paid_content":false,"footnotes":"","jetpack_publicize_message":"","jetpack_publicize_feature_enabled":true,"jetpack_social_post_already_shared":false,"jetpack_social_options":{"image_generator_settings":{"template":"highway","default_image_id":0,"font":"","enabled":false},"version":2},"_wpas_customize_per_network":false,"jetpack_post_was_ever_published":false},"categories":[1384,1428,1464,1390],"tags":[1469],"class_list":["post-57267","post","type-post","status-publish","format-standard","has-post-thumbnail","hentry","category-character","category-ex_works_the_sacred_stones","category-harmonized_heroes","category-stay_heroes","tag-unites-harmonisees","fr-FR"],"jetpack_publicize_connections":[],"jetpack_featured_media_url":"https:\/\/guide.fire-emblem-heroes.com\/wp-content\/uploads\/marica_willful_blades.png","jetpack_sharing_enabled":false,"jetpack_shortlink":"https:\/\/wp.me\/pa0Mj3-eTF","jetpack_likes_enabled":false,"amp_enabled":false,"_links":{"self":[{"href":"https:\/\/guide.fire-emblem-heroes.com\/wp-json\/wp\/v2\/posts\/57267","targetHints":{"allow":["GET"]}}],"collection":[{"href":"https:\/\/guide.fire-emblem-heroes.com\/wp-json\/wp\/v2\/posts"}],"about":[{"href":"https:\/\/guide.fire-emblem-heroes.com\/wp-json\/wp\/v2\/types\/post"}],"author":[{"embeddable":true,"href":"https:\/\/guide.fire-emblem-heroes.com\/wp-json\/wp\/v2\/users\/1"}],"replies":[{"embeddable":true,"href":"https:\/\/guide.fire-emblem-heroes.com\/wp-json\/wp\/v2\/comments?post=57267"}],"version-history":[{"count":1,"href":"https:\/\/guide.fire-emblem-heroes.com\/wp-json\/wp\/v2\/posts\/57267\/revisions"}],"predecessor-version":[{"id":57272,"href":"https:\/\/guide.fire-emblem-heroes.com\/wp-json\/wp\/v2\/posts\/57267\/revisions\/57272"}],"wp:featuredmedia":[{"embeddable":true,"href":"https:\/\/guide.fire-emblem-heroes.com\/wp-json\/wp\/v2\/media\/57394"}],"wp:attachment":[{"href":"https:\/\/guide.fire-emblem-heroes.com\/wp-json\/wp\/v2\/media?parent=57267"}],"wp:term":[{"taxonomy":"category","embeddable":true,"href":"https:\/\/guide.fire-emblem-heroes.com\/wp-json\/wp\/v2\/categories?post=57267"},{"taxonomy":"post_tag","embeddable":true,"href":"https:\/\/guide.fire-emblem-heroes.com\/wp-json\/wp\/v2\/tags?post=57267"}],"curies":[{"name":"wp","href":"https:\/\/api.w.org\/{rel}","templated":true}]}}