






{"id":57313,"date":"2025-01-15T11:43:56","date_gmt":"2025-01-15T02:43:56","guid":{"rendered":"https:\/\/guide.fire-emblem-heroes.com\/?p=57313"},"modified":"2025-11-04T13:48:11","modified_gmt":"2025-11-04T04:48:11","slug":"08001001001193-2","status":"publish","type":"post","link":"https:\/\/guide.fire-emblem-heroes.com\/fr\/08001001001193-2\/","title":{"rendered":"<span class=\"character_nick\">Merc. du d\u00e9sert<\/span><span class=\"character_name\">Ike<\/span>"},"content":{"rendered":"<main id=\"CHARA_1178\" class=\"main_page character\">\r\n            <article>\r\n                <section class=\"sec sec_character\">\r\n                    <ul class=\"sec_ul sec_ul--character slick-box\">\r\n                        <li class=\"sec_li sec_li--character\">\r\n                            <img decoding=\"async\" src=\"https:\/\/guide.fire-emblem-heroes.com\/wp-content\/uploads\/ike_desert_mercenary_slide01.png\" alt=\"\" \/>\r\n                        <\/li>\r\n                        <li class=\"sec_li sec_li--character\">\r\n                            <img decoding=\"async\" src=\"https:\/\/guide.fire-emblem-heroes.com\/wp-content\/uploads\/ike_desert_mercenary_slide02.png\" alt=\"\" \/>\r\n                        <\/li>\r\n                        <li class=\"sec_li sec_li--character\">\r\n                            <img decoding=\"async\" src=\"https:\/\/guide.fire-emblem-heroes.com\/wp-content\/uploads\/ike_desert_mercenary_slide03.png\" alt=\"\" \/>\r\n                        <\/li>\r\n                        <li class=\"sec_li sec_li--character\">\r\n                            <img decoding=\"async\" src=\"https:\/\/guide.fire-emblem-heroes.com\/wp-content\/uploads\/ike_desert_mercenary_slide04.png\" alt=\"\" \/>\r\n                        <\/li>\r\n                    <\/ul>\r\n                    <div class=\"sec_charainfoarea flex\">\r\n                        <div class=\"sec_gif\"><img loading=\"lazy\" decoding=\"async\" src=\"https:\/\/guide.fire-emblem-heroes.com\/wp-content\/uploads\/ike_desert_mercenary.png\" alt=\"\" width=\"210\" height=\"190\"\/><\/div>\r\n                        <div class=\"sec_charainfo\">\r\n                            <p id=\"CHARA_1178_002\" class=\"sec_characate sec_characate--special_heroes\">H\u00e9ros sp\u00e9ciaux<\/p>\r\n                            <p id=\"CHARA_1178_003\" class=\"sec_charanick\">Merc. du d\u00e9sert<\/p>\r\n                            <p id=\"CHARA_1178_004\" class=\"sec_charaname\">Ike<\/p>\r\n                            <p id=\"CHARA_1178_005\" class=\"sec_charaappearancetxt\">Appara\u00eet dans<\/p>\r\n                            <p id=\"CHARA_1178_006\" class=\"sec_charaappearancetxt\">Fire Emblem: Path of Radiance<\/p>\r\n                        <\/div>\r\n                    <\/div>\r\n                <\/section>\r\n            <\/article>\r\n            <article>\r\n                <section class=\"sec sec_characterarea\">\r\n                    <div class=\"sec_h2chara\">\r\n                        <p id=\"CHARA_1178_007\" class=\"sec_h2charattl\">Sharena vous pr\u00e9sente\u2026<\/p>\r\n                        <h2 id=\"CHARA_1178_008\" class=\"sec_h2charatxt\">Merc. du d\u00e9sert Ike<\/h2>\r\n                    <\/div>\r\n                    <dl class=\"sec_dl flex\">\r\n                        <dt id=\"CHARA_1178_009\" class=\"sec_dt\">Ike, des mercenaires de Greil, se joint au festival du royaume de Jehanna, en Magvel. Il est charg\u00e9 de la s\u00e9curit\u00e9 dans une tenue sp\u00e9ciale inspir\u00e9e de Jehanna\u00a0!<\/dt>\r\n                        <dd class=\"sec_dd\">\r\n                            <a href=\"https:\/\/guide.fire-emblem-heroes.com\/wp-content\/uploads\/ike_desert_mercenary_pop01.png\" class=\"popup-image\">\r\n                                <img decoding=\"async\" src=\"https:\/\/guide.fire-emblem-heroes.com\/wp-content\/uploads\/ike_desert_mercenary_info01.png\" alt=\"\" \/>\r\n                            <\/a>\r\n                        <\/dd>\r\n                        <dt id=\"CHARA_1178_010\" class=\"sec_dt\">Regardons cet ensemble en d\u00e9tail\u2026 Il porte une cape aux \u00e9paules et une autre \u00e0 la taille, et le tissu au niveau du ventre semble bien respirant pour supporter l&rsquo;air chaud du d\u00e9sert\u00a0!<\/dt>\r\n                        <dd class=\"sec_dd\">\r\n                            <a href=\"https:\/\/guide.fire-emblem-heroes.com\/wp-content\/uploads\/ike_desert_mercenary_pop02.png\" class=\"popup-image\">\r\n                                <img decoding=\"async\" src=\"https:\/\/guide.fire-emblem-heroes.com\/wp-content\/uploads\/ike_desert_mercenary_info02.png\" alt=\"\" \/>\r\n                            <\/a>\r\n                        <\/dd>\r\n                        <dt id=\"CHARA_1178_011\" class=\"sec_dt\">L&rsquo;arme qu&rsquo;il porte \u00e9voque une temp\u00eate de sable. Les ornements \u00e0 la base de la lame repr\u00e9sentent du sable virevoltant au vent, et le tissu enroul\u00e9 autour de la poign\u00e9e fait beaucoup penser \u00e0 une tornade.<\/dt>\r\n                        <dd class=\"sec_dd\">\r\n                            <a href=\"https:\/\/guide.fire-emblem-heroes.com\/wp-content\/uploads\/ike_desert_mercenary_pop03.png\" class=\"popup-image\">\r\n                                <img decoding=\"async\" src=\"https:\/\/guide.fire-emblem-heroes.com\/wp-content\/uploads\/ike_desert_mercenary_info03.png\" alt=\"\" \/>\r\n                            <\/a>\r\n                        <\/dd>\r\n                        <dt id=\"CHARA_1178_012\" class=\"sec_dt\">Il a fallu un peu de temps \u00e0 Ike pour s&rsquo;habituer \u00e0 ces nouveaux v\u00eatements, mais il donnera tout pour assurer la s\u00e9curit\u00e9 durant le festival, comme tout mercenaire de Greil qui se respecte\u00a0!<\/dt>\r\n                        <dd class=\"sec_dd\">\r\n                            <a href=\"https:\/\/guide.fire-emblem-heroes.com\/wp-content\/uploads\/ike_desert_mercenary_pop04.png\" class=\"popup-image\">\r\n                                <img decoding=\"async\" src=\"https:\/\/guide.fire-emblem-heroes.com\/wp-content\/uploads\/ike_desert_mercenary_info04.png\" alt=\"\" \/>\r\n                            <\/a>\r\n                        <\/dd>\r\n                    <\/dl>\r\n                    <h3 id=\"CHARA_1178_013\" class=\"sec_h3charatxt\">Personnage li\u00e9 \u00e0<\/h3>\r\n                    <h4 id=\"CHARA_1178_014\" class=\"sec_h4charatxt\">Greil<\/h4>\r\n                    <p id=\"CHARA_1178_015\" class=\"sec_charatxt\">Premier chef des mercenaires de Greil et p\u00e8re d&rsquo;Ike et Mist.<\/p>\r\n                    <h4 id=\"CHARA_1178_016\" class=\"sec_h4charatxt\">Mist<\/h4>\r\n                    <p id=\"CHARA_1178_017\" class=\"sec_charatxt\">S\u0153ur cadette d&rsquo;Ike. \u00c9nergique et joyeuse. Prend soin des mercenaires de Greil.<\/p>\r\n                <\/section>\r\n            <\/article>\r\n        <\/main>","protected":false},"excerpt":{"rendered":"H\u00e9ros sp\u00e9ciaux Merc. du d\u00e9sert Ike Appara\u00eet dans Fire Emblem: Path of Radiance Sharena vous pr\u00e9sente\u2026 Merc. du d\u00e9sert Ike Ike, des mercenaires de Greil, se joint au festival du royaume de Jehanna, en Magvel. Il est charg\u00e9 de la s\u00e9curit\u00e9 dans une tenue sp\u00e9ciale inspir\u00e9e de Jehanna\u00a0! Regardons cet ensemble en d\u00e9tail\u2026 Il porte [&hellip;]","protected":false},"author":1,"featured_media":57381,"comment_status":"closed","ping_status":"closed","sticky":false,"template":"","format":"standard","meta":{"advanced_seo_description":"","jetpack_seo_html_title":"","jetpack_seo_noindex":false,"_jetpack_newsletter_access":"","_jetpack_dont_email_post_to_subs":false,"_jetpack_newsletter_tier_id":0,"_jetpack_memberships_contains_paywalled_content":false,"_locale":"fr_FR","_original_post":"https:\/\/guide.fire-emblem-heroes.com\/?p=57305","_jetpack_memberships_contains_paid_content":false,"footnotes":"","jetpack_publicize_message":"","jetpack_publicize_feature_enabled":true,"jetpack_social_post_already_shared":false,"jetpack_social_options":{"image_generator_settings":{"template":"highway","default_image_id":0,"font":"","enabled":false},"version":2},"_wpas_customize_per_network":false,"jetpack_post_was_ever_published":false},"categories":[1384,1429,1405,1390],"tags":[1410],"class_list":["post-57313","post","type-post","status-publish","format-standard","has-post-thumbnail","hentry","category-character","category-ex_works_path_of_radiance","category-special_heroes","category-stay_heroes","tag-heros-speciaux","fr-FR"],"jetpack_publicize_connections":[],"jetpack_featured_media_url":"https:\/\/guide.fire-emblem-heroes.com\/wp-content\/uploads\/ike_desert_mercenary.png","jetpack_sharing_enabled":false,"jetpack_shortlink":"https:\/\/wp.me\/pa0Mj3-eUp","jetpack_likes_enabled":false,"amp_enabled":false,"_links":{"self":[{"href":"https:\/\/guide.fire-emblem-heroes.com\/wp-json\/wp\/v2\/posts\/57313","targetHints":{"allow":["GET"]}}],"collection":[{"href":"https:\/\/guide.fire-emblem-heroes.com\/wp-json\/wp\/v2\/posts"}],"about":[{"href":"https:\/\/guide.fire-emblem-heroes.com\/wp-json\/wp\/v2\/types\/post"}],"author":[{"embeddable":true,"href":"https:\/\/guide.fire-emblem-heroes.com\/wp-json\/wp\/v2\/users\/1"}],"replies":[{"embeddable":true,"href":"https:\/\/guide.fire-emblem-heroes.com\/wp-json\/wp\/v2\/comments?post=57313"}],"version-history":[{"count":1,"href":"https:\/\/guide.fire-emblem-heroes.com\/wp-json\/wp\/v2\/posts\/57313\/revisions"}],"predecessor-version":[{"id":57323,"href":"https:\/\/guide.fire-emblem-heroes.com\/wp-json\/wp\/v2\/posts\/57313\/revisions\/57323"}],"wp:featuredmedia":[{"embeddable":true,"href":"https:\/\/guide.fire-emblem-heroes.com\/wp-json\/wp\/v2\/media\/57381"}],"wp:attachment":[{"href":"https:\/\/guide.fire-emblem-heroes.com\/wp-json\/wp\/v2\/media?parent=57313"}],"wp:term":[{"taxonomy":"category","embeddable":true,"href":"https:\/\/guide.fire-emblem-heroes.com\/wp-json\/wp\/v2\/categories?post=57313"},{"taxonomy":"post_tag","embeddable":true,"href":"https:\/\/guide.fire-emblem-heroes.com\/wp-json\/wp\/v2\/tags?post=57313"}],"curies":[{"name":"wp","href":"https:\/\/api.w.org\/{rel}","templated":true}]}}