






{"id":58618,"date":"2025-03-14T12:14:10","date_gmt":"2025-03-14T03:14:10","guid":{"rendered":"https:\/\/guide.fire-emblem-heroes.com\/?p=58618"},"modified":"2025-04-09T14:36:09","modified_gmt":"2025-04-09T05:36:09","slug":"02001001001219-2","status":"publish","type":"post","link":"https:\/\/guide.fire-emblem-heroes.com\/fr\/02001001001219-2\/","title":{"rendered":"<span class=\"character_nick\">Volont\u00e9 profonde<\/span><span class=\"character_name\">Alm<\/span>"},"content":{"rendered":"<main id=\"CHARA_1207\" class=\"main_page character\">\r\n            <article>\r\n                <section class=\"sec sec_character\">\r\n                    <ul class=\"sec_ul sec_ul--character slick-box\">\r\n                        <li class=\"sec_li sec_li--character\">\r\n                            <img decoding=\"async\" src=\"https:\/\/guide.fire-emblem-heroes.com\/wp-content\/uploads\/arum_powerful_resolve_slide01.png\" alt=\"\" \/>\r\n                        <\/li>\r\n                        <li class=\"sec_li sec_li--character\">\r\n                            <img decoding=\"async\" src=\"https:\/\/guide.fire-emblem-heroes.com\/wp-content\/uploads\/arum_powerful_resolve_slide02.png\" alt=\"\" \/>\r\n                        <\/li>\r\n                        <li class=\"sec_li sec_li--character\">\r\n                            <img decoding=\"async\" src=\"https:\/\/guide.fire-emblem-heroes.com\/wp-content\/uploads\/arum_powerful_resolve_slide03.png\" alt=\"\" \/>\r\n                        <\/li>\r\n                        <li class=\"sec_li sec_li--character\">\r\n                            <img decoding=\"async\" src=\"https:\/\/guide.fire-emblem-heroes.com\/wp-content\/uploads\/arum_powerful_resolve_slide04.png\" alt=\"\" \/>\r\n                        <\/li>\r\n                    <\/ul>\r\n                    <div class=\"sec_charainfoarea flex\">\r\n                        <div class=\"sec_gif\"><img loading=\"lazy\" decoding=\"async\" src=\"https:\/\/guide.fire-emblem-heroes.com\/wp-content\/uploads\/arum_powerful_resolve.png\" alt=\"\" width=\"210\" height=\"190\"\/><\/div>\r\n                        <div class=\"sec_charainfo\">\r\n                            <p id=\"CHARA_1207_002\" class=\"sec_characate sec_characate--attuned_heroes\">H\u00e9ros en symbiose<\/p>\r\n                            <p id=\"CHARA_1207_003\" class=\"sec_charanick\">Volont\u00e9 profonde<\/p>\r\n                            <p id=\"CHARA_1207_004\" class=\"sec_charaname\">Alm<\/p>\r\n                            <p id=\"CHARA_1207_005\" class=\"sec_charaappearancetxt\">Appara\u00eet dans<\/p>\r\n                            <p id=\"CHARA_1207_006\" class=\"sec_charaappearancetxt\">Fire Emblem Echoes: Shadows of Valentia<\/p>\r\n                        <\/div>\r\n                    <\/div>\r\n                <\/section>\r\n            <\/article>\r\n            <article>\r\n                <section class=\"sec sec_characterarea\">\r\n                    <div class=\"sec_h2chara\">\r\n                        <p id=\"CHARA_1207_007\" class=\"sec_h2charattl\">Sharena vous pr\u00e9sente\u2026<\/p>\r\n                        <h2 id=\"CHARA_1207_008\" class=\"sec_h2charatxt\">Volont\u00e9 profonde Alm<\/h2>\r\n                    <\/div>\r\n                    <dl class=\"sec_dl flex\">\r\n                        <dt id=\"CHARA_1207_009\" class=\"sec_dt\">Alm s&rsquo;est battu pour sauver le continent de Valentia, et en renfor\u00e7ant son lien avec Celica, la princesse de Zofia, il est devenu plus fort\u00a0!<\/dt>\r\n                        <dd class=\"sec_dd\">\r\n                            <a href=\"https:\/\/guide.fire-emblem-heroes.com\/wp-content\/uploads\/arum_powerful_resolve_pop01.png\" class=\"popup-image\">\r\n                                <img decoding=\"async\" src=\"https:\/\/guide.fire-emblem-heroes.com\/wp-content\/uploads\/arum_powerful_resolve_info01.png\" alt=\"\" \/>\r\n                            <\/a>\r\n                        <\/dd>\r\n                        <dt id=\"CHARA_1207_010\" class=\"sec_dt\">Il porte \u00e9galement une nouvelle tenue qui inclut une cape \u00e9blouissante. Son bouclier et le carquois dans son dos arborent le sceau de Zofia !<\/dt>\r\n                        <dd class=\"sec_dd\">\r\n                            <a href=\"https:\/\/guide.fire-emblem-heroes.com\/wp-content\/uploads\/arum_powerful_resolve_pop02.png\" class=\"popup-image\">\r\n                                <img decoding=\"async\" src=\"https:\/\/guide.fire-emblem-heroes.com\/wp-content\/uploads\/arum_powerful_resolve_info02.png\" alt=\"\" \/>\r\n                            <\/a>\r\n                        <\/dd>\r\n                        <dt id=\"CHARA_1207_011\" class=\"sec_dt\">En fait, l&rsquo;arc qu&rsquo;il tient est con\u00e7u pour ressembler au Joyau de Zofia, l&rsquo;\u00e9p\u00e9e port\u00e9e par Celica.<\/dt>\r\n                        <dd class=\"sec_dd\">\r\n                            <a href=\"https:\/\/guide.fire-emblem-heroes.com\/wp-content\/uploads\/arum_powerful_resolve_pop03.png\" class=\"popup-image\">\r\n                                <img decoding=\"async\" src=\"https:\/\/guide.fire-emblem-heroes.com\/wp-content\/uploads\/arum_powerful_resolve_info03.png\" alt=\"\" \/>\r\n                            <\/a>\r\n                        <\/dd>\r\n                        <dt id=\"CHARA_1207_012\" class=\"sec_dt\">La tenue d&rsquo;Alm en dit long sur la force de son lien avec Celica. Je suis certaine de pouvoir compter sur eux deux pour apporter ensemble la paix en Valentia\u00a0!<\/dt>\r\n                        <dd class=\"sec_dd\">\r\n                            <a href=\"https:\/\/guide.fire-emblem-heroes.com\/wp-content\/uploads\/arum_powerful_resolve_pop04.png\" class=\"popup-image\">\r\n                                <img decoding=\"async\" src=\"https:\/\/guide.fire-emblem-heroes.com\/wp-content\/uploads\/arum_powerful_resolve_info04.png\" alt=\"\" \/>\r\n                            <\/a>\r\n                        <\/dd>\r\n                    <\/dl>\r\n                    <h3 id=\"CHARA_1207_013\" class=\"sec_h3charatxt\">Personnage li\u00e9 \u00e0<\/h3>\r\n                    <h4 id=\"CHARA_1207_014\" class=\"sec_h4charatxt\">Celica<\/h4>\r\n                    <p id=\"CHARA_1207_015\" class=\"sec_charatxt\">Princesse de Zofia devenue pr\u00eatresse. Aide son prochain et d\u00e9teste le combat. Porte la marque sur la main droite, tandis qu&rsquo;Alm porte celle de Duma sur sa main gauche.<\/p>\r\n                    <h4 id=\"CHARA_1207_016\" class=\"sec_h4charatxt\">Mycen<\/h4>\r\n                    <p id=\"CHARA_1207_017\" class=\"sec_charatxt\">Auparavant soldat, il est devenu chevalier et a ensuite obtenu le titre de comte. \u00c0 la retraite, il vit d\u00e9sormais dans le village de Ram avec son petit fils Alm.<\/p>\r\n                <\/section>\r\n            <\/article>\r\n        <\/main>","protected":false},"excerpt":{"rendered":"H\u00e9ros en symbiose Volont\u00e9 profonde Alm Appara\u00eet dans Fire Emblem Echoes: Shadows of Valentia Sharena vous pr\u00e9sente\u2026 Volont\u00e9 profonde Alm Alm s&rsquo;est battu pour sauver le continent de Valentia, et en renfor\u00e7ant son lien avec Celica, la princesse de Zofia, il est devenu plus fort\u00a0! Il porte \u00e9galement une nouvelle tenue qui inclut une cape [&hellip;]","protected":false},"author":1,"featured_media":58727,"comment_status":"closed","ping_status":"closed","sticky":false,"template":"","format":"standard","meta":{"advanced_seo_description":"","jetpack_seo_html_title":"","jetpack_seo_noindex":false,"_jetpack_newsletter_access":"","_jetpack_dont_email_post_to_subs":false,"_jetpack_newsletter_tier_id":0,"_jetpack_memberships_contains_paywalled_content":false,"_locale":"fr_FR","_original_post":"https:\/\/guide.fire-emblem-heroes.com\/?p=58610","_jetpack_memberships_contains_paid_content":false,"footnotes":"","jetpack_publicize_message":"","jetpack_publicize_feature_enabled":true,"jetpack_social_post_already_shared":false,"jetpack_social_options":{"image_generator_settings":{"template":"highway","default_image_id":0,"font":"","enabled":false},"version":2},"_wpas_customize_per_network":false,"jetpack_post_was_ever_published":false},"categories":[1384,1425,1523,1390],"tags":[1521],"class_list":["post-58618","post","type-post","status-publish","format-standard","has-post-thumbnail","hentry","category-character","category-ex_works_shadows_of_valentia","category-attuned_heroes","category-stay_heroes","tag-heros-en-symbiose","fr-FR"],"jetpack_publicize_connections":[],"jetpack_featured_media_url":"https:\/\/guide.fire-emblem-heroes.com\/wp-content\/uploads\/arum_powerful_resolve.png","jetpack_sharing_enabled":false,"jetpack_shortlink":"https:\/\/wp.me\/pa0Mj3-ffs","jetpack_likes_enabled":false,"amp_enabled":false,"_links":{"self":[{"href":"https:\/\/guide.fire-emblem-heroes.com\/wp-json\/wp\/v2\/posts\/58618","targetHints":{"allow":["GET"]}}],"collection":[{"href":"https:\/\/guide.fire-emblem-heroes.com\/wp-json\/wp\/v2\/posts"}],"about":[{"href":"https:\/\/guide.fire-emblem-heroes.com\/wp-json\/wp\/v2\/types\/post"}],"author":[{"embeddable":true,"href":"https:\/\/guide.fire-emblem-heroes.com\/wp-json\/wp\/v2\/users\/1"}],"replies":[{"embeddable":true,"href":"https:\/\/guide.fire-emblem-heroes.com\/wp-json\/wp\/v2\/comments?post=58618"}],"version-history":[{"count":1,"href":"https:\/\/guide.fire-emblem-heroes.com\/wp-json\/wp\/v2\/posts\/58618\/revisions"}],"predecessor-version":[{"id":58629,"href":"https:\/\/guide.fire-emblem-heroes.com\/wp-json\/wp\/v2\/posts\/58618\/revisions\/58629"}],"wp:featuredmedia":[{"embeddable":true,"href":"https:\/\/guide.fire-emblem-heroes.com\/wp-json\/wp\/v2\/media\/58727"}],"wp:attachment":[{"href":"https:\/\/guide.fire-emblem-heroes.com\/wp-json\/wp\/v2\/media?parent=58618"}],"wp:term":[{"taxonomy":"category","embeddable":true,"href":"https:\/\/guide.fire-emblem-heroes.com\/wp-json\/wp\/v2\/categories?post=58618"},{"taxonomy":"post_tag","embeddable":true,"href":"https:\/\/guide.fire-emblem-heroes.com\/wp-json\/wp\/v2\/tags?post=58618"}],"curies":[{"name":"wp","href":"https:\/\/api.w.org\/{rel}","templated":true}]}}