






{"id":60525,"date":"2025-06-04T13:01:58","date_gmt":"2025-06-04T04:01:58","guid":{"rendered":"https:\/\/guide.fire-emblem-heroes.com\/?p=60525"},"modified":"2025-06-30T16:05:56","modified_gmt":"2025-06-30T07:05:56","slug":"10069011001249-2","status":"publish","type":"post","link":"https:\/\/guide.fire-emblem-heroes.com\/fr\/10069011001249-2\/","title":{"rendered":"<span class=\"character_nick\">Deux esprits<\/span><span class=\"character_name\">Noire<\/span>"},"content":{"rendered":"<main id=\"CHARA_1251\" class=\"main_page character\">\r\n            <article>\r\n                <section class=\"sec sec_character\">\r\n                    <ul class=\"sec_ul sec_ul--character slick-box\">\r\n                        <li class=\"sec_li sec_li--character\">\r\n                            <img decoding=\"async\" src=\"https:\/\/guide.fire-emblem-heroes.com\/wp-content\/uploads\/noir_of_two_minds_slide01.png\" alt=\"\" \/>\r\n                        <\/li>\r\n                        <li class=\"sec_li sec_li--character\">\r\n                            <img decoding=\"async\" src=\"https:\/\/guide.fire-emblem-heroes.com\/wp-content\/uploads\/noir_of_two_minds_slide02.png\" alt=\"\" \/>\r\n                        <\/li>\r\n                        <li class=\"sec_li sec_li--character\">\r\n                            <img decoding=\"async\" src=\"https:\/\/guide.fire-emblem-heroes.com\/wp-content\/uploads\/noir_of_two_minds_slide03.png\" alt=\"\" \/>\r\n                        <\/li>\r\n                        <li class=\"sec_li sec_li--character\">\r\n                            <img decoding=\"async\" src=\"https:\/\/guide.fire-emblem-heroes.com\/wp-content\/uploads\/noir_of_two_minds_slide04.png\" alt=\"\" \/>\r\n                        <\/li>\r\n                    <\/ul>\r\n                    <div class=\"sec_charainfoarea flex\">\r\n                        <div class=\"sec_gif\"><img loading=\"lazy\" decoding=\"async\" src=\"https:\/\/guide.fire-emblem-heroes.com\/wp-content\/uploads\/noir_of_two_minds.png\" alt=\"\" width=\"210\" height=\"190\"\/><\/div>\r\n                        <div class=\"sec_charainfo\">\r\n                            <p id=\"CHARA_1251_002\" class=\"sec_characate sec_characate--rearmed_heroes\">H\u00e9ros myst\u00e9rieux<\/p>\r\n                            <p id=\"CHARA_1251_003\" class=\"sec_charanick\">Deux esprits<\/p>\r\n                            <p id=\"CHARA_1251_004\" class=\"sec_charaname\">Noire<\/p>\r\n                            <p id=\"CHARA_1251_005\" class=\"sec_charaappearancetxt\">Appara\u00eet dans<\/p>\r\n                            <p id=\"CHARA_1251_006\" class=\"sec_charaappearancetxt\">Fire Emblem: Awakening<\/p>\r\n                        <\/div>\r\n                    <\/div>\r\n                <\/section>\r\n            <\/article>\r\n            <article>\r\n                <section class=\"sec sec_characterarea\">\r\n                    <div class=\"sec_h2chara\">\r\n                        <p id=\"CHARA_1251_007\" class=\"sec_h2charattl\">Sharena vous pr\u00e9sente\u2026<\/p>\r\n                        <h2 id=\"CHARA_1251_008\" class=\"sec_h2charatxt\">Deux esprits Noire<\/h2>\r\n                    <\/div>\r\n                    <dl class=\"sec_dl flex\">\r\n                        <dt id=\"CHARA_1251_009\" class=\"sec_dt\">Noire est une h\u00e9ro\u00efne venue en Ylisse depuis un monde futur\u00a0! Elle est la fille de Tharja, mage noire de Plegia, mais son arme de pr\u00e9dilection, c&rsquo;est l&rsquo;arc\u00a0!<\/dt>\r\n                        <dd class=\"sec_dd\">\r\n                            <a href=\"https:\/\/guide.fire-emblem-heroes.com\/wp-content\/uploads\/noir_of_two_minds_pop01.png\" class=\"popup-image\">\r\n                                <img decoding=\"async\" src=\"https:\/\/guide.fire-emblem-heroes.com\/wp-content\/uploads\/noir_of_two_minds_info01.png\" alt=\"\" \/>\r\n                            <\/a>\r\n                        <\/dd>\r\n                        <dt id=\"CHARA_1251_010\" class=\"sec_dt\">Extr\u00eamement timide, Noire a tendance \u00e0 fuir le conflit, et \u00e0 toutes jambes, en plus\u00a0! N\u00e9anmoins, elle change compl\u00e8tement de comportement quand elle perd son calme, ressemblant alors \u00e0 un g\u00e9n\u00e9ral courageux qui aurait connu toutes les batailles.<\/dt>\r\n                        <dd class=\"sec_dd\">\r\n                            <a href=\"https:\/\/guide.fire-emblem-heroes.com\/wp-content\/uploads\/noir_of_two_minds_pop02.png\" class=\"popup-image\">\r\n                                <img decoding=\"async\" src=\"https:\/\/guide.fire-emblem-heroes.com\/wp-content\/uploads\/noir_of_two_minds_info02.png\" alt=\"\" \/>\r\n                            <\/a>\r\n                        <\/dd>\r\n                        <dt id=\"CHARA_1251_011\" class=\"sec_dt\">Apparemment, cette m\u00e9tamorphose est li\u00e9e \u00e0 un talisman cr\u00e9\u00e9 par Tharja dans le futur pour aguerrir sa fille trop timide. Il lui suffit de le tenir pour endurcir son c\u0153ur, effa\u00e7ant toute tristesse et toute peur.<\/dt>\r\n                        <dd class=\"sec_dd\">\r\n                            <a href=\"https:\/\/guide.fire-emblem-heroes.com\/wp-content\/uploads\/noir_of_two_minds_pop03.png\" class=\"popup-image\">\r\n                                <img decoding=\"async\" src=\"https:\/\/guide.fire-emblem-heroes.com\/wp-content\/uploads\/noir_of_two_minds_info03.png\" alt=\"\" \/>\r\n                            <\/a>\r\n                        <\/dd>\r\n                        <dt id=\"CHARA_1251_012\" class=\"sec_dt\">Enfant, Noire voulait toujours aider Tharja, et imitait tous ses faits et gestes. J&rsquo;ai h\u00e2te de voir comment elles vont faire \u00e9quipe au sein des Gardiens d&rsquo;Askr\u00a0!<\/dt>\r\n                        <dd class=\"sec_dd\">\r\n                            <a href=\"https:\/\/guide.fire-emblem-heroes.com\/wp-content\/uploads\/noir_of_two_minds_pop04.png\" class=\"popup-image\">\r\n                                <img decoding=\"async\" src=\"https:\/\/guide.fire-emblem-heroes.com\/wp-content\/uploads\/noir_of_two_minds_info04.png\" alt=\"\" \/>\r\n                            <\/a>\r\n                        <\/dd>\r\n                    <\/dl>\r\n                    <h3 id=\"CHARA_1251_013\" class=\"sec_h3charatxt\">Personnage li\u00e9 \u00e0<\/h3>\r\n                    <h4 id=\"CHARA_1251_014\" class=\"sec_h4charatxt\">Tharja<\/h4>\r\n                    <p id=\"CHARA_1251_015\" class=\"sec_charatxt\">Mage de Plegia. Sinistre et de nature possessive, surtout vis-\u00e0-vis de Daraen. Noire est sa fille.<\/p>\r\n                <\/section>\r\n            <\/article>\r\n        <\/main>","protected":false},"excerpt":{"rendered":"H\u00e9ros myst\u00e9rieux Deux esprits Noire Appara\u00eet dans Fire Emblem: Awakening Sharena vous pr\u00e9sente\u2026 Deux esprits Noire Noire est une h\u00e9ro\u00efne venue en Ylisse depuis un monde futur\u00a0! Elle est la fille de Tharja, mage noire de Plegia, mais son arme de pr\u00e9dilection, c&rsquo;est l&rsquo;arc\u00a0! Extr\u00eamement timide, Noire a tendance \u00e0 fuir le conflit, et \u00e0 [&hellip;]","protected":false},"author":1,"featured_media":60617,"comment_status":"closed","ping_status":"closed","sticky":false,"template":"","format":"standard","meta":{"advanced_seo_description":"","jetpack_seo_html_title":"","jetpack_seo_noindex":false,"_jetpack_newsletter_access":"","_jetpack_dont_email_post_to_subs":false,"_jetpack_newsletter_tier_id":0,"_jetpack_memberships_contains_paywalled_content":false,"_locale":"fr_FR","_original_post":"https:\/\/guide.fire-emblem-heroes.com\/?p=60517","_jetpack_memberships_contains_paid_content":false,"footnotes":"","jetpack_publicize_message":"","jetpack_publicize_feature_enabled":true,"jetpack_social_post_already_shared":false,"jetpack_social_options":{"image_generator_settings":{"template":"highway","default_image_id":0,"font":"","enabled":false},"version":2},"_wpas_customize_per_network":false,"jetpack_post_was_ever_published":false},"categories":[1384,1431,1496,1390],"tags":[1501],"class_list":["post-60525","post","type-post","status-publish","format-standard","has-post-thumbnail","hentry","category-character","category-ex_works_awakening","category-rearmed_heroes","category-stay_heroes","tag-heros-mysterieux","fr-FR"],"jetpack_publicize_connections":[],"jetpack_featured_media_url":"https:\/\/guide.fire-emblem-heroes.com\/wp-content\/uploads\/noir_of_two_minds.png","jetpack_sharing_enabled":false,"jetpack_shortlink":"https:\/\/wp.me\/pa0Mj3-fKd","jetpack_likes_enabled":false,"amp_enabled":false,"_links":{"self":[{"href":"https:\/\/guide.fire-emblem-heroes.com\/wp-json\/wp\/v2\/posts\/60525","targetHints":{"allow":["GET"]}}],"collection":[{"href":"https:\/\/guide.fire-emblem-heroes.com\/wp-json\/wp\/v2\/posts"}],"about":[{"href":"https:\/\/guide.fire-emblem-heroes.com\/wp-json\/wp\/v2\/types\/post"}],"author":[{"embeddable":true,"href":"https:\/\/guide.fire-emblem-heroes.com\/wp-json\/wp\/v2\/users\/1"}],"replies":[{"embeddable":true,"href":"https:\/\/guide.fire-emblem-heroes.com\/wp-json\/wp\/v2\/comments?post=60525"}],"version-history":[{"count":1,"href":"https:\/\/guide.fire-emblem-heroes.com\/wp-json\/wp\/v2\/posts\/60525\/revisions"}],"predecessor-version":[{"id":60529,"href":"https:\/\/guide.fire-emblem-heroes.com\/wp-json\/wp\/v2\/posts\/60525\/revisions\/60529"}],"wp:featuredmedia":[{"embeddable":true,"href":"https:\/\/guide.fire-emblem-heroes.com\/wp-json\/wp\/v2\/media\/60617"}],"wp:attachment":[{"href":"https:\/\/guide.fire-emblem-heroes.com\/wp-json\/wp\/v2\/media?parent=60525"}],"wp:term":[{"taxonomy":"category","embeddable":true,"href":"https:\/\/guide.fire-emblem-heroes.com\/wp-json\/wp\/v2\/categories?post=60525"},{"taxonomy":"post_tag","embeddable":true,"href":"https:\/\/guide.fire-emblem-heroes.com\/wp-json\/wp\/v2\/tags?post=60525"}],"curies":[{"name":"wp","href":"https:\/\/api.w.org\/{rel}","templated":true}]}}