






{"id":61800,"date":"2025-08-13T11:50:02","date_gmt":"2025-08-13T02:50:02","guid":{"rendered":"https:\/\/guide.fire-emblem-heroes.com\/?p=61800"},"modified":"2026-01-04T12:32:58","modified_gmt":"2026-01-04T03:32:58","slug":"00008005001279-2","status":"publish","type":"post","link":"https:\/\/guide.fire-emblem-heroes.com\/fr\/00008005001279-2\/","title":{"rendered":"<span class=\"character_nick\">Athl\u00e8te n\u00e9<\/span><span class=\"character_name\">Eik\u00feyrnir<\/span>"},"content":{"rendered":"<main id=\"CHARA_1279\" class=\"main_page character\">\r\n            <article>\r\n                <section class=\"sec sec_character\">\r\n                    <ul class=\"sec_ul sec_ul--character slick-box\">\r\n                        <li class=\"sec_li sec_li--character\">\r\n                            <img decoding=\"async\" src=\"https:\/\/guide.fire-emblem-heroes.com\/wp-content\/uploads\/eikthyrnir_resolved_to_train_slide01.png\" alt=\"\" \/>\r\n                        <\/li>\r\n                        <li class=\"sec_li sec_li--character\">\r\n                            <img decoding=\"async\" src=\"https:\/\/guide.fire-emblem-heroes.com\/wp-content\/uploads\/eikthyrnir_resolved_to_train_slide02.png\" alt=\"\" \/>\r\n                        <\/li>\r\n                        <li class=\"sec_li sec_li--character\">\r\n                            <img decoding=\"async\" src=\"https:\/\/guide.fire-emblem-heroes.com\/wp-content\/uploads\/eikthyrnir_resolved_to_train_slide03.png\" alt=\"\" \/>\r\n                        <\/li>\r\n                        <li class=\"sec_li sec_li--character\">\r\n                            <img decoding=\"async\" src=\"https:\/\/guide.fire-emblem-heroes.com\/wp-content\/uploads\/eikthyrnir_resolved_to_train_slide04.png\" alt=\"\" \/>\r\n                        <\/li>\r\n                    <\/ul>\r\n                    <div class=\"sec_charainfoarea flex\">\r\n                        <div class=\"sec_gif\"><img loading=\"lazy\" decoding=\"async\" src=\"https:\/\/guide.fire-emblem-heroes.com\/wp-content\/uploads\/eikthyrnir_resolved_to_train.png\" alt=\"\" width=\"210\" height=\"190\"\/><\/div>\r\n                        <div class=\"sec_charainfo\">\r\n                            <p id=\"CHARA_1279_002\" class=\"sec_characate sec_characate--heroes\">H\u00e9ros<\/p>\r\n                            <p id=\"CHARA_1279_003\" class=\"sec_charanick\">Athl\u00e8te n\u00e9<\/p>\r\n                            <p id=\"CHARA_1279_004\" class=\"sec_charaname\">Eik\u00feyrnir<\/p>\r\n                            <p id=\"CHARA_1279_005\" class=\"sec_charaappearancetxt\">Appara\u00eet dans<\/p>\r\n                            <p id=\"CHARA_1279_006\" class=\"sec_charaappearancetxt\">Fire Emblem Heroes<\/p>\r\n                        <\/div>\r\n                    <\/div>\r\n                <\/section>\r\n            <\/article>\r\n            <article>\r\n                <section class=\"sec sec_characterarea\">\r\n                    <div class=\"sec_h2chara\">\r\n                        <p id=\"CHARA_1279_007\" class=\"sec_h2charattl\">Sharena vous pr\u00e9sente\u2026<\/p>\r\n                        <h2 id=\"CHARA_1279_008\" class=\"sec_h2charatxt\">Athl\u00e8te n\u00e9 Eik\u00feyrnir<\/h2>\r\n                    <\/div>\r\n                    <dl class=\"sec_dl flex\">\r\n                        <dt id=\"CHARA_1279_009\" class=\"sec_dt\">Eik\u00feyrnir, une des Mains gu\u00e9risseuses d&rsquo;Yggdrasill, se pr\u00e9sente avec une nouvelle tenue, la m\u00eame que L\u00e6ra\u00f0r, leur chef\u00a0!<\/dt>\r\n                        <dd class=\"sec_dd\">\r\n                            <a href=\"https:\/\/guide.fire-emblem-heroes.com\/wp-content\/uploads\/eikthyrnir_resolved_to_train_pop01.png\" class=\"popup-image\">\r\n                                <img decoding=\"async\" src=\"https:\/\/guide.fire-emblem-heroes.com\/wp-content\/uploads\/eikthyrnir_resolved_to_train_info01.png\" alt=\"\" \/>\r\n                            <\/a>\r\n                        <\/dd>\r\n                        <dt id=\"CHARA_1279_010\" class=\"sec_dt\">Cet ensemble remarquable se distingue par le long tissu drap\u00e9 autour du bas de son corps. Eik\u00feyrnir arbore m\u00eame une coiffe con\u00e7ue de la m\u00eame fa\u00e7on que celle de L\u00e6ra\u00f0r\u00a0!<\/dt>\r\n                        <dd class=\"sec_dd\">\r\n                            <a href=\"https:\/\/guide.fire-emblem-heroes.com\/wp-content\/uploads\/eikthyrnir_resolved_to_train_pop02.png\" class=\"popup-image\">\r\n                                <img decoding=\"async\" src=\"https:\/\/guide.fire-emblem-heroes.com\/wp-content\/uploads\/eikthyrnir_resolved_to_train_info02.png\" alt=\"\" \/>\r\n                            <\/a>\r\n                        <\/dd>\r\n                        <dt id=\"CHARA_1279_011\" class=\"sec_dt\">Bien entendu, Eik\u00feyrnir est accompagn\u00e9 de son fid\u00e8le halt\u00e8re, qui a cette fois des anneaux de lumi\u00e8re p\u00e2le rappelant le style de L\u00e6ra\u00f0r !<\/dt>\r\n                        <dd class=\"sec_dd\">\r\n                            <a href=\"https:\/\/guide.fire-emblem-heroes.com\/wp-content\/uploads\/eikthyrnir_resolved_to_train_pop03.png\" class=\"popup-image\">\r\n                                <img decoding=\"async\" src=\"https:\/\/guide.fire-emblem-heroes.com\/wp-content\/uploads\/eikthyrnir_resolved_to_train_info03.png\" alt=\"\" \/>\r\n                            <\/a>\r\n                        <\/dd>\r\n                        <dt id=\"CHARA_1279_012\" class=\"sec_dt\">\u00c9videmment, leurs constitutions \u00e9tant totalement oppos\u00e9es, Eik\u00feyrnir porte la tenue de L\u00e6ra\u00f0r d&rsquo;une fa\u00e7on tr\u00e8s diff\u00e9rente. D&rsquo;ailleurs, le voici d\u00e9j\u00e0 replong\u00e9 dans son entra\u00eenement. Comme il dit, \u00ab\u00a0le muscle est la meilleure des armures\u00a0!\u00a0\u00bb<\/dt>\r\n                        <dd class=\"sec_dd\">\r\n                            <a href=\"https:\/\/guide.fire-emblem-heroes.com\/wp-content\/uploads\/eikthyrnir_resolved_to_train_pop04.png\" class=\"popup-image\">\r\n                                <img decoding=\"async\" src=\"https:\/\/guide.fire-emblem-heroes.com\/wp-content\/uploads\/eikthyrnir_resolved_to_train_info04.png\" alt=\"\" \/>\r\n                            <\/a>\r\n                        <\/dd>\r\n                    <\/dl>\r\n                    <h3 id=\"CHARA_1279_013\" class=\"sec_h3charatxt\">Personnage li\u00e9 \u00e0<\/h3>\r\n                    <h4 id=\"CHARA_1279_014\" class=\"sec_h4charatxt\">L\u00e6ra\u00f0r<\/h4>\r\n                    <p id=\"CHARA_1279_015\" class=\"sec_charatxt\">Chef des Mains gu\u00e9risseuses d&rsquo;Yggdrasill. Il est connu pour sa capacit\u00e9 \u00e0 contr\u00f4ler le c\u0153ur des gens. P\u00e8re de Eik\u00feyrnir.<\/p>\r\n                    <h4 id=\"CHARA_1279_016\" class=\"sec_h4charatxt\">Ratatoskr<\/h4>\r\n                    <p id=\"CHARA_1279_017\" class=\"sec_charatxt\">Membre des Mains gu\u00e9risseuses d&rsquo;Yggdrasill qui a tendance \u00e0 facilement se laisser submerger par la charge de travail. Elle a gu\u00e9ri de multiples maladies \u00e0 travers les neuf royaumes. Jeune s\u0153ur d&rsquo;Eik\u00feyrnir.<\/p>\r\n                    <h4 id=\"CHARA_1279_018\" class=\"sec_h4charatxt\">Hei\u00f0r\u00fan<\/h4>\r\n                    <p id=\"CHARA_1279_019\" class=\"sec_charatxt\">Membre des Mains gu\u00e9risseuses d&rsquo;Yggdrasill. Son nectar est un rem\u00e8de puissant capable de gu\u00e9rir les maladies et de contrer les effets du poison. Jeune s\u0153ur d&rsquo;Eik\u00feyrnir.<\/p>\r\n                <\/section>\r\n            <\/article>\r\n        <\/main>","protected":false},"excerpt":{"rendered":"H\u00e9ros Athl\u00e8te n\u00e9 Eik\u00feyrnir Appara\u00eet dans Fire Emblem Heroes Sharena vous pr\u00e9sente\u2026 Athl\u00e8te n\u00e9 Eik\u00feyrnir Eik\u00feyrnir, une des Mains gu\u00e9risseuses d&rsquo;Yggdrasill, se pr\u00e9sente avec une nouvelle tenue, la m\u00eame que L\u00e6ra\u00f0r, leur chef\u00a0! Cet ensemble remarquable se distingue par le long tissu drap\u00e9 autour du bas de son corps. Eik\u00feyrnir arbore m\u00eame une coiffe con\u00e7ue [&hellip;]","protected":false},"author":1,"featured_media":61906,"comment_status":"closed","ping_status":"closed","sticky":false,"template":"","format":"standard","meta":{"advanced_seo_description":"","jetpack_seo_html_title":"","jetpack_seo_noindex":false,"_jetpack_newsletter_access":"","_jetpack_dont_email_post_to_subs":false,"_jetpack_newsletter_tier_id":0,"_jetpack_memberships_contains_paywalled_content":false,"_locale":"fr_FR","_original_post":"https:\/\/guide.fire-emblem-heroes.com\/?p=61792","_jetpack_memberships_contains_paid_content":false,"footnotes":"","jetpack_publicize_message":"","jetpack_publicize_feature_enabled":true,"jetpack_social_post_already_shared":false,"jetpack_social_options":{"image_generator_settings":{"template":"highway","default_image_id":0,"font":"","enabled":false},"version":2},"_wpas_customize_per_network":false,"jetpack_post_was_ever_published":false},"categories":[1384,1423,1415,1390],"tags":[1419],"class_list":["post-61800","post","type-post","status-publish","format-standard","has-post-thumbnail","hentry","category-character","category-ex_works_heroes","category-heroes","category-stay_heroes","tag-heros","fr-FR"],"jetpack_publicize_connections":[],"jetpack_featured_media_url":"https:\/\/guide.fire-emblem-heroes.com\/wp-content\/uploads\/eikthyrnir_resolved_to_train.png","jetpack_sharing_enabled":false,"jetpack_shortlink":"https:\/\/wp.me\/pa0Mj3-g4M","jetpack_likes_enabled":false,"amp_enabled":false,"_links":{"self":[{"href":"https:\/\/guide.fire-emblem-heroes.com\/wp-json\/wp\/v2\/posts\/61800","targetHints":{"allow":["GET"]}}],"collection":[{"href":"https:\/\/guide.fire-emblem-heroes.com\/wp-json\/wp\/v2\/posts"}],"about":[{"href":"https:\/\/guide.fire-emblem-heroes.com\/wp-json\/wp\/v2\/types\/post"}],"author":[{"embeddable":true,"href":"https:\/\/guide.fire-emblem-heroes.com\/wp-json\/wp\/v2\/users\/1"}],"replies":[{"embeddable":true,"href":"https:\/\/guide.fire-emblem-heroes.com\/wp-json\/wp\/v2\/comments?post=61800"}],"version-history":[{"count":1,"href":"https:\/\/guide.fire-emblem-heroes.com\/wp-json\/wp\/v2\/posts\/61800\/revisions"}],"predecessor-version":[{"id":61807,"href":"https:\/\/guide.fire-emblem-heroes.com\/wp-json\/wp\/v2\/posts\/61800\/revisions\/61807"}],"wp:featuredmedia":[{"embeddable":true,"href":"https:\/\/guide.fire-emblem-heroes.com\/wp-json\/wp\/v2\/media\/61906"}],"wp:attachment":[{"href":"https:\/\/guide.fire-emblem-heroes.com\/wp-json\/wp\/v2\/media?parent=61800"}],"wp:term":[{"taxonomy":"category","embeddable":true,"href":"https:\/\/guide.fire-emblem-heroes.com\/wp-json\/wp\/v2\/categories?post=61800"},{"taxonomy":"post_tag","embeddable":true,"href":"https:\/\/guide.fire-emblem-heroes.com\/wp-json\/wp\/v2\/tags?post=61800"}],"curies":[{"name":"wp","href":"https:\/\/api.w.org\/{rel}","templated":true}]}}