






{"id":62661,"date":"2025-10-03T13:34:50","date_gmt":"2025-10-03T04:34:50","guid":{"rendered":"https:\/\/guide.fire-emblem-heroes.com\/?p=62661"},"modified":"2025-11-06T16:18:46","modified_gmt":"2025-11-06T07:18:46","slug":"00004007001296-2","status":"publish","type":"post","link":"https:\/\/guide.fire-emblem-heroes.com\/fr\/00004007001296-2\/","title":{"rendered":"<span class=\"character_nick\">C\u0153urs parall\u00e8les<\/span><span class=\"character_name\">Freyja<\/span>"},"content":{"rendered":"<main id=\"CHARA_1296\" class=\"main_page character\">\r\n            <article>\r\n                <section class=\"sec sec_character\">\r\n                    <ul class=\"sec_ul sec_ul--character slick-box\">\r\n                        <li class=\"sec_li sec_li--character\">\r\n                            <img decoding=\"async\" src=\"https:\/\/guide.fire-emblem-heroes.com\/wp-content\/uploads\/freya_parallel_hearts_slide01.png\" alt=\"\" \/>\r\n                        <\/li>\r\n                        <li class=\"sec_li sec_li--character\">\r\n                            <img decoding=\"async\" src=\"https:\/\/guide.fire-emblem-heroes.com\/wp-content\/uploads\/freya_parallel_hearts_slide02.png\" alt=\"\" \/>\r\n                        <\/li>\r\n                        <li class=\"sec_li sec_li--character\">\r\n                            <img decoding=\"async\" src=\"https:\/\/guide.fire-emblem-heroes.com\/wp-content\/uploads\/freya_parallel_hearts_slide03.png\" alt=\"\" \/>\r\n                        <\/li>\r\n                        <li class=\"sec_li sec_li--character\">\r\n                            <img decoding=\"async\" src=\"https:\/\/guide.fire-emblem-heroes.com\/wp-content\/uploads\/freya_parallel_hearts_slide04.png\" alt=\"\" \/>\r\n                        <\/li>\r\n                    <\/ul>\r\n                    <div class=\"sec_charainfoarea flex\">\r\n                        <div class=\"sec_gif\"><img loading=\"lazy\" decoding=\"async\" src=\"https:\/\/guide.fire-emblem-heroes.com\/wp-content\/uploads\/freya_parallel_hearts.png\" alt=\"\" width=\"210\" height=\"190\"\/><\/div>\r\n                        <div class=\"sec_charainfo\">\r\n                            <p id=\"CHARA_1296_002\" class=\"sec_characate sec_characate--duo_hero\">Doubles unit\u00e9s<\/p>\r\n                            <p id=\"CHARA_1296_003\" class=\"sec_charanick\">C\u0153urs parall\u00e8les<\/p>\r\n                            <p id=\"CHARA_1296_004\" class=\"sec_charaname\">Freyja<\/p>\r\n                            <p id=\"CHARA_1296_005\" class=\"sec_charaappearancetxt\">Appara\u00eet dans<\/p>\r\n                            <p id=\"CHARA_1296_006\" class=\"sec_charaappearancetxt\">Fire Emblem Heroes<\/p>\r\n                        <\/div>\r\n                    <\/div>\r\n                <\/section>\r\n            <\/article>\r\n            <article>\r\n                <section class=\"sec sec_characterarea\">\r\n                    <div class=\"sec_h2chara\">\r\n                        <p id=\"CHARA_1296_007\" class=\"sec_h2charattl\">Sharena vous pr\u00e9sente\u2026<\/p>\r\n                        <h2 id=\"CHARA_1296_008\" class=\"sec_h2charatxt\">C\u0153urs parall\u00e8les Freyja<\/h2>\r\n                    <\/div>\r\n                    <dl class=\"sec_dl flex\">\r\n                        <dt id=\"CHARA_1296_009\" class=\"sec_dt\">Freyja, reine de D\u00f6kk\u00e1lfheimr et Eitr, autrefois au service de la figure gouvernant le n\u00e9ant, sont venues ensemble s&rsquo;amuser au festival d&rsquo;automne\u00a0!<\/dt>\r\n                        <dd class=\"sec_dd\">\r\n                            <a href=\"https:\/\/guide.fire-emblem-heroes.com\/wp-content\/uploads\/freya_parallel_hearts_pop01.png\" class=\"popup-image\">\r\n                                <img decoding=\"async\" src=\"https:\/\/guide.fire-emblem-heroes.com\/wp-content\/uploads\/freya_parallel_hearts_info01.png\" alt=\"\" \/>\r\n                            <\/a>\r\n                        <\/dd>\r\n                        <dt id=\"CHARA_1296_010\" class=\"sec_dt\">Le contraste dans leurs choix vestimentaires pour cette occasion est frappant. Tout d&rsquo;abord, Freyja est habill\u00e9e en noir, avec une longue jupe et ce qui me semble bien \u00eatre des ailes de dragon dans le dos\u00a0!<\/dt>\r\n                        <dd class=\"sec_dd\">\r\n                            <a href=\"https:\/\/guide.fire-emblem-heroes.com\/wp-content\/uploads\/freya_parallel_hearts_pop02.png\" class=\"popup-image\">\r\n                                <img decoding=\"async\" src=\"https:\/\/guide.fire-emblem-heroes.com\/wp-content\/uploads\/freya_parallel_hearts_info02.png\" alt=\"\" \/>\r\n                            <\/a>\r\n                        <\/dd>\r\n                        <dt id=\"CHARA_1296_011\" class=\"sec_dt\">Eitr, quant \u00e0 elle, porte aussi des ailes, mais des ailes de p\u00e9gase toutes blanches\u00a0! Elle est \u00e9galement \u00e9quip\u00e9e d&rsquo;un sac en bandouli\u00e8re con\u00e7u pour ressembler \u00e0 un ruban !<\/dt>\r\n                        <dd class=\"sec_dd\">\r\n                            <a href=\"https:\/\/guide.fire-emblem-heroes.com\/wp-content\/uploads\/freya_parallel_hearts_pop03.png\" class=\"popup-image\">\r\n                                <img decoding=\"async\" src=\"https:\/\/guide.fire-emblem-heroes.com\/wp-content\/uploads\/freya_parallel_hearts_info03.png\" alt=\"\" \/>\r\n                            <\/a>\r\n                        <\/dd>\r\n                        <dt id=\"CHARA_1296_012\" class=\"sec_dt\">Timide et r\u00e9serv\u00e9e, Eitr fait un remarquable effort pour prendre plaisir lors de ce festival, et on peut compter sur Freyja pour l&rsquo;encourager. Je pense qu&rsquo;elles vont passer du bon temps ensemble\u00a0!<\/dt>\r\n                        <dd class=\"sec_dd\">\r\n                            <a href=\"https:\/\/guide.fire-emblem-heroes.com\/wp-content\/uploads\/freya_parallel_hearts_pop04.png\" class=\"popup-image\">\r\n                                <img decoding=\"async\" src=\"https:\/\/guide.fire-emblem-heroes.com\/wp-content\/uploads\/freya_parallel_hearts_info04.png\" alt=\"\" \/>\r\n                            <\/a>\r\n                        <\/dd>\r\n                    <\/dl>\r\n                    <h3 id=\"CHARA_1296_013\" class=\"sec_h3charatxt\">Personnage li\u00e9 \u00e0<\/h3>\r\n                    <h4 id=\"CHARA_1296_014\" class=\"sec_h4charatxt\">Freyr<\/h4>\r\n                    <p id=\"CHARA_1296_015\" class=\"sec_charatxt\">Roi de Lj\u00f3s\u00e1lfheimr, le royaume des r\u00eaves. Il est le dieu des r\u00eaves et souhaite que tout un chacun puisse vivre une vie paisible et joyeuse. C\u2019est le fr\u00e8re ador\u00e9 de Freyja.<\/p>\r\n                    <h4 id=\"CHARA_1296_016\" class=\"sec_h4charatxt\">Ginnungagap<\/h4>\r\n                    <p id=\"CHARA_1296_017\" class=\"sec_charatxt\">La figure gouvernant le n\u00e9ant dont l&rsquo;objectif est d&rsquo;annihiler tout espoir, ce qui mettra fin aux r\u00eaves, \u00e0 l&rsquo;humanit\u00e9, et \u00e0 l&rsquo;existence de la reine cauchemar et des elfes. Elle force Eitr \u00e0 l&rsquo;aider dans ses plans.<\/p>\r\n                <\/section>\r\n            <\/article>\r\n        <\/main>","protected":false},"excerpt":{"rendered":"Doubles unit\u00e9s C\u0153urs parall\u00e8les Freyja Appara\u00eet dans Fire Emblem Heroes Sharena vous pr\u00e9sente\u2026 C\u0153urs parall\u00e8les Freyja Freyja, reine de D\u00f6kk\u00e1lfheimr et Eitr, autrefois au service de la figure gouvernant le n\u00e9ant, sont venues ensemble s&rsquo;amuser au festival d&rsquo;automne\u00a0! Le contraste dans leurs choix vestimentaires pour cette occasion est frappant. Tout d&rsquo;abord, Freyja est habill\u00e9e en [&hellip;]","protected":false},"author":1,"featured_media":62778,"comment_status":"closed","ping_status":"closed","sticky":false,"template":"","format":"standard","meta":{"advanced_seo_description":"","jetpack_seo_html_title":"","jetpack_seo_noindex":false,"_jetpack_newsletter_access":"","_jetpack_dont_email_post_to_subs":false,"_jetpack_newsletter_tier_id":0,"_jetpack_memberships_contains_paywalled_content":false,"_locale":"fr_FR","_original_post":"https:\/\/guide.fire-emblem-heroes.com\/?p=62652","_jetpack_memberships_contains_paid_content":false,"footnotes":"","jetpack_publicize_message":"","jetpack_publicize_feature_enabled":true,"jetpack_social_post_already_shared":false,"jetpack_social_options":{"image_generator_settings":{"template":"highway","default_image_id":0,"font":"","enabled":false},"version":2},"_wpas_customize_per_network":false,"jetpack_post_was_ever_published":false},"categories":[1384,1423,1390,1440],"tags":[1445],"class_list":["post-62661","post","type-post","status-publish","format-standard","has-post-thumbnail","hentry","category-character","category-ex_works_heroes","category-stay_heroes","category-duo_heroes","tag-doubles-unites","fr-FR"],"jetpack_publicize_connections":[],"jetpack_featured_media_url":"https:\/\/guide.fire-emblem-heroes.com\/wp-content\/uploads\/freya_parallel_hearts.png","jetpack_sharing_enabled":false,"jetpack_shortlink":"https:\/\/wp.me\/pa0Mj3-giF","jetpack_likes_enabled":false,"amp_enabled":false,"_links":{"self":[{"href":"https:\/\/guide.fire-emblem-heroes.com\/wp-json\/wp\/v2\/posts\/62661","targetHints":{"allow":["GET"]}}],"collection":[{"href":"https:\/\/guide.fire-emblem-heroes.com\/wp-json\/wp\/v2\/posts"}],"about":[{"href":"https:\/\/guide.fire-emblem-heroes.com\/wp-json\/wp\/v2\/types\/post"}],"author":[{"embeddable":true,"href":"https:\/\/guide.fire-emblem-heroes.com\/wp-json\/wp\/v2\/users\/1"}],"replies":[{"embeddable":true,"href":"https:\/\/guide.fire-emblem-heroes.com\/wp-json\/wp\/v2\/comments?post=62661"}],"version-history":[{"count":1,"href":"https:\/\/guide.fire-emblem-heroes.com\/wp-json\/wp\/v2\/posts\/62661\/revisions"}],"predecessor-version":[{"id":62672,"href":"https:\/\/guide.fire-emblem-heroes.com\/wp-json\/wp\/v2\/posts\/62661\/revisions\/62672"}],"wp:featuredmedia":[{"embeddable":true,"href":"https:\/\/guide.fire-emblem-heroes.com\/wp-json\/wp\/v2\/media\/62778"}],"wp:attachment":[{"href":"https:\/\/guide.fire-emblem-heroes.com\/wp-json\/wp\/v2\/media?parent=62661"}],"wp:term":[{"taxonomy":"category","embeddable":true,"href":"https:\/\/guide.fire-emblem-heroes.com\/wp-json\/wp\/v2\/categories?post=62661"},{"taxonomy":"post_tag","embeddable":true,"href":"https:\/\/guide.fire-emblem-heroes.com\/wp-json\/wp\/v2\/tags?post=62661"}],"curies":[{"name":"wp","href":"https:\/\/api.w.org\/{rel}","templated":true}]}}