






{"id":62987,"date":"2025-10-15T12:38:23","date_gmt":"2025-10-15T03:38:23","guid":{"rendered":"https:\/\/guide.fire-emblem-heroes.com\/?p=62987"},"modified":"2026-01-04T12:32:58","modified_gmt":"2026-01-04T03:32:58","slug":"08019005001305-2","status":"publish","type":"post","link":"https:\/\/guide.fire-emblem-heroes.com\/fr\/08019005001305-2\/","title":{"rendered":"<span class=\"character_nick\">Lame sans ma\u00eetre<\/span><span class=\"character_name\">Stefan<\/span>"},"content":{"rendered":"<main id=\"CHARA_1304\" class=\"main_page character\">\r\n            <article>\r\n                <section class=\"sec sec_character\">\r\n                    <ul class=\"sec_ul sec_ul--character slick-box\">\r\n                        <li class=\"sec_li sec_li--character\">\r\n                            <img decoding=\"async\" src=\"https:\/\/guide.fire-emblem-heroes.com\/wp-content\/uploads\/stefan_no-mans-blade_slide01.png\" alt=\"\" \/>\r\n                        <\/li>\r\n                        <li class=\"sec_li sec_li--character\">\r\n                            <img decoding=\"async\" src=\"https:\/\/guide.fire-emblem-heroes.com\/wp-content\/uploads\/stefan_no-mans-blade_slide02.png\" alt=\"\" \/>\r\n                        <\/li>\r\n                        <li class=\"sec_li sec_li--character\">\r\n                            <img decoding=\"async\" src=\"https:\/\/guide.fire-emblem-heroes.com\/wp-content\/uploads\/stefan_no-mans-blade_slide03.png\" alt=\"\" \/>\r\n                        <\/li>\r\n                        <li class=\"sec_li sec_li--character\">\r\n                            <img decoding=\"async\" src=\"https:\/\/guide.fire-emblem-heroes.com\/wp-content\/uploads\/stefan_no-mans-blade_slide04.png\" alt=\"\" \/>\r\n                        <\/li>\r\n                    <\/ul>\r\n                    <div class=\"sec_charainfoarea flex\">\r\n                        <div class=\"sec_gif\"><img loading=\"lazy\" decoding=\"async\" src=\"https:\/\/guide.fire-emblem-heroes.com\/wp-content\/uploads\/stefan_no-mans-blade.png\" alt=\"\" width=\"210\" height=\"190\"\/><\/div>\r\n                        <div class=\"sec_charainfo\">\r\n                            <p id=\"CHARA_1304_002\" class=\"sec_characate sec_characate--heroes\">H\u00e9ros<\/p>\r\n                            <p id=\"CHARA_1304_003\" class=\"sec_charanick\">Lame sans ma\u00eetre<\/p>\r\n                            <p id=\"CHARA_1304_004\" class=\"sec_charaname\">Stefan<\/p>\r\n                            <p id=\"CHARA_1304_005\" class=\"sec_charaappearancetxt\">Appara\u00eet dans<\/p>\r\n                            <p id=\"CHARA_1304_006\" class=\"sec_charaappearancetxt\">Fire Emblem: Path of Radiance<\/p>\r\n                        <\/div>\r\n                    <\/div>\r\n                <\/section>\r\n            <\/article>\r\n            <article>\r\n                <section class=\"sec sec_characterarea\">\r\n                    <div class=\"sec_h2chara\">\r\n                        <p id=\"CHARA_1304_007\" class=\"sec_h2charattl\">Sharena vous pr\u00e9sente\u2026<\/p>\r\n                        <h2 id=\"CHARA_1304_008\" class=\"sec_h2charatxt\">Lame sans ma\u00eetre Stefan<\/h2>\r\n                    <\/div>\r\n                    <dl class=\"sec_dl flex\">\r\n                        <dt id=\"CHARA_1304_009\" class=\"sec_dt\">L&rsquo;\u00e9nigmatique Stefan est un \u00e9p\u00e9iste de Tellius, porteur de la lame Katti. Apparemment, il vivait depuis quelque temps reclus dans le d\u00e9sert de Grann \u00e0 Begnion.<\/dt>\r\n                        <dd class=\"sec_dd\">\r\n                            <a href=\"https:\/\/guide.fire-emblem-heroes.com\/wp-content\/uploads\/stefan_no-mans-blade_pop01.png\" class=\"popup-image\">\r\n                                <img decoding=\"async\" src=\"https:\/\/guide.fire-emblem-heroes.com\/wp-content\/uploads\/stefan_no-mans-blade_info01.png\" alt=\"\" \/>\r\n                            <\/a>\r\n                        <\/dd>\r\n                        <dt id=\"CHARA_1304_010\" class=\"sec_dt\">Il r\u00e9sidait dans un lieu secret o\u00f9 vivaient des gens de sang-m\u00eal\u00e9 beorc et laguz ainsi que leurs descendants, dont Stefan lui-m\u00eame.<\/dt>\r\n                        <dd class=\"sec_dd\">\r\n                            <a href=\"https:\/\/guide.fire-emblem-heroes.com\/wp-content\/uploads\/stefan_no-mans-blade_pop02.png\" class=\"popup-image\">\r\n                                <img decoding=\"async\" src=\"https:\/\/guide.fire-emblem-heroes.com\/wp-content\/uploads\/stefan_no-mans-blade_info02.png\" alt=\"\" \/>\r\n                            <\/a>\r\n                        <\/dd>\r\n                        <dt id=\"CHARA_1304_011\" class=\"sec_dt\">Un jour, les mercenaires de Greil se sont retrouv\u00e9s dans ce d\u00e9sert. Intrigu\u00e9 par les Laguz de la tribu des b\u00eates qui accompagnaient les mercenaires, Stefan a d\u00e9cid\u00e9 de se joindre \u00e0 eux.<\/dt>\r\n                        <dd class=\"sec_dd\">\r\n                            <a href=\"https:\/\/guide.fire-emblem-heroes.com\/wp-content\/uploads\/stefan_no-mans-blade_pop03.png\" class=\"popup-image\">\r\n                                <img decoding=\"async\" src=\"https:\/\/guide.fire-emblem-heroes.com\/wp-content\/uploads\/stefan_no-mans-blade_info03.png\" alt=\"\" \/>\r\n                            <\/a>\r\n                        <\/dd>\r\n                        <dt id=\"CHARA_1304_012\" class=\"sec_dt\">Stefan est assez insaisissable, mais sa ma\u00eetrise des lames est de tout premier ordre\u00a0! Je pense qu&rsquo;il sera un bel atout pour les Gardiens d&rsquo;Askr\u00a0!<\/dt>\r\n                        <dd class=\"sec_dd\">\r\n                            <a href=\"https:\/\/guide.fire-emblem-heroes.com\/wp-content\/uploads\/stefan_no-mans-blade_pop04.png\" class=\"popup-image\">\r\n                                <img decoding=\"async\" src=\"https:\/\/guide.fire-emblem-heroes.com\/wp-content\/uploads\/stefan_no-mans-blade_info04.png\" alt=\"\" \/>\r\n                            <\/a>\r\n                        <\/dd>\r\n                    <\/dl>\r\n                    <h3 id=\"CHARA_1304_013\" class=\"sec_h3charatxt\">Personnage li\u00e9 \u00e0<\/h3>\r\n                    <h4 id=\"CHARA_1304_014\" class=\"sec_h4charatxt\">Mordecai<\/h4>\r\n                    <p id=\"CHARA_1304_015\" class=\"sec_charatxt\">Guerrier tigre de Gallia, territoire du peuple des b\u00eates. Malgr\u00e9 sa taille imposante, il est tendre et pacifique. Stefan s&rsquo;int\u00e9resse \u00e0 lui.<\/p>\r\n                    <h4 id=\"CHARA_1304_016\" class=\"sec_h4charatxt\">Lethe<\/h4>\r\n                    <p id=\"CHARA_1304_017\" class=\"sec_charatxt\">Guerri\u00e8re chatte de Gallia, territoire du peuple des b\u00eates. Stefan s&rsquo;int\u00e9resse \u00e0 elle.<\/p>\r\n                    <h4 id=\"CHARA_1304_018\" class=\"sec_h4charatxt\">Soren<\/h4>\r\n                    <p id=\"CHARA_1304_019\" class=\"sec_charatxt\">Officier des mercenaires de Greil. D&rsquo;un naturel froid et pragmatique, c&rsquo;est un proche d&rsquo;Ike. Comme Stefan, c&rsquo;est un sang-m\u00eal\u00e9 beorc et laguz.<\/p>\r\n                <\/section>\r\n            <\/article>\r\n        <\/main>","protected":false},"excerpt":{"rendered":"H\u00e9ros Lame sans ma\u00eetre Stefan Appara\u00eet dans Fire Emblem: Path of Radiance Sharena vous pr\u00e9sente\u2026 Lame sans ma\u00eetre Stefan L&rsquo;\u00e9nigmatique Stefan est un \u00e9p\u00e9iste de Tellius, porteur de la lame Katti. Apparemment, il vivait depuis quelque temps reclus dans le d\u00e9sert de Grann \u00e0 Begnion. Il r\u00e9sidait dans un lieu secret o\u00f9 vivaient des gens [&hellip;]","protected":false},"author":1,"featured_media":63138,"comment_status":"closed","ping_status":"closed","sticky":false,"template":"","format":"standard","meta":{"advanced_seo_description":"","jetpack_seo_html_title":"","jetpack_seo_noindex":false,"_jetpack_newsletter_access":"","_jetpack_dont_email_post_to_subs":false,"_jetpack_newsletter_tier_id":0,"_jetpack_memberships_contains_paywalled_content":false,"_locale":"fr_FR","_original_post":"https:\/\/guide.fire-emblem-heroes.com\/?p=62977","_jetpack_memberships_contains_paid_content":false,"footnotes":"","jetpack_publicize_message":"","jetpack_publicize_feature_enabled":true,"jetpack_social_post_already_shared":false,"jetpack_social_options":{"image_generator_settings":{"template":"highway","default_image_id":0,"font":"","enabled":false},"version":2},"_wpas_customize_per_network":false,"jetpack_post_was_ever_published":false},"categories":[1384,1415,1429,1390],"tags":[1419],"class_list":["post-62987","post","type-post","status-publish","format-standard","has-post-thumbnail","hentry","category-character","category-heroes","category-ex_works_path_of_radiance","category-stay_heroes","tag-heros","fr-FR"],"jetpack_publicize_connections":[],"jetpack_featured_media_url":"https:\/\/guide.fire-emblem-heroes.com\/wp-content\/uploads\/stefan_no-mans-blade.png","jetpack_sharing_enabled":false,"jetpack_shortlink":"https:\/\/wp.me\/pa0Mj3-gnV","jetpack_likes_enabled":false,"amp_enabled":false,"_links":{"self":[{"href":"https:\/\/guide.fire-emblem-heroes.com\/wp-json\/wp\/v2\/posts\/62987","targetHints":{"allow":["GET"]}}],"collection":[{"href":"https:\/\/guide.fire-emblem-heroes.com\/wp-json\/wp\/v2\/posts"}],"about":[{"href":"https:\/\/guide.fire-emblem-heroes.com\/wp-json\/wp\/v2\/types\/post"}],"author":[{"embeddable":true,"href":"https:\/\/guide.fire-emblem-heroes.com\/wp-json\/wp\/v2\/users\/1"}],"replies":[{"embeddable":true,"href":"https:\/\/guide.fire-emblem-heroes.com\/wp-json\/wp\/v2\/comments?post=62987"}],"version-history":[{"count":1,"href":"https:\/\/guide.fire-emblem-heroes.com\/wp-json\/wp\/v2\/posts\/62987\/revisions"}],"predecessor-version":[{"id":62993,"href":"https:\/\/guide.fire-emblem-heroes.com\/wp-json\/wp\/v2\/posts\/62987\/revisions\/62993"}],"wp:featuredmedia":[{"embeddable":true,"href":"https:\/\/guide.fire-emblem-heroes.com\/wp-json\/wp\/v2\/media\/63138"}],"wp:attachment":[{"href":"https:\/\/guide.fire-emblem-heroes.com\/wp-json\/wp\/v2\/media?parent=62987"}],"wp:term":[{"taxonomy":"category","embeddable":true,"href":"https:\/\/guide.fire-emblem-heroes.com\/wp-json\/wp\/v2\/categories?post=62987"},{"taxonomy":"post_tag","embeddable":true,"href":"https:\/\/guide.fire-emblem-heroes.com\/wp-json\/wp\/v2\/tags?post=62987"}],"curies":[{"name":"wp","href":"https:\/\/api.w.org\/{rel}","templated":true}]}}