






{"id":64212,"date":"2025-12-25T11:44:22","date_gmt":"2025-12-25T02:44:22","guid":{"rendered":"https:\/\/guide.fire-emblem-heroes.com\/?p=64212"},"modified":"2026-02-03T14:32:42","modified_gmt":"2026-02-03T05:32:42","slug":"00009002001329-2","status":"publish","type":"post","link":"https:\/\/guide.fire-emblem-heroes.com\/fr\/00009002001329-2\/","title":{"rendered":"<span class=\"character_nick\">\u00c9lite du Nouvel An<\/span><span class=\"character_name\">Baldr<\/span>"},"content":{"rendered":"<main id=\"CHARA_1329\" class=\"main_page character\">\r\n            <article>\r\n                <section class=\"sec sec_character\">\r\n                    <ul class=\"sec_ul sec_ul--character slick-box\">\r\n                        <li class=\"sec_li sec_li--character\">\r\n                            <img decoding=\"async\" src=\"https:\/\/guide.fire-emblem-heroes.com\/wp-content\/uploads\/baldr_new_years_elite_slide01.png\" alt=\"\" \/>\r\n                        <\/li>\r\n                        <li class=\"sec_li sec_li--character\">\r\n                            <img decoding=\"async\" src=\"https:\/\/guide.fire-emblem-heroes.com\/wp-content\/uploads\/baldr_new_years_elite_slide02.png\" alt=\"\" \/>\r\n                        <\/li>\r\n                        <li class=\"sec_li sec_li--character\">\r\n                            <img decoding=\"async\" src=\"https:\/\/guide.fire-emblem-heroes.com\/wp-content\/uploads\/baldr_new_years_elite_slide03.png\" alt=\"\" \/>\r\n                        <\/li>\r\n                        <li class=\"sec_li sec_li--character\">\r\n                            <img decoding=\"async\" src=\"https:\/\/guide.fire-emblem-heroes.com\/wp-content\/uploads\/baldr_new_years_elite_slide04.png\" alt=\"\" \/>\r\n                        <\/li>\r\n                    <\/ul>\r\n                    <div class=\"sec_charainfoarea flex\">\r\n                        <div class=\"sec_gif\"><img loading=\"lazy\" decoding=\"async\" src=\"https:\/\/guide.fire-emblem-heroes.com\/wp-content\/uploads\/baldr_new_years_elite.png\" alt=\"\" width=\"210\" height=\"190\"\/><\/div>\r\n                        <div class=\"sec_charainfo\">\r\n                            <p id=\"CHARA_1329_002\" class=\"sec_characate sec_characate--duo_hero\">Doubles unit\u00e9s<\/p>\r\n                            <p id=\"CHARA_1329_003\" class=\"sec_charanick\">\u00c9lite du Nouvel An<\/p>\r\n                            <p id=\"CHARA_1329_004\" class=\"sec_charaname\">Baldr<\/p>\r\n                            <p id=\"CHARA_1329_005\" class=\"sec_charaappearancetxt\">Appara\u00eet dans<\/p>\r\n                            <p id=\"CHARA_1329_006\" class=\"sec_charaappearancetxt\">Fire Emblem Heroes<\/p>\r\n                        <\/div>\r\n                    <\/div>\r\n                <\/section>\r\n            <\/article>\r\n            <article>\r\n                <section class=\"sec sec_characterarea\">\r\n                    <div class=\"sec_h2chara\">\r\n                        <p id=\"CHARA_1329_007\" class=\"sec_h2charattl\">Sharena vous pr\u00e9sente\u2026<\/p>\r\n                        <h2 id=\"CHARA_1329_008\" class=\"sec_h2charatxt\">\u00c9lite du Nouvel An Baldr<\/h2>\r\n                    <\/div>\r\n                    <dl class=\"sec_dl flex\">\r\n                        <dt id=\"CHARA_1329_009\" class=\"sec_dt\">Baldr est une d\u00e9esse du royaume des cieux d&rsquo;\u00c1sgar\u00f0r et elle est venue f\u00eater le Nouvel An avec nous\u00a0! Elle a amen\u00e9 sa s\u0153ur H\u00f6\u00f0r avec elle. Toutes deux portent une tenue sp\u00e9ciale pour l&rsquo;occasion\u00a0!<\/dt>\r\n                        <dd class=\"sec_dd\">\r\n                            <a href=\"https:\/\/guide.fire-emblem-heroes.com\/wp-content\/uploads\/baldr_new_years_elite_pop01.png\" class=\"popup-image\">\r\n                                <img decoding=\"async\" src=\"https:\/\/guide.fire-emblem-heroes.com\/wp-content\/uploads\/baldr_new_years_elite_info01.png\" alt=\"\" \/>\r\n                            <\/a>\r\n                        <\/dd>\r\n                        <dt id=\"CHARA_1329_010\" class=\"sec_dt\">Pour ce passage \u00e0 la nouvelle ann\u00e9e, Baldr porte un kimono gris p\u00e2le assorti d&rsquo;une veste haori orange. L&rsquo;ensemble est parsem\u00e9 d&rsquo;un motif de roses blanches qui rend l&rsquo;ensemble parfaitement chic\u00a0!<\/dt>\r\n                        <dd class=\"sec_dd\">\r\n                            <a href=\"https:\/\/guide.fire-emblem-heroes.com\/wp-content\/uploads\/baldr_new_years_elite_pop02.png\" class=\"popup-image\">\r\n                                <img decoding=\"async\" src=\"https:\/\/guide.fire-emblem-heroes.com\/wp-content\/uploads\/baldr_new_years_elite_info02.png\" alt=\"\" \/>\r\n                            <\/a>\r\n                        <\/dd>\r\n                        <dt id=\"CHARA_1329_011\" class=\"sec_dt\">Chez H\u00f6\u00f0r, c&rsquo;est un motif de fleurs de prunier qui orne un fond bleu. Elle porte \u00e9galement des bottes qui vont bien avec son pantalon hakama au style moderne.<\/dt>\r\n                        <dd class=\"sec_dd\">\r\n                            <a href=\"https:\/\/guide.fire-emblem-heroes.com\/wp-content\/uploads\/baldr_new_years_elite_pop03.png\" class=\"popup-image\">\r\n                                <img decoding=\"async\" src=\"https:\/\/guide.fire-emblem-heroes.com\/wp-content\/uploads\/baldr_new_years_elite_info03.png\" alt=\"\" \/>\r\n                            <\/a>\r\n                        <\/dd>\r\n                        <dt id=\"CHARA_1329_012\" class=\"sec_dt\">Baldr a relev\u00e9 le d\u00e9fi de jouer au \u00ab&nbsp;hanetsuki&nbsp;\u00bb et au cerf-volant, tandis que H\u00f6\u00f0r se contente de regarder le spectacle. Pour les deux s\u0153urs, ce passage \u00e0 la nouvelle ann\u00e9e semble se faire dans la joie !<\/dt>\r\n                        <dd class=\"sec_dd\">\r\n                            <a href=\"https:\/\/guide.fire-emblem-heroes.com\/wp-content\/uploads\/baldr_new_years_elite_pop04.png\" class=\"popup-image\">\r\n                                <img decoding=\"async\" src=\"https:\/\/guide.fire-emblem-heroes.com\/wp-content\/uploads\/baldr_new_years_elite_info04.png\" alt=\"\" \/>\r\n                            <\/a>\r\n                        <\/dd>\r\n                    <\/dl>\r\n                    <h3 id=\"CHARA_1329_013\" class=\"sec_h3charatxt\">Personnage li\u00e9 \u00e0<\/h3>\r\n                    <h4 id=\"CHARA_1329_014\" class=\"sec_h4charatxt\">V\u00e1li<\/h4>\r\n                    <p id=\"CHARA_1329_015\" class=\"sec_charatxt\">D\u00e9esse vindicative d&rsquo;\u00c1sgar\u00f0r, le royaume des cieux. Elle a jur\u00e9 de se venger de ceux qui ont fait du mal \u00e0 Baldr, qu&rsquo;elle adore. Jeune s\u0153ur de Baldr et H\u00f6\u00f0r.<\/p>\r\n                    <h4 id=\"CHARA_1329_016\" class=\"sec_h4charatxt\">Alfa\u00f0\u00f6r, roi c\u00e9leste<\/h4>\r\n                    <p id=\"CHARA_1329_017\" class=\"sec_charatxt\">Roi des divinit\u00e9s d&rsquo;\u00c1sgar\u00f0r, le royaume des cieux. Son d\u00e9sir est d&rsquo;obtenir le savoir absolu et il est pr\u00eat \u00e0 tout pour y parvenir. Il est le p\u00e8re de Baldr et H\u00f6\u00f0r.<\/p>\r\n                <\/section>\r\n            <\/article>\r\n        <\/main>","protected":false},"excerpt":{"rendered":"Doubles unit\u00e9s \u00c9lite du Nouvel An Baldr Appara\u00eet dans Fire Emblem Heroes Sharena vous pr\u00e9sente\u2026 \u00c9lite du Nouvel An Baldr Baldr est une d\u00e9esse du royaume des cieux d&rsquo;\u00c1sgar\u00f0r et elle est venue f\u00eater le Nouvel An avec nous\u00a0! Elle a amen\u00e9 sa s\u0153ur H\u00f6\u00f0r avec elle. Toutes deux portent une tenue sp\u00e9ciale pour l&rsquo;occasion\u00a0! [&hellip;]","protected":false},"author":1,"featured_media":64300,"comment_status":"closed","ping_status":"closed","sticky":false,"template":"","format":"standard","meta":{"advanced_seo_description":"","jetpack_seo_html_title":"","jetpack_seo_noindex":false,"_jetpack_newsletter_access":"","_jetpack_dont_email_post_to_subs":false,"_jetpack_newsletter_tier_id":0,"_jetpack_memberships_contains_paywalled_content":false,"_locale":"fr_FR","_original_post":"https:\/\/guide.fire-emblem-heroes.com\/?p=64204","_jetpack_memberships_contains_paid_content":false,"footnotes":"","jetpack_publicize_message":"","jetpack_publicize_feature_enabled":true,"jetpack_social_post_already_shared":false,"jetpack_social_options":{"image_generator_settings":{"template":"highway","default_image_id":0,"font":"","enabled":false},"version":2},"_wpas_customize_per_network":false,"jetpack_post_was_ever_published":false},"categories":[1384,1423,1390,1440],"tags":[1445],"class_list":["post-64212","post","type-post","status-publish","format-standard","has-post-thumbnail","hentry","category-character","category-ex_works_heroes","category-stay_heroes","category-duo_heroes","tag-doubles-unites","fr-FR"],"jetpack_publicize_connections":[],"jetpack_featured_media_url":"https:\/\/guide.fire-emblem-heroes.com\/wp-content\/uploads\/baldr_new_years_elite.png","jetpack_sharing_enabled":false,"jetpack_shortlink":"https:\/\/wp.me\/pa0Mj3-gHG","jetpack_likes_enabled":false,"amp_enabled":false,"_links":{"self":[{"href":"https:\/\/guide.fire-emblem-heroes.com\/wp-json\/wp\/v2\/posts\/64212","targetHints":{"allow":["GET"]}}],"collection":[{"href":"https:\/\/guide.fire-emblem-heroes.com\/wp-json\/wp\/v2\/posts"}],"about":[{"href":"https:\/\/guide.fire-emblem-heroes.com\/wp-json\/wp\/v2\/types\/post"}],"author":[{"embeddable":true,"href":"https:\/\/guide.fire-emblem-heroes.com\/wp-json\/wp\/v2\/users\/1"}],"replies":[{"embeddable":true,"href":"https:\/\/guide.fire-emblem-heroes.com\/wp-json\/wp\/v2\/comments?post=64212"}],"version-history":[{"count":1,"href":"https:\/\/guide.fire-emblem-heroes.com\/wp-json\/wp\/v2\/posts\/64212\/revisions"}],"predecessor-version":[{"id":64218,"href":"https:\/\/guide.fire-emblem-heroes.com\/wp-json\/wp\/v2\/posts\/64212\/revisions\/64218"}],"wp:featuredmedia":[{"embeddable":true,"href":"https:\/\/guide.fire-emblem-heroes.com\/wp-json\/wp\/v2\/media\/64300"}],"wp:attachment":[{"href":"https:\/\/guide.fire-emblem-heroes.com\/wp-json\/wp\/v2\/media?parent=64212"}],"wp:term":[{"taxonomy":"category","embeddable":true,"href":"https:\/\/guide.fire-emblem-heroes.com\/wp-json\/wp\/v2\/categories?post=64212"},{"taxonomy":"post_tag","embeddable":true,"href":"https:\/\/guide.fire-emblem-heroes.com\/wp-json\/wp\/v2\/tags?post=64212"}],"curies":[{"name":"wp","href":"https:\/\/api.w.org\/{rel}","templated":true}]}}