






{"id":64447,"date":"2026-01-04T12:20:47","date_gmt":"2026-01-04T03:20:47","guid":{"rendered":"https:\/\/guide.fire-emblem-heroes.com\/?p=64447"},"modified":"2026-01-19T16:24:30","modified_gmt":"2026-01-19T07:24:30","slug":"07001024901337-2","status":"publish","type":"post","link":"https:\/\/guide.fire-emblem-heroes.com\/fr\/07001024901337-2\/","title":{"rendered":"<span class=\"character_nick\">Retour du guerrier<\/span><span class=\"character_name\">Garcia<\/span>"},"content":{"rendered":"<main id=\"CHARA_1337\" class=\"main_page character\">\r\n            <article>\r\n                <section class=\"sec sec_character\">\r\n                    <ul class=\"sec_ul sec_ul--character slick-box\">\r\n                        <li class=\"sec_li sec_li--character\">\r\n                            <img decoding=\"async\" src=\"https:\/\/guide.fire-emblem-heroes.com\/wp-content\/uploads\/garcia_warrior_reborn_slide01.png\" alt=\"\" \/>\r\n                        <\/li>\r\n                        <li class=\"sec_li sec_li--character\">\r\n                            <img decoding=\"async\" src=\"https:\/\/guide.fire-emblem-heroes.com\/wp-content\/uploads\/garcia_warrior_reborn_slide02.png\" alt=\"\" \/>\r\n                        <\/li>\r\n                        <li class=\"sec_li sec_li--character\">\r\n                            <img decoding=\"async\" src=\"https:\/\/guide.fire-emblem-heroes.com\/wp-content\/uploads\/garcia_warrior_reborn_slide03.png\" alt=\"\" \/>\r\n                        <\/li>\r\n                        <li class=\"sec_li sec_li--character\">\r\n                            <img decoding=\"async\" src=\"https:\/\/guide.fire-emblem-heroes.com\/wp-content\/uploads\/garcia_warrior_reborn_slide04.png\" alt=\"\" \/>\r\n                        <\/li>\r\n                    <\/ul>\r\n                    <div class=\"sec_charainfoarea flex\">\r\n                        <div class=\"sec_gif\"><img loading=\"lazy\" decoding=\"async\" src=\"https:\/\/guide.fire-emblem-heroes.com\/wp-content\/uploads\/garcia_warrior_reborn.png\" alt=\"\" width=\"210\" height=\"190\"\/><\/div>\r\n                        <div class=\"sec_charainfo\">\r\n                            <p id=\"CHARA_1337_002\" class=\"sec_characate sec_characate--heroes\">H\u00e9ros<\/p>\r\n                            <p id=\"CHARA_1337_003\" class=\"sec_charanick\">Retour du guerrier<\/p>\r\n                            <p id=\"CHARA_1337_004\" class=\"sec_charaname\">Garcia<\/p>\r\n                            <p id=\"CHARA_1337_005\" class=\"sec_charaappearancetxt\">Appara\u00eet dans<\/p>\r\n                            <p id=\"CHARA_1337_006\" class=\"sec_charaappearancetxt\">Fire Emblem: The Sacred Stones<\/p>\r\n                        <\/div>\r\n                    <\/div>\r\n                <\/section>\r\n            <\/article>\r\n            <article>\r\n                <section class=\"sec sec_characterarea\">\r\n                    <div class=\"sec_h2chara\">\r\n                        <p id=\"CHARA_1337_007\" class=\"sec_h2charattl\">Sharena vous pr\u00e9sente\u2026<\/p>\r\n                        <h2 id=\"CHARA_1337_008\" class=\"sec_h2charatxt\">Retour du guerrier Garcia<\/h2>\r\n                    <\/div>\r\n                    <dl class=\"sec_dl flex\">\r\n                        <dt id=\"CHARA_1337_009\" class=\"sec_dt\">Voici Garcia, un h\u00e9ros du continent de Magvel\u00a0! C&rsquo;est un guerrier intr\u00e9pide, ancien chef dans l&rsquo;arm\u00e9e de Renais.<\/dt>\r\n                        <dd class=\"sec_dd\">\r\n                            <a href=\"https:\/\/guide.fire-emblem-heroes.com\/wp-content\/uploads\/garcia_warrior_reborn_pop01.png\" class=\"popup-image\">\r\n                                <img decoding=\"async\" src=\"https:\/\/guide.fire-emblem-heroes.com\/wp-content\/uploads\/garcia_warrior_reborn_info01.png\" alt=\"\" \/>\r\n                            <\/a>\r\n                        <\/dd>\r\n                        <dt id=\"CHARA_1337_010\" class=\"sec_dt\">Garcia \u00e9tait autrefois enti\u00e8rement d\u00e9vou\u00e9 au combat pour sa patrie, mais son attitude a chang\u00e9 lorsque la maladie a emport\u00e9 sa femme, le laissant alors seul avec un enfant \u00e0 charge. Regrettant de ne pouvoir passer plus de temps avec sa famille, il a quitt\u00e9 l&rsquo;arm\u00e9e.<\/dt>\r\n                        <dd class=\"sec_dd\">\r\n                            <a href=\"https:\/\/guide.fire-emblem-heroes.com\/wp-content\/uploads\/garcia_warrior_reborn_pop02.png\" class=\"popup-image\">\r\n                                <img decoding=\"async\" src=\"https:\/\/guide.fire-emblem-heroes.com\/wp-content\/uploads\/garcia_warrior_reborn_info02.png\" alt=\"\" \/>\r\n                            <\/a>\r\n                        <\/dd>\r\n                        <dt id=\"CHARA_1337_011\" class=\"sec_dt\">Il est parti vivre avec son fils Ross dans un village des environs de Renais et l&rsquo;a \u00e9lev\u00e9 loin du conflit. Mais un jour, des brigands ont attaqu\u00e9 le village, for\u00e7ant Garcia \u00e0 combattre \u00e0 nouveau. Quand l&rsquo;arm\u00e9e d&rsquo;Eirika est arriv\u00e9e, il l&rsquo;a soutenue pour repousser l&rsquo;attaque.<\/dt>\r\n                        <dd class=\"sec_dd\">\r\n                            <a href=\"https:\/\/guide.fire-emblem-heroes.com\/wp-content\/uploads\/garcia_warrior_reborn_pop03.png\" class=\"popup-image\">\r\n                                <img decoding=\"async\" src=\"https:\/\/guide.fire-emblem-heroes.com\/wp-content\/uploads\/garcia_warrior_reborn_info03.png\" alt=\"\" \/>\r\n                            <\/a>\r\n                        <\/dd>\r\n                        <dt id=\"CHARA_1337_012\" class=\"sec_dt\">Garcia est ensuite retourn\u00e9 \u00e0 sa vie solitaire, mais une r\u00e9primande de Ross, devenu entretemps un guerrier accompli, a pouss\u00e9 Garcia \u00e0 retourner sur le champ de bataille. Il a choisi de se battre \u00e0 nouveau pour Renais, cette fois-ci avec son fils bien-aim\u00e9 \u00e0 ses c\u00f4t\u00e9s.<\/dt>\r\n                        <dd class=\"sec_dd\">\r\n                            <a href=\"https:\/\/guide.fire-emblem-heroes.com\/wp-content\/uploads\/garcia_warrior_reborn_pop04.png\" class=\"popup-image\">\r\n                                <img decoding=\"async\" src=\"https:\/\/guide.fire-emblem-heroes.com\/wp-content\/uploads\/garcia_warrior_reborn_info04.png\" alt=\"\" \/>\r\n                            <\/a>\r\n                        <\/dd>\r\n                    <\/dl>\r\n                    <h3 id=\"CHARA_1337_013\" class=\"sec_h3charatxt\">Personnage li\u00e9 \u00e0<\/h3>\r\n                    <h4 id=\"CHARA_1337_014\" class=\"sec_h4charatxt\">Ross<\/h4>\r\n                    <p id=\"CHARA_1337_015\" class=\"sec_charatxt\">Fils de Garcia, un guerrier de Renais, c\u2019est un homme franc et honn\u00eate qui a perdu sa m\u00e8re tr\u00e8s jeune. Il admire les aptitudes de son p\u00e8re.<\/p>\r\n                <\/section>\r\n            <\/article>\r\n        <\/main>","protected":false},"excerpt":{"rendered":"H\u00e9ros Retour du guerrier Garcia Appara\u00eet dans Fire Emblem: The Sacred Stones Sharena vous pr\u00e9sente\u2026 Retour du guerrier Garcia Voici Garcia, un h\u00e9ros du continent de Magvel\u00a0! C&rsquo;est un guerrier intr\u00e9pide, ancien chef dans l&rsquo;arm\u00e9e de Renais. Garcia \u00e9tait autrefois enti\u00e8rement d\u00e9vou\u00e9 au combat pour sa patrie, mais son attitude a chang\u00e9 lorsque la maladie [&hellip;]","protected":false},"author":1,"featured_media":64512,"comment_status":"closed","ping_status":"closed","sticky":false,"template":"","format":"standard","meta":{"advanced_seo_description":"","jetpack_seo_html_title":"","jetpack_seo_noindex":false,"_jetpack_newsletter_access":"","_jetpack_dont_email_post_to_subs":false,"_jetpack_newsletter_tier_id":0,"_jetpack_memberships_contains_paywalled_content":false,"_locale":"fr_FR","_original_post":"https:\/\/guide.fire-emblem-heroes.com\/?p=64439","_jetpack_memberships_contains_paid_content":false,"footnotes":"","jetpack_publicize_message":"","jetpack_publicize_feature_enabled":true,"jetpack_social_post_already_shared":false,"jetpack_social_options":{"image_generator_settings":{"template":"highway","default_image_id":0,"font":"","enabled":false},"version":2},"_wpas_customize_per_network":false,"jetpack_post_was_ever_published":false},"categories":[1384,1428,1415,1390],"tags":[1419],"class_list":["post-64447","post","type-post","status-publish","format-standard","has-post-thumbnail","hentry","category-character","category-ex_works_the_sacred_stones","category-heroes","category-stay_heroes","tag-heros","fr-FR"],"jetpack_publicize_connections":[],"jetpack_featured_media_url":"https:\/\/guide.fire-emblem-heroes.com\/wp-content\/uploads\/garcia_warrior_reborn.png","jetpack_sharing_enabled":false,"jetpack_shortlink":"https:\/\/wp.me\/pa0Mj3-gLt","jetpack_likes_enabled":false,"amp_enabled":false,"_links":{"self":[{"href":"https:\/\/guide.fire-emblem-heroes.com\/wp-json\/wp\/v2\/posts\/64447","targetHints":{"allow":["GET"]}}],"collection":[{"href":"https:\/\/guide.fire-emblem-heroes.com\/wp-json\/wp\/v2\/posts"}],"about":[{"href":"https:\/\/guide.fire-emblem-heroes.com\/wp-json\/wp\/v2\/types\/post"}],"author":[{"embeddable":true,"href":"https:\/\/guide.fire-emblem-heroes.com\/wp-json\/wp\/v2\/users\/1"}],"replies":[{"embeddable":true,"href":"https:\/\/guide.fire-emblem-heroes.com\/wp-json\/wp\/v2\/comments?post=64447"}],"version-history":[{"count":1,"href":"https:\/\/guide.fire-emblem-heroes.com\/wp-json\/wp\/v2\/posts\/64447\/revisions"}],"predecessor-version":[{"id":64453,"href":"https:\/\/guide.fire-emblem-heroes.com\/wp-json\/wp\/v2\/posts\/64447\/revisions\/64453"}],"wp:featuredmedia":[{"embeddable":true,"href":"https:\/\/guide.fire-emblem-heroes.com\/wp-json\/wp\/v2\/media\/64512"}],"wp:attachment":[{"href":"https:\/\/guide.fire-emblem-heroes.com\/wp-json\/wp\/v2\/media?parent=64447"}],"wp:term":[{"taxonomy":"category","embeddable":true,"href":"https:\/\/guide.fire-emblem-heroes.com\/wp-json\/wp\/v2\/categories?post=64447"},{"taxonomy":"post_tag","embeddable":true,"href":"https:\/\/guide.fire-emblem-heroes.com\/wp-json\/wp\/v2\/tags?post=64447"}],"curies":[{"name":"wp","href":"https:\/\/api.w.org\/{rel}","templated":true}]}}