






{"id":65097,"date":"2026-02-13T11:36:39","date_gmt":"2026-02-13T02:36:39","guid":{"rendered":"https:\/\/guide.fire-emblem-heroes.com\/?p=65097"},"modified":"2026-03-09T17:29:14","modified_gmt":"2026-03-09T08:29:14","slug":"02002001001349-2","status":"publish","type":"post","link":"https:\/\/guide.fire-emblem-heroes.com\/fr\/02002001001349-2\/","title":{"rendered":"<span class=\"character_nick\">Tandem gracieux<\/span><span class=\"character_name\">Celica<\/span>"},"content":{"rendered":"<main id=\"CHARA_1349\" class=\"main_page character\">\r\n            <article>\r\n                <section class=\"sec sec_character\">\r\n                    <ul class=\"sec_ul sec_ul--character slick-box\">\r\n                        <li class=\"sec_li sec_li--character\">\r\n                            <img decoding=\"async\" src=\"https:\/\/guide.fire-emblem-heroes.com\/wp-content\/uploads\/cellica_with_grace_slide01.png\" alt=\"\" \/>\r\n                        <\/li>\r\n                        <li class=\"sec_li sec_li--character\">\r\n                            <img decoding=\"async\" src=\"https:\/\/guide.fire-emblem-heroes.com\/wp-content\/uploads\/cellica_with_grace_slide02.png\" alt=\"\" \/>\r\n                        <\/li>\r\n                        <li class=\"sec_li sec_li--character\">\r\n                            <img decoding=\"async\" src=\"https:\/\/guide.fire-emblem-heroes.com\/wp-content\/uploads\/cellica_with_grace_slide03.png\" alt=\"\" \/>\r\n                        <\/li>\r\n                        <li class=\"sec_li sec_li--character\">\r\n                            <img decoding=\"async\" src=\"https:\/\/guide.fire-emblem-heroes.com\/wp-content\/uploads\/cellica_with_grace_slide04.png\" alt=\"\" \/>\r\n                        <\/li>\r\n                    <\/ul>\r\n                    <div class=\"sec_charainfoarea flex\">\r\n                        <div class=\"sec_gif\"><img loading=\"lazy\" decoding=\"async\" src=\"https:\/\/guide.fire-emblem-heroes.com\/wp-content\/uploads\/cellica_with_grace.png\" alt=\"\" width=\"210\" height=\"190\"\/><\/div>\r\n                        <div class=\"sec_charainfo\">\r\n                            <p id=\"CHARA_1349_002\" class=\"sec_characate sec_characate sec_characate--harmonized_hero\">Unit\u00e9s harmonis\u00e9es<\/p>\r\n                            <p id=\"CHARA_1349_003\" class=\"sec_charanick\">Tandem gracieux<\/p>\r\n                            <p id=\"CHARA_1349_004\" class=\"sec_charaname\">Celica<\/p>\r\n                            <p id=\"CHARA_1349_005\" class=\"sec_charaappearancetxt\">Appara\u00eet dans<\/p>\r\n                            <p id=\"CHARA_1349_006\" class=\"sec_charaappearancetxt\">Fire Emblem Echoes: Shadows of Valentia<br \/>Fire Emblem Heroes<\/p>\r\n                        <\/div>\r\n                    <\/div>\r\n                <\/section>\r\n            <\/article>\r\n            <article>\r\n                <section class=\"sec sec_characterarea\">\r\n                    <div class=\"sec_h2chara\">\r\n                        <p id=\"CHARA_1349_007\" class=\"sec_h2charattl\">Sharena vous pr\u00e9sente\u2026<\/p>\r\n                        <h2 id=\"CHARA_1349_008\" class=\"sec_h2charatxt\">Tandem gracieux Celica<\/h2>\r\n                    <\/div>\r\n                    <dl class=\"sec_dl flex\">\r\n                        <dt id=\"CHARA_1349_009\" class=\"sec_dt\">Celica vient du royaume de Zofia en Valentia, et la Veronica que vous voyez vient de l&#8217;empire d&rsquo;Embla d&rsquo;un autre monde. Les deux princesses se sont li\u00e9es d&rsquo;amiti\u00e9 ici, en Askr\u00a0!<\/dt>\r\n                        <dd class=\"sec_dd\">\r\n                            <a href=\"https:\/\/guide.fire-emblem-heroes.com\/wp-content\/uploads\/cellica_with_grace_pop01.png\" class=\"popup-image\">\r\n                                <img decoding=\"async\" src=\"https:\/\/guide.fire-emblem-heroes.com\/wp-content\/uploads\/cellica_with_grace_info01.png\" alt=\"\" \/>\r\n                            <\/a>\r\n                        <\/dd>\r\n                        <dt id=\"CHARA_1349_010\" class=\"sec_dt\">Celica porte ici une armure l\u00e9g\u00e8re et une \u00e9p\u00e9e \u00e0 une main. Avec sa cape flottant au vent, elle a vraiment l&rsquo;air h\u00e9ro\u00efque\u00a0!<\/dt>\r\n                        <dd class=\"sec_dd\">\r\n                            <a href=\"https:\/\/guide.fire-emblem-heroes.com\/wp-content\/uploads\/cellica_with_grace_pop02.png\" class=\"popup-image\">\r\n                                <img decoding=\"async\" src=\"https:\/\/guide.fire-emblem-heroes.com\/wp-content\/uploads\/cellica_with_grace_info02.png\" alt=\"\" \/>\r\n                            <\/a>\r\n                        <\/dd>\r\n                        <dt id=\"CHARA_1349_011\" class=\"sec_dt\">La tenue de Veronica, elle, est d&rsquo;un style bien diff\u00e9rent\u00a0: elle est ceinte d&rsquo;une lourde armure et porte un b\u00e2ton imposant. Son attitude est aussi un peu diff\u00e9rente de notre Veronica, mais apr\u00e8s tout, elle vient d&rsquo;un autre monde, n&rsquo;est-ce pas\u00a0?<\/dt>\r\n                        <dd class=\"sec_dd\">\r\n                            <a href=\"https:\/\/guide.fire-emblem-heroes.com\/wp-content\/uploads\/cellica_with_grace_pop03.png\" class=\"popup-image\">\r\n                                <img decoding=\"async\" src=\"https:\/\/guide.fire-emblem-heroes.com\/wp-content\/uploads\/cellica_with_grace_info03.png\" alt=\"\" \/>\r\n                            <\/a>\r\n                        <\/dd>\r\n                        <dt id=\"CHARA_1349_012\" class=\"sec_dt\">Celica et Veronica semblent heureuses de leur amiti\u00e9 nou\u00e9e en Askr. Il para\u00eet que lorsqu&rsquo;elles ne combattent pas, elles aiment se retrouver pour discuter autour d&rsquo;une tasse de th\u00e9.<\/dt>\r\n                        <dd class=\"sec_dd\">\r\n                            <a href=\"https:\/\/guide.fire-emblem-heroes.com\/wp-content\/uploads\/cellica_with_grace_pop04.png\" class=\"popup-image\">\r\n                                <img decoding=\"async\" src=\"https:\/\/guide.fire-emblem-heroes.com\/wp-content\/uploads\/cellica_with_grace_info04.png\" alt=\"\" \/>\r\n                            <\/a>\r\n                        <\/dd>\r\n                    <\/dl>\r\n                    <h3 id=\"CHARA_1349_013\" class=\"sec_h3charatxt\">Personnage li\u00e9 \u00e0<\/h3>\r\n                    <h4 id=\"CHARA_1349_014\" class=\"sec_h4charatxt\">Alm<\/h4>\r\n                    <p id=\"CHARA_1349_015\" class=\"sec_charatxt\">Jeune guerrier courageux et bienveillant, \u00e9lev\u00e9 par le h\u00e9ros Mycen dans le village de Ram. Porte la marque sur la main gauche. Ami d\u2019enfance de Celica.<\/p>\r\n                    <h4 id=\"CHARA_1349_016\" class=\"sec_h4charatxt\">Bruno<\/h4>\r\n                    <p id=\"CHARA_1349_017\" class=\"sec_charatxt\">Ancien membre des Gardiens d&rsquo;Askr et ami du prince Alfonse. Membre de la famille royale d&rsquo;Embla et grand fr\u00e8re de Veronica.<\/p>\r\n                <\/section>\r\n            <\/article>\r\n        <\/main>","protected":false},"excerpt":{"rendered":"Unit\u00e9s harmonis\u00e9es Tandem gracieux Celica Appara\u00eet dans Fire Emblem Echoes: Shadows of ValentiaFire Emblem Heroes Sharena vous pr\u00e9sente\u2026 Tandem gracieux Celica Celica vient du royaume de Zofia en Valentia, et la Veronica que vous voyez vient de l&#8217;empire d&rsquo;Embla d&rsquo;un autre monde. Les deux princesses se sont li\u00e9es d&rsquo;amiti\u00e9 ici, en Askr\u00a0! Celica porte ici [&hellip;]","protected":false},"author":1,"featured_media":65143,"comment_status":"closed","ping_status":"closed","sticky":false,"template":"","format":"standard","meta":{"advanced_seo_description":"","jetpack_seo_html_title":"","jetpack_seo_noindex":false,"_jetpack_newsletter_access":"","_jetpack_dont_email_post_to_subs":false,"_jetpack_newsletter_tier_id":0,"_jetpack_memberships_contains_paywalled_content":false,"_locale":"fr_FR","_original_post":"https:\/\/guide.fire-emblem-heroes.com\/?p=65089","_jetpack_memberships_contains_paid_content":false,"footnotes":"","jetpack_publicize_message":"","jetpack_publicize_feature_enabled":true,"jetpack_social_post_already_shared":false,"jetpack_social_options":{"image_generator_settings":{"template":"highway","default_image_id":0,"font":"","enabled":false},"version":2},"_wpas_customize_per_network":false,"jetpack_post_was_ever_published":false},"categories":[1384,1425,1464,1390],"tags":[1469],"class_list":["post-65097","post","type-post","status-publish","format-standard","has-post-thumbnail","hentry","category-character","category-ex_works_shadows_of_valentia","category-harmonized_heroes","category-stay_heroes","tag-unites-harmonisees","fr-FR"],"jetpack_publicize_connections":[],"jetpack_featured_media_url":"https:\/\/guide.fire-emblem-heroes.com\/wp-content\/uploads\/cellica_with_grace.png","jetpack_sharing_enabled":false,"jetpack_shortlink":"https:\/\/wp.me\/pa0Mj3-gVX","jetpack_likes_enabled":false,"amp_enabled":false,"_links":{"self":[{"href":"https:\/\/guide.fire-emblem-heroes.com\/wp-json\/wp\/v2\/posts\/65097","targetHints":{"allow":["GET"]}}],"collection":[{"href":"https:\/\/guide.fire-emblem-heroes.com\/wp-json\/wp\/v2\/posts"}],"about":[{"href":"https:\/\/guide.fire-emblem-heroes.com\/wp-json\/wp\/v2\/types\/post"}],"author":[{"embeddable":true,"href":"https:\/\/guide.fire-emblem-heroes.com\/wp-json\/wp\/v2\/users\/1"}],"replies":[{"embeddable":true,"href":"https:\/\/guide.fire-emblem-heroes.com\/wp-json\/wp\/v2\/comments?post=65097"}],"version-history":[{"count":1,"href":"https:\/\/guide.fire-emblem-heroes.com\/wp-json\/wp\/v2\/posts\/65097\/revisions"}],"predecessor-version":[{"id":65103,"href":"https:\/\/guide.fire-emblem-heroes.com\/wp-json\/wp\/v2\/posts\/65097\/revisions\/65103"}],"wp:featuredmedia":[{"embeddable":true,"href":"https:\/\/guide.fire-emblem-heroes.com\/wp-json\/wp\/v2\/media\/65143"}],"wp:attachment":[{"href":"https:\/\/guide.fire-emblem-heroes.com\/wp-json\/wp\/v2\/media?parent=65097"}],"wp:term":[{"taxonomy":"category","embeddable":true,"href":"https:\/\/guide.fire-emblem-heroes.com\/wp-json\/wp\/v2\/categories?post=65097"},{"taxonomy":"post_tag","embeddable":true,"href":"https:\/\/guide.fire-emblem-heroes.com\/wp-json\/wp\/v2\/tags?post=65097"}],"curies":[{"name":"wp","href":"https:\/\/api.w.org\/{rel}","templated":true}]}}