






{"id":6519,"date":"2019-01-29T19:08:33","date_gmt":"2019-01-29T10:08:33","guid":{"rendered":"https:\/\/guide.fire-emblem-heroes.com\/?p=6519"},"modified":"2019-07-11T17:58:03","modified_gmt":"2019-07-11T08:58:03","slug":"robin_fell_vessel","status":"publish","type":"post","link":"https:\/\/guide.fire-emblem-heroes.com\/fr\/robin_fell_vessel\/","title":{"rendered":"<span class=\"character_nick\">R\u00e9ceptacle<\/span><span class=\"character_name\">Daraen<\/span>"},"content":{"rendered":"<main id=\"chara_009\" class=\"main_page character\">\r\n    <article>\r\n        <section class=\"sec sec_character\">\r\n            <ul class=\"sec_ul sec_ul--character slick-box\">\r\n                <li class=\"sec_li sec_li--character\">\r\n                    <img decoding=\"async\" src=\"https:\/\/guide.fire-emblem-heroes.com\/wp-content\/uploads\/robin_fell_vessel_slide01.png\" alt=\"\" \/>\r\n                <\/li>\r\n                <li class=\"sec_li sec_li--character\">\r\n                    <img decoding=\"async\" src=\"https:\/\/guide.fire-emblem-heroes.com\/wp-content\/uploads\/robin_fell_vessel_slide02.png\" alt=\"\" \/>\r\n                <\/li>\r\n                <li class=\"sec_li sec_li--character\">\r\n                    <img decoding=\"async\" src=\"https:\/\/guide.fire-emblem-heroes.com\/wp-content\/uploads\/robin_fell_vessel_slide03.png\" alt=\"\" \/>\r\n                <\/li>\r\n                <li class=\"sec_li sec_li--character\">\r\n                    <img decoding=\"async\" src=\"https:\/\/guide.fire-emblem-heroes.com\/wp-content\/uploads\/robin_fell_vessel_slide04.png\" alt=\"\" \/>\r\n                <\/li>\r\n            <\/ul>\r\n            <div class=\"sec_charainfoarea flex\">\r\n                <div class=\"sec_gif\"><img loading=\"lazy\" decoding=\"async\" src=\"https:\/\/guide.fire-emblem-heroes.com\/wp-content\/uploads\/robin_fell_vessel.png\" alt=\"\" width=\"210\" height=\"190\"\/><\/div>\r\n                <div class=\"sec_charainfo\">\r\n                    <p id=\"CHARA_009_002\" class=\"sec_characate sec_characate--legendary_heroes\">H\u00e9ros l\u00e9gendaires<\/p>\r\n                    <p id=\"CHARA_009_003\" class=\"sec_charanick\">R\u00e9ceptacle<\/p>\r\n                    <p id=\"CHARA_009_004\" class=\"sec_charaname\">Daraen<\/p>\r\n                    <p id=\"CHARA_009_005\" class=\"sec_charaappearancetxt\">Appara\u00eet dans<\/p>\r\n                    <p id=\"CHARA_009_006\" class=\"sec_charaappearancetxt\">Fire Emblem: Awakening<\/p>\r\n                <\/div>\r\n            <\/div>\r\n        <\/section>\r\n    <\/article>\r\n    <article>\r\n        <section class=\"sec sec_characterarea\">\r\n            <div class=\"sec_h2chara\">\r\n                <p id=\"CHARA_009_007\" class=\"sec_h2charattl\">Sharena vous pr\u00e9sente&#8230;<\/p>\r\n                <h2 id=\"CHARA_009_008\" class=\"sec_h2charatxt\">R\u00e9ceptacle Daraen<\/h2>\r\n            <\/div>\r\n            <dl class=\"sec_dl flex\">\r\n                <dt id=\"CHARA_009_009\" class=\"sec_dt\">Daraen, amn\u00e9sique et venue de nulle part, a \u00e9t\u00e9 secourue par Chrom, le prince d&rsquo;Ylisse.<\/dt>\r\n                <dd class=\"sec_dd\">\r\n                    <a href=\"https:\/\/guide.fire-emblem-heroes.com\/wp-content\/uploads\/robin_fell_vessel_pop01.png\" class=\"popup-image\">\r\n                        <img decoding=\"async\" src=\"https:\/\/guide.fire-emblem-heroes.com\/wp-content\/uploads\/robin_fell_vessel_info01.png\" alt=\"\" \/>\r\n                    <\/a>\r\n                <\/dd>\r\n                <dt id=\"CHARA_009_010\" class=\"sec_dt\">Gaie et amicale, cette jeune femme porte n\u00e9anmoins un sombre secret, qu&rsquo;elle-m\u00eame ignore : elle est le r\u00e9ceptacle de Grima, le Dragon D\u00e9chu, qui s&rsquo;est jur\u00e9 de d\u00e9truire l&rsquo;humanit\u00e9.<\/dt>\r\n                <dd class=\"sec_dd\">\r\n                    <a href=\"https:\/\/guide.fire-emblem-heroes.com\/wp-content\/uploads\/robin_fell_vessel_pop02.png\" class=\"popup-image\">\r\n                        <img decoding=\"async\" src=\"https:\/\/guide.fire-emblem-heroes.com\/wp-content\/uploads\/robin_fell_vessel_info02.png\" alt=\"\" \/>\r\n                    <\/a>\r\n                <\/dd>\r\n                <dt id=\"CHARA_009_011\" class=\"sec_dt\">Les machinations de Validar, le meneur de la secte des disciples de Grima qui est aussi son p\u00e8re, ont mis Daraen en grand danger.<\/dt>\r\n                <dd class=\"sec_dd\">\r\n                    <a href=\"https:\/\/guide.fire-emblem-heroes.com\/wp-content\/uploads\/robin_fell_vessel_pop03.png\" class=\"popup-image\">\r\n                        <img decoding=\"async\" src=\"https:\/\/guide.fire-emblem-heroes.com\/wp-content\/uploads\/robin_fell_vessel_info03.png\" alt=\"\" \/>\r\n                    <\/a>\r\n                <\/dd>\r\n                <dt id=\"CHARA_009_012\" class=\"sec_dt\">Son destin \u00e9tait de finir sous le contr\u00f4le de Grima, mais elle fut rejointe par Chrom et Lucina pour renverser la situation. Ensemble, ils d\u00e9truisirent la menace du Dragon D\u00e9chu.<\/dt>\r\n                <dd class=\"sec_dd\">\r\n                    <a href=\"https:\/\/guide.fire-emblem-heroes.com\/wp-content\/uploads\/robin_fell_vessel_pop04.png\" class=\"popup-image\">\r\n                        <img decoding=\"async\" src=\"https:\/\/guide.fire-emblem-heroes.com\/wp-content\/uploads\/robin_fell_vessel_info04.png\" alt=\"\" \/>\r\n                    <\/a>\r\n                <\/dd>\r\n            <\/dl>\r\n            <h3 id=\"CHARA_009_013\" class=\"sec_h3charatxt\">Personnage li\u00e9 \u00e0<\/h3>\r\n            <h4 id=\"CHARA_009_014\" class=\"sec_h4charatxt\">Chrom<\/h4>\r\n            <p id=\"CHARA_009_015\" class=\"sec_charatxt\">Prince du Saint-Royaume d&rsquo;Ylisse et descendant du Roi-H\u00e9ros, il m\u00e8ne les Veilleurs, protecteurs de la paix d&rsquo;Ylisse.<\/p>\r\n        <\/section>\r\n    <\/article>\r\n<\/main>","protected":false},"excerpt":{"rendered":"H\u00e9ros l\u00e9gendaires R\u00e9ceptacle Daraen Appara\u00eet dans Fire Emblem: Awakening Sharena vous pr\u00e9sente&#8230; R\u00e9ceptacle Daraen Daraen, amn\u00e9sique et venue de nulle part, a \u00e9t\u00e9 secourue par Chrom, le prince d&rsquo;Ylisse. Gaie et amicale, cette jeune femme porte n\u00e9anmoins un sombre secret, qu&rsquo;elle-m\u00eame ignore : elle est le r\u00e9ceptacle de Grima, le Dragon D\u00e9chu, qui s&rsquo;est jur\u00e9 [&hellip;]","protected":false},"author":1,"featured_media":6761,"comment_status":"closed","ping_status":"closed","sticky":false,"template":"","format":"standard","meta":{"advanced_seo_description":"","jetpack_seo_html_title":"","jetpack_seo_noindex":false,"_jetpack_newsletter_access":"","_jetpack_dont_email_post_to_subs":false,"_jetpack_newsletter_tier_id":0,"_jetpack_memberships_contains_paywalled_content":false,"_locale":"fr_FR","_original_post":"6512","_jetpack_memberships_contains_paid_content":false,"footnotes":"","jetpack_publicize_message":"","jetpack_publicize_feature_enabled":true,"jetpack_social_post_already_shared":true,"jetpack_social_options":{"image_generator_settings":{"template":"highway","default_image_id":0,"font":"","enabled":false},"version":2},"_wpas_customize_per_network":false,"jetpack_post_was_ever_published":false},"categories":[1384,1431,1390,1388],"tags":[1396],"class_list":["post-6519","post","type-post","status-publish","format-standard","has-post-thumbnail","hentry","category-character","category-ex_works_awakening","category-stay_heroes","category-legendary_heroes","tag-heros-legendaires","fr-FR"],"jetpack_publicize_connections":[],"jetpack_featured_media_url":"https:\/\/guide.fire-emblem-heroes.com\/wp-content\/uploads\/robin_fell_vessel.png","jetpack_sharing_enabled":false,"jetpack_shortlink":"https:\/\/wp.me\/pa0Mj3-1H9","jetpack_likes_enabled":false,"amp_enabled":true,"_links":{"self":[{"href":"https:\/\/guide.fire-emblem-heroes.com\/wp-json\/wp\/v2\/posts\/6519","targetHints":{"allow":["GET"]}}],"collection":[{"href":"https:\/\/guide.fire-emblem-heroes.com\/wp-json\/wp\/v2\/posts"}],"about":[{"href":"https:\/\/guide.fire-emblem-heroes.com\/wp-json\/wp\/v2\/types\/post"}],"author":[{"embeddable":true,"href":"https:\/\/guide.fire-emblem-heroes.com\/wp-json\/wp\/v2\/users\/1"}],"replies":[{"embeddable":true,"href":"https:\/\/guide.fire-emblem-heroes.com\/wp-json\/wp\/v2\/comments?post=6519"}],"version-history":[{"count":2,"href":"https:\/\/guide.fire-emblem-heroes.com\/wp-json\/wp\/v2\/posts\/6519\/revisions"}],"predecessor-version":[{"id":6796,"href":"https:\/\/guide.fire-emblem-heroes.com\/wp-json\/wp\/v2\/posts\/6519\/revisions\/6796"}],"wp:featuredmedia":[{"embeddable":true,"href":"https:\/\/guide.fire-emblem-heroes.com\/wp-json\/wp\/v2\/media\/6761"}],"wp:attachment":[{"href":"https:\/\/guide.fire-emblem-heroes.com\/wp-json\/wp\/v2\/media?parent=6519"}],"wp:term":[{"taxonomy":"category","embeddable":true,"href":"https:\/\/guide.fire-emblem-heroes.com\/wp-json\/wp\/v2\/categories?post=6519"},{"taxonomy":"post_tag","embeddable":true,"href":"https:\/\/guide.fire-emblem-heroes.com\/wp-json\/wp\/v2\/tags?post=6519"}],"curies":[{"name":"wp","href":"https:\/\/api.w.org\/{rel}","templated":true}]}}