{"id":66235,"date":"2026-04-28T12:00:33","date_gmt":"2026-04-28T03:00:33","guid":{"rendered":"https:\/\/guide.fire-emblem-heroes.com\/?p=66235"},"modified":"2026-04-30T11:22:04","modified_gmt":"2026-04-30T02:22:04","slug":"07003001001372-2","status":"publish","type":"post","link":"https:\/\/guide.fire-emblem-heroes.com\/fr\/07003001001372-2\/","title":{"rendered":"<span class=\"character_nick\">Repenti nocturne<\/span><span class=\"character_name\">Lyon<\/span>"},"content":{"rendered":"<main id=\"CHARA_1372\" class=\"main_page character\">\r\n            <article>\r\n                <section class=\"sec sec_character\">\r\n                    <ul class=\"sec_ul sec_ul--character slick-box\">\r\n                        <li class=\"sec_li sec_li--character\">\r\n                            <img decoding=\"async\" src=\"https:\/\/guide.fire-emblem-heroes.com\/wp-content\/uploads\/lyon_twilight_amends_slide01.png\" alt=\"\" \/>\r\n                        <\/li>\r\n                        <li class=\"sec_li sec_li--character\">\r\n                            <img decoding=\"async\" src=\"https:\/\/guide.fire-emblem-heroes.com\/wp-content\/uploads\/lyon_twilight_amends_slide02.png\" alt=\"\" \/>\r\n                        <\/li>\r\n                        <li class=\"sec_li sec_li--character\">\r\n                            <img decoding=\"async\" src=\"https:\/\/guide.fire-emblem-heroes.com\/wp-content\/uploads\/lyon_twilight_amends_slide03.png\" alt=\"\" \/>\r\n                        <\/li>\r\n                        <li class=\"sec_li sec_li--character\">\r\n                            <img decoding=\"async\" src=\"https:\/\/guide.fire-emblem-heroes.com\/wp-content\/uploads\/lyon_twilight_amends_slide04.png\" alt=\"\" \/>\r\n                        <\/li>\r\n                    <\/ul>\r\n                    <div class=\"sec_charainfoarea flex\">\r\n                        <div class=\"sec_gif\"><img loading=\"lazy\" decoding=\"async\" src=\"https:\/\/guide.fire-emblem-heroes.com\/wp-content\/uploads\/lyon_twilight_amends.png\" alt=\"\" width=\"210\" height=\"190\"\/><\/div>\r\n                        <div class=\"sec_charainfo\">\r\n                            <p id=\"CHARA_1372_002\" class=\"sec_characate sec_characate--legendary_heroes\">H\u00e9ros l\u00e9gendaires<\/p>\r\n                            <p id=\"CHARA_1372_003\" class=\"sec_charanick\">Repenti nocturne<\/p>\r\n                            <p id=\"CHARA_1372_004\" class=\"sec_charaname\">Lyon<\/p>\r\n                            <p id=\"CHARA_1372_005\" class=\"sec_charaappearancetxt\">Appara\u00eet dans<\/p>\r\n                            <p id=\"CHARA_1372_006\" class=\"sec_charaappearancetxt\">Fire Emblem: The Sacred Stones<\/p>\r\n                        <\/div>\r\n                    <\/div>\r\n                <\/section>\r\n            <\/article>\r\n            <article>\r\n                <section class=\"sec sec_characterarea\">\r\n                    <div class=\"sec_h2chara\">\r\n                        <p id=\"CHARA_1372_007\" class=\"sec_h2charattl\">Sharena vous pr\u00e9sente\u2026<\/p>\r\n                        <h2 id=\"CHARA_1372_008\" class=\"sec_h2charatxt\">Repenti nocturne Lyon<\/h2>\r\n                    <\/div>\r\n                    <dl class=\"sec_dl flex\">\r\n                        <dt id=\"CHARA_1372_009\" class=\"sec_dt\">Lyon est le prince de Grado, un empire du continent de Magvel. Il \u00e9tait autrefois un jeune homme studieux \u00e9pris de paix, mais un jour, il est devenu m\u00e9connaissable et a plong\u00e9 tout le continent dans la guerre.<\/dt>\r\n                        <dd class=\"sec_dd\">\r\n                            <a href=\"https:\/\/guide.fire-emblem-heroes.com\/wp-content\/uploads\/lyon_twilight_amends_pop01.png\" class=\"popup-image\">\r\n                                <img decoding=\"async\" src=\"https:\/\/guide.fire-emblem-heroes.com\/wp-content\/uploads\/lyon_twilight_amends_info01.png\" alt=\"\" \/>\r\n                            <\/a>\r\n                        <\/dd>\r\n                        <dt id=\"CHARA_1372_010\" class=\"sec_dt\">Il avait recherch\u00e9 la Pierre sacr\u00e9e conserv\u00e9e \u00e0 Grado et esp\u00e9rait utiliser son pouvoir pour aider les gens, mais est au contraire tomb\u00e9 sous l&rsquo;influence du Roi-d\u00e9mon scell\u00e9 dans la pierre.<\/dt>\r\n                        <dd class=\"sec_dd\">\r\n                            <a href=\"https:\/\/guide.fire-emblem-heroes.com\/wp-content\/uploads\/lyon_twilight_amends_pop02.png\" class=\"popup-image\">\r\n                                <img decoding=\"async\" src=\"https:\/\/guide.fire-emblem-heroes.com\/wp-content\/uploads\/lyon_twilight_amends_info02.png\" alt=\"\" \/>\r\n                            <\/a>\r\n                        <\/dd>\r\n                        <dt id=\"CHARA_1372_011\" class=\"sec_dt\">Poss\u00e9d\u00e9 par le Roi-d\u00e9mon, Lyon voulait d\u00e9truire les Pierres sacr\u00e9es conserv\u00e9es dans d&rsquo;autres pays de Magvel. Grado a commenc\u00e9 \u00e0 envahir ses voisins, et Lyon a fini par combattre contre ses anciens amis Ephraim et Eirika.<\/dt>\r\n                        <dd class=\"sec_dd\">\r\n                            <a href=\"https:\/\/guide.fire-emblem-heroes.com\/wp-content\/uploads\/lyon_twilight_amends_pop03.png\" class=\"popup-image\">\r\n                                <img decoding=\"async\" src=\"https:\/\/guide.fire-emblem-heroes.com\/wp-content\/uploads\/lyon_twilight_amends_info03.png\" alt=\"\" \/>\r\n                            <\/a>\r\n                        <\/dd>\r\n                        <dt id=\"CHARA_1372_012\" class=\"sec_dt\">Je pense que beaucoup de monde en Magvel ne pardonnera jamais \u00e0 Lyon d&rsquo;avoir initi\u00e9 cette guerre. Mais ceux qui \u00e9taient proches de lui connaissent la v\u00e9rit\u00e9, que le vrai Lyon \u00e9tait autrefois un jeune homme qui voulait rendre les gens heureux.<\/dt>\r\n                        <dd class=\"sec_dd\">\r\n                            <a href=\"https:\/\/guide.fire-emblem-heroes.com\/wp-content\/uploads\/lyon_twilight_amends_pop04.png\" class=\"popup-image\">\r\n                                <img decoding=\"async\" src=\"https:\/\/guide.fire-emblem-heroes.com\/wp-content\/uploads\/lyon_twilight_amends_info04.png\" alt=\"\" \/>\r\n                            <\/a>\r\n                        <\/dd>\r\n                    <\/dl>\r\n                    <h3 id=\"CHARA_1372_013\" class=\"sec_h3charatxt\">Personnage li\u00e9 \u00e0<\/h3>\r\n                    <h4 id=\"CHARA_1372_014\" class=\"sec_h4charatxt\">Ephraim<\/h4>\r\n                    <p id=\"CHARA_1372_015\" class=\"sec_charatxt\">Prince de Renais et fr\u00e8re jumeau d&rsquo;Eirika. Il tient beaucoup \u00e0 sa s\u0153ur. Sa grande confiance en lui le met parfois en danger. Il est l\u2019ami de Lyon.<\/p>\r\n                    <h4 id=\"CHARA_1372_016\" class=\"sec_h4charatxt\">Eirika<\/h4>\r\n                    <p id=\"CHARA_1372_017\" class=\"sec_charatxt\">Princesse de Renais et s\u0153ur jumelle d&rsquo;Ephraim. Elle tient beaucoup \u00e0 son fr\u00e8re. Sa grande gentillesse la met parfois en danger. Elle est l\u2019amie de Lyon.<\/p>\r\n                <\/section>\r\n            <\/article>\r\n        <\/main>","protected":false},"excerpt":{"rendered":"H\u00e9ros l\u00e9gendaires Repenti nocturne Lyon Appara\u00eet dans Fire Emblem: The Sacred Stones Sharena vous pr\u00e9sente\u2026 Repenti nocturne Lyon Lyon est le prince de Grado, un empire du continent de Magvel. Il \u00e9tait autrefois un jeune homme studieux \u00e9pris de paix, mais un jour, il est devenu m\u00e9connaissable et a plong\u00e9 tout le continent dans la [&hellip;]","protected":false},"author":1,"featured_media":66264,"comment_status":"closed","ping_status":"closed","sticky":false,"template":"","format":"standard","meta":{"advanced_seo_description":"","jetpack_seo_html_title":"","jetpack_seo_noindex":false,"_jetpack_newsletter_access":"","_jetpack_dont_email_post_to_subs":false,"_jetpack_newsletter_tier_id":0,"_jetpack_memberships_contains_paywalled_content":false,"_locale":"fr_FR","_original_post":"https:\/\/guide.fire-emblem-heroes.com\/?p=66227","_jetpack_memberships_contains_paid_content":false,"footnotes":"","jetpack_publicize_message":"","jetpack_publicize_feature_enabled":true,"jetpack_social_post_already_shared":false,"jetpack_social_options":{"image_generator_settings":{"template":"highway","default_image_id":0,"font":"","enabled":false},"version":2},"_wpas_customize_per_network":false,"jetpack_post_was_ever_published":false},"categories":[1384,1428,1389,1388],"tags":[1396],"class_list":["post-66235","post","type-post","status-publish","format-standard","has-post-thumbnail","hentry","category-character","category-ex_works_the_sacred_stones","category-new_heroes","category-legendary_heroes","tag-heros-legendaires","fr-FR"],"jetpack_publicize_connections":[],"jetpack_featured_media_url":"https:\/\/guide.fire-emblem-heroes.com\/wp-content\/uploads\/lyon_twilight_amends.png","jetpack_sharing_enabled":false,"jetpack_shortlink":"https:\/\/wp.me\/pa0Mj3-hej","jetpack_likes_enabled":false,"amp_enabled":false,"_links":{"self":[{"href":"https:\/\/guide.fire-emblem-heroes.com\/wp-json\/wp\/v2\/posts\/66235","targetHints":{"allow":["GET"]}}],"collection":[{"href":"https:\/\/guide.fire-emblem-heroes.com\/wp-json\/wp\/v2\/posts"}],"about":[{"href":"https:\/\/guide.fire-emblem-heroes.com\/wp-json\/wp\/v2\/types\/post"}],"author":[{"embeddable":true,"href":"https:\/\/guide.fire-emblem-heroes.com\/wp-json\/wp\/v2\/users\/1"}],"replies":[{"embeddable":true,"href":"https:\/\/guide.fire-emblem-heroes.com\/wp-json\/wp\/v2\/comments?post=66235"}],"version-history":[{"count":1,"href":"https:\/\/guide.fire-emblem-heroes.com\/wp-json\/wp\/v2\/posts\/66235\/revisions"}],"predecessor-version":[{"id":66244,"href":"https:\/\/guide.fire-emblem-heroes.com\/wp-json\/wp\/v2\/posts\/66235\/revisions\/66244"}],"wp:featuredmedia":[{"embeddable":true,"href":"https:\/\/guide.fire-emblem-heroes.com\/wp-json\/wp\/v2\/media\/66264"}],"wp:attachment":[{"href":"https:\/\/guide.fire-emblem-heroes.com\/wp-json\/wp\/v2\/media?parent=66235"}],"wp:term":[{"taxonomy":"category","embeddable":true,"href":"https:\/\/guide.fire-emblem-heroes.com\/wp-json\/wp\/v2\/categories?post=66235"},{"taxonomy":"post_tag","embeddable":true,"href":"https:\/\/guide.fire-emblem-heroes.com\/wp-json\/wp\/v2\/tags?post=66235"}],"curies":[{"name":"wp","href":"https:\/\/api.w.org\/{rel}","templated":true}]}}