






{"id":67229,"date":"2026-07-03T12:45:44","date_gmt":"2026-07-03T03:45:44","guid":{"rendered":"https:\/\/guide.fire-emblem-heroes.com\/?p=67229"},"modified":"2026-08-07T16:32:33","modified_gmt":"2026-08-07T07:32:33","slug":"00008005001394-2","status":"publish","type":"post","link":"https:\/\/guide.fire-emblem-heroes.com\/fr\/00008005001394-2\/","title":{"rendered":"<span class=\"character_nick\">Entra\u00eeneur sculpt\u00e9<\/span><span class=\"character_name\">Eik\u00feyrnir<\/span>"},"content":{"rendered":"<main id=\"CHARA_1394\" class=\"main_page character\">\r\n            <article>\r\n                <section class=\"sec sec_character\">\r\n                    <ul class=\"sec_ul sec_ul--character slick-box\">\r\n                        <li class=\"sec_li sec_li--character\">\r\n                            <img decoding=\"async\" src=\"https:\/\/guide.fire-emblem-heroes.com\/wp-content\/uploads\/eikthyrnir_chiseled_trainer_slide01.png\" alt=\"\" \/>\r\n                        <\/li>\r\n                        <li class=\"sec_li sec_li--character\">\r\n                            <img decoding=\"async\" src=\"https:\/\/guide.fire-emblem-heroes.com\/wp-content\/uploads\/eikthyrnir_chiseled_trainer_slide02.png\" alt=\"\" \/>\r\n                        <\/li>\r\n                        <li class=\"sec_li sec_li--character\">\r\n                            <img decoding=\"async\" src=\"https:\/\/guide.fire-emblem-heroes.com\/wp-content\/uploads\/eikthyrnir_chiseled_trainer_slide03.png\" alt=\"\" \/>\r\n                        <\/li>\r\n                        <li class=\"sec_li sec_li--character\">\r\n                            <img decoding=\"async\" src=\"https:\/\/guide.fire-emblem-heroes.com\/wp-content\/uploads\/eikthyrnir_chiseled_trainer_slide04.png\" alt=\"\" \/>\r\n                        <\/li>\r\n                    <\/ul>\r\n                    <div class=\"sec_charainfoarea flex\">\r\n                        <div class=\"sec_gif\"><img loading=\"lazy\" decoding=\"async\" src=\"https:\/\/guide.fire-emblem-heroes.com\/wp-content\/uploads\/eikthyrnir_chiseled_trainer.png\" alt=\"\" width=\"210\" height=\"190\"\/><\/div>\r\n                        <div class=\"sec_charainfo\">\r\n                            <p id=\"CHARA_1394_002\" class=\"sec_characate sec_characate--special_heroes\">H\u00e9ros sp\u00e9ciaux<\/p>\r\n                            <p id=\"CHARA_1394_003\" class=\"sec_charanick\">Entra\u00eeneur sculpt\u00e9<\/p>\r\n                            <p id=\"CHARA_1394_004\" class=\"sec_charaname\">Eik\u00feyrnir<\/p>\r\n                            <p id=\"CHARA_1394_005\" class=\"sec_charaappearancetxt\">Appara\u00eet dans<\/p>\r\n                            <p id=\"CHARA_1394_006\" class=\"sec_charaappearancetxt\">Fire Emblem Heroes<\/p>\r\n                        <\/div>\r\n                    <\/div>\r\n                <\/section>\r\n            <\/article>\r\n            <article>\r\n                <section class=\"sec sec_characterarea\">\r\n                    <div class=\"sec_h2chara\">\r\n                        <p id=\"CHARA_1394_007\" class=\"sec_h2charattl\">Sharena vous pr\u00e9sente\u2026<\/p>\r\n                        <h2 id=\"CHARA_1394_008\" class=\"sec_h2charatxt\">Entra\u00eeneur sculpt\u00e9 Eik\u00feyrnir<\/h2>\r\n                    <\/div>\r\n                    <dl class=\"sec_dl flex\">\r\n                        <dt id=\"CHARA_1394_009\" class=\"sec_dt\">Eik\u00feyrnir est une des Mains gu\u00e9risseuses d&rsquo;Yggdrasill, l&rsquo;arbre du monde, et il est venu au festival sportif pour entra\u00eener les h\u00e9ros\u00a0!<\/dt>\r\n                        <dd class=\"sec_dd\">\r\n                            <a href=\"https:\/\/guide.fire-emblem-heroes.com\/wp-content\/uploads\/eikthyrnir_chiseled_trainer_pop01.png\" class=\"popup-image\">\r\n                                <img decoding=\"async\" src=\"https:\/\/guide.fire-emblem-heroes.com\/wp-content\/uploads\/eikthyrnir_chiseled_trainer_info01.png\" alt=\"\" \/>\r\n                            <\/a>\r\n                        <\/dd>\r\n                        <dt id=\"CHARA_1394_010\" class=\"sec_dt\">Voici sa tenue pour l&rsquo;occasion, avec un bandeau plein de style autour de la t\u00eate. Une veste jaune aux lignes noires est pos\u00e9e sur ses \u00e9paules et un sifflet d&rsquo;entra\u00eeneur pend \u00e9galement \u00e0 son cou.<\/dt>\r\n                        <dd class=\"sec_dd\">\r\n                            <a href=\"https:\/\/guide.fire-emblem-heroes.com\/wp-content\/uploads\/eikthyrnir_chiseled_trainer_pop02.png\" class=\"popup-image\">\r\n                                <img decoding=\"async\" src=\"https:\/\/guide.fire-emblem-heroes.com\/wp-content\/uploads\/eikthyrnir_chiseled_trainer_info02.png\" alt=\"\" \/>\r\n                            <\/a>\r\n                        <\/dd>\r\n                        <dt id=\"CHARA_1394_011\" class=\"sec_dt\">Eik\u00feyrnir a avec lui deux gourdes sp\u00e9ciales et un porte-bloc avec des feuilles de papier. Il doit avaler quelques gorg\u00e9es de boisson nutritive pour l&rsquo;aider \u00e0 se muscler en m\u00eame temps qu&rsquo;il consulte ses notes pour suivre l&rsquo;entra\u00eenement\u00a0!<\/dt>\r\n                        <dd class=\"sec_dd\">\r\n                            <a href=\"https:\/\/guide.fire-emblem-heroes.com\/wp-content\/uploads\/eikthyrnir_chiseled_trainer_pop03.png\" class=\"popup-image\">\r\n                                <img decoding=\"async\" src=\"https:\/\/guide.fire-emblem-heroes.com\/wp-content\/uploads\/eikthyrnir_chiseled_trainer_info03.png\" alt=\"\" \/>\r\n                            <\/a>\r\n                        <\/dd>\r\n                        <dt id=\"CHARA_1394_012\" class=\"sec_dt\">Eik\u00feyrnir passe un excellent moment au festival sportif dans ce r\u00f4le d&rsquo;entra\u00eeneur, encourageant et conseillant les autres h\u00e9ros. Cela sera une bonne occasion d&rsquo;entra\u00eener nos corps et de muscler notre enthousiasme\u00a0!<\/dt>\r\n                        <dd class=\"sec_dd\">\r\n                            <a href=\"https:\/\/guide.fire-emblem-heroes.com\/wp-content\/uploads\/eikthyrnir_chiseled_trainer_pop04.png\" class=\"popup-image\">\r\n                                <img decoding=\"async\" src=\"https:\/\/guide.fire-emblem-heroes.com\/wp-content\/uploads\/eikthyrnir_chiseled_trainer_info04.png\" alt=\"\" \/>\r\n                            <\/a>\r\n                        <\/dd>\r\n                    <\/dl>\r\n                    <h3 id=\"CHARA_1394_013\" class=\"sec_h3charatxt\">Personnage li\u00e9 \u00e0<\/h3>\r\n                    <h4 id=\"CHARA_1394_014\" class=\"sec_h4charatxt\">L\u00e6ra\u00f0r<\/h4>\r\n                    <p id=\"CHARA_1394_015\" class=\"sec_charatxt\">P\u00e8re d\u2019Eik\u00feyrnir et chef des Mains gu\u00e9risseuses d\u2019Yggdrasill. Il est connu pour sa capacit\u00e9 \u00e0 contr\u00f4ler le c\u0153ur des gens.<\/p>\r\n                    <h4 id=\"CHARA_1394_016\" class=\"sec_h4charatxt\">Ratatoskr<\/h4>\r\n                    <p id=\"CHARA_1394_017\" class=\"sec_charatxt\">Jeune s\u0153ur d\u2019Eik\u00feyrnir et membre des Mains gu\u00e9risseuses d\u2019Yggdrasill qui a tendance \u00e0 facilement se laisser submerger par la charge de travail. Elle a gu\u00e9ri de multiples maladies \u00e0 travers les neuf royaumes.<\/p>\r\n                    <h4 id=\"CHARA_1394_018\" class=\"sec_h4charatxt\">Hei\u00f0r\u00fan<\/h4>\r\n                    <p id=\"CHARA_1394_019\" class=\"sec_charatxt\">Jeune s\u0153ur d\u2019Eik\u00feyrnir et membre des Mains gu\u00e9risseuses d\u2019Yggdrasill. Son nectar est un rem\u00e8de puissant capable de gu\u00e9rir les maladies et de contrer les effets du poison.<\/p>\r\n                <\/section>\r\n            <\/article>\r\n        <\/main>","protected":false},"excerpt":{"rendered":"H\u00e9ros sp\u00e9ciaux Entra\u00eeneur sculpt\u00e9 Eik\u00feyrnir Appara\u00eet dans Fire Emblem Heroes Sharena vous pr\u00e9sente\u2026 Entra\u00eeneur sculpt\u00e9 Eik\u00feyrnir Eik\u00feyrnir est une des Mains gu\u00e9risseuses d&rsquo;Yggdrasill, l&rsquo;arbre du monde, et il est venu au festival sportif pour entra\u00eener les h\u00e9ros\u00a0! Voici sa tenue pour l&rsquo;occasion, avec un bandeau plein de style autour de la t\u00eate. Une veste jaune [&hellip;]","protected":false},"author":1,"featured_media":67285,"comment_status":"closed","ping_status":"closed","sticky":false,"template":"","format":"standard","meta":{"advanced_seo_description":"","jetpack_seo_html_title":"","jetpack_seo_noindex":false,"jetpack_seo_schema_type":"","_jetpack_newsletter_access":"","_jetpack_dont_email_post_to_subs":false,"_jetpack_newsletter_tier_id":0,"_jetpack_memberships_contains_paywalled_content":false,"_locale":"fr_FR","_original_post":"https:\/\/guide.fire-emblem-heroes.com\/?p=67221","_wpcom_ai_launchpad_first_post":false,"_jetpack_feature_clip_id":0,"_jetpack_memberships_contains_paid_content":false,"footnotes":"","jetpack_publicize_message":"{title}\n\n{excerpt}\n\n{url}","jetpack_publicize_feature_enabled":true,"jetpack_social_post_already_shared":false,"jetpack_social_options":{"image_generator_settings":{"template":"highway","default_image_id":0,"font":"","enabled":false},"version":2},"_wpas_customize_per_network":false,"jetpack_post_was_ever_published":false},"categories":[1384,1423,1405,1390],"tags":[1410],"class_list":["post-67229","post","type-post","status-publish","format-standard","has-post-thumbnail","hentry","category-character","category-ex_works_heroes","category-special_heroes","category-stay_heroes","tag-heros-speciaux","fr-FR"],"jetpack_publicize_connections":[],"jetpack_sharing_enabled":false,"jetpack_shortlink":"https:\/\/wp.me\/pa0Mj3-hul","jetpack_likes_enabled":false,"amp_enabled":false,"jetpack_featured_media_url":"https:\/\/guide.fire-emblem-heroes.com\/wp-content\/uploads\/eikthyrnir_chiseled_trainer.png","_links":{"self":[{"href":"https:\/\/guide.fire-emblem-heroes.com\/wp-json\/wp\/v2\/posts\/67229","targetHints":{"allow":["GET"]}}],"collection":[{"href":"https:\/\/guide.fire-emblem-heroes.com\/wp-json\/wp\/v2\/posts"}],"about":[{"href":"https:\/\/guide.fire-emblem-heroes.com\/wp-json\/wp\/v2\/types\/post"}],"author":[{"embeddable":true,"href":"https:\/\/guide.fire-emblem-heroes.com\/wp-json\/wp\/v2\/users\/1"}],"replies":[{"embeddable":true,"href":"https:\/\/guide.fire-emblem-heroes.com\/wp-json\/wp\/v2\/comments?post=67229"}],"version-history":[{"count":1,"href":"https:\/\/guide.fire-emblem-heroes.com\/wp-json\/wp\/v2\/posts\/67229\/revisions"}],"predecessor-version":[{"id":67240,"href":"https:\/\/guide.fire-emblem-heroes.com\/wp-json\/wp\/v2\/posts\/67229\/revisions\/67240"}],"wp:featuredmedia":[{"embeddable":true,"href":"https:\/\/guide.fire-emblem-heroes.com\/wp-json\/wp\/v2\/media\/67285"}],"wp:attachment":[{"href":"https:\/\/guide.fire-emblem-heroes.com\/wp-json\/wp\/v2\/media?parent=67229"}],"wp:term":[{"taxonomy":"category","embeddable":true,"href":"https:\/\/guide.fire-emblem-heroes.com\/wp-json\/wp\/v2\/categories?post=67229"},{"taxonomy":"post_tag","embeddable":true,"href":"https:\/\/guide.fire-emblem-heroes.com\/wp-json\/wp\/v2\/tags?post=67229"}],"curies":[{"name":"wp","href":"https:\/\/api.w.org\/{rel}","templated":true}]}}