{"id":67395,"date":"2026-07-15T12:07:34","date_gmt":"2026-07-15T03:07:34","guid":{"rendered":"https:\/\/guide.fire-emblem-heroes.com\/?p=67395"},"modified":"2026-08-07T16:33:18","modified_gmt":"2026-08-07T07:33:18","slug":"14001002001397-2","status":"publish","type":"post","link":"https:\/\/guide.fire-emblem-heroes.com\/fr\/14001002001397-2\/","title":{"rendered":"<span class=\"character_nick\">Duelliste d\u00e9butante<\/span><span class=\"character_name\">Alear<\/span>"},"content":{"rendered":"<main id=\"CHARA_1396\" class=\"main_page character\">\r\n            <article>\r\n                <section class=\"sec sec_character\">\r\n                    <ul class=\"sec_ul sec_ul--character slick-box\">\r\n                        <li class=\"sec_li sec_li--character\">\r\n                            <img decoding=\"async\" src=\"https:\/\/guide.fire-emblem-heroes.com\/wp-content\/uploads\/lueue_casual_duelist_slide01.png\" alt=\"\" \/>\r\n                        <\/li>\r\n                        <li class=\"sec_li sec_li--character\">\r\n                            <img decoding=\"async\" src=\"https:\/\/guide.fire-emblem-heroes.com\/wp-content\/uploads\/lueue_casual_duelist_slide02.png\" alt=\"\" \/>\r\n                        <\/li>\r\n                        <li class=\"sec_li sec_li--character\">\r\n                            <img decoding=\"async\" src=\"https:\/\/guide.fire-emblem-heroes.com\/wp-content\/uploads\/lueue_casual_duelist_slide03.png\" alt=\"\" \/>\r\n                        <\/li>\r\n                        <li class=\"sec_li sec_li--character\">\r\n                            <img decoding=\"async\" src=\"https:\/\/guide.fire-emblem-heroes.com\/wp-content\/uploads\/lueue_casual_duelist_slide04.png\" alt=\"\" \/>\r\n                        <\/li>\r\n                    <\/ul>\r\n                    <div class=\"sec_charainfoarea flex\">\r\n                        <div class=\"sec_gif\"><img loading=\"lazy\" decoding=\"async\" src=\"https:\/\/guide.fire-emblem-heroes.com\/wp-content\/uploads\/lueue_casual_duelist.png\" alt=\"\" width=\"210\" height=\"190\"\/><\/div>\r\n                        <div class=\"sec_charainfo\">\r\n                            <p id=\"CHARA_1396_002\" class=\"sec_characate sec_characate--rearmed_heroes\">H\u00e9ros myst\u00e9rieux<\/p>\r\n                            <p id=\"CHARA_1396_003\" class=\"sec_charanick\">Duelliste d\u00e9butante<\/p>\r\n                            <p id=\"CHARA_1396_004\" class=\"sec_charaname\">Alear<\/p>\r\n                            <p id=\"CHARA_1396_005\" class=\"sec_charaappearancetxt\">Appara\u00eet dans<\/p>\r\n                            <p id=\"CHARA_1396_006\" class=\"sec_charaappearancetxt\">Fire Emblem Engage<\/p>\r\n                        <\/div>\r\n                    <\/div>\r\n                <\/section>\r\n            <\/article>\r\n            <article>\r\n                <section class=\"sec sec_characterarea\">\r\n                    <div class=\"sec_h2chara\">\r\n                        <p id=\"CHARA_1396_007\" class=\"sec_h2charattl\">Sharena vous pr\u00e9sente\u2026<\/p>\r\n                        <h2 id=\"CHARA_1396_008\" class=\"sec_h2charatxt\">Duelliste d\u00e9butante Alear<\/h2>\r\n                    <\/div>\r\n                    <dl class=\"sec_dl flex\">\r\n                        <dt id=\"CHARA_1396_009\" class=\"sec_dt\">Alear est le Dragon Divin prot\u00e9geant Elyos, et elle est venue nous pr\u00e9senter sa nouvelle grande \u00e9p\u00e9e et une nouvelle facette de son style\u00a0!<\/dt>\r\n                        <dd class=\"sec_dd\">\r\n                            <a href=\"https:\/\/guide.fire-emblem-heroes.com\/wp-content\/uploads\/lueue_casual_duelist_pop01.png\" class=\"popup-image\">\r\n                                <img decoding=\"async\" src=\"https:\/\/guide.fire-emblem-heroes.com\/wp-content\/uploads\/lueue_casual_duelist_info01.png\" alt=\"\" \/>\r\n                            <\/a>\r\n                        <\/dd>\r\n                        <dt id=\"CHARA_1396_010\" class=\"sec_dt\">Cette tenue est inspir\u00e9e de celle port\u00e9e habituellement par Alear, mais sous une forme plus d\u00e9contract\u00e9e. Ces broderies dans le dos et ces manchettes semblent tr\u00e8s raffin\u00e9es, vous ne trouvez pas\u00a0?<\/dt>\r\n                        <dd class=\"sec_dd\">\r\n                            <a href=\"https:\/\/guide.fire-emblem-heroes.com\/wp-content\/uploads\/lueue_casual_duelist_pop02.png\" class=\"popup-image\">\r\n                                <img decoding=\"async\" src=\"https:\/\/guide.fire-emblem-heroes.com\/wp-content\/uploads\/lueue_casual_duelist_info02.png\" alt=\"\" \/>\r\n                            <\/a>\r\n                        <\/dd>\r\n                        <dt id=\"CHARA_1396_011\" class=\"sec_dt\">Elle tient l&rsquo;\u00e9p\u00e9e Caladbolg, une arme l\u00e9gendaire transmise de g\u00e9n\u00e9ration en g\u00e9n\u00e9ration en Elyos. Sa lame est tr\u00e8s particuli\u00e8re, regardez\u00a0!<\/dt>\r\n                        <dd class=\"sec_dd\">\r\n                            <a href=\"https:\/\/guide.fire-emblem-heroes.com\/wp-content\/uploads\/lueue_casual_duelist_pop03.png\" class=\"popup-image\">\r\n                                <img decoding=\"async\" src=\"https:\/\/guide.fire-emblem-heroes.com\/wp-content\/uploads\/lueue_casual_duelist_info03.png\" alt=\"\" \/>\r\n                            <\/a>\r\n                        <\/dd>\r\n                        <dt id=\"CHARA_1396_012\" class=\"sec_dt\">Alear est plus impressionnante que jamais, pr\u00eate au combat avec Caladbolg en main. Sa tenue a beau \u00eatre d\u00e9contract\u00e9e, elle est toujours pr\u00eate \u00e0 recevoir tous ceux qui veulent en d\u00e9coudre\u00a0!<\/dt>\r\n                        <dd class=\"sec_dd\">\r\n                            <a href=\"https:\/\/guide.fire-emblem-heroes.com\/wp-content\/uploads\/lueue_casual_duelist_pop04.png\" class=\"popup-image\">\r\n                                <img decoding=\"async\" src=\"https:\/\/guide.fire-emblem-heroes.com\/wp-content\/uploads\/lueue_casual_duelist_info04.png\" alt=\"\" \/>\r\n                            <\/a>\r\n                        <\/dd>\r\n                    <\/dl>\r\n                    <h3 id=\"CHARA_1396_013\" class=\"sec_h3charatxt\">Personnage li\u00e9 \u00e0<\/h3>\r\n                    <h4 id=\"CHARA_1396_014\" class=\"sec_h4charatxt\">Lumera<\/h4>\r\n                    <p id=\"CHARA_1396_015\" class=\"sec_charatxt\">Reine draconique divine r\u00e9gnant sur la terre sainte de Lythos. C\u2019est la m\u00e8re d\u2019Alear et l\u2019h\u00e9ro\u00efne qui a autrefois sauv\u00e9 tout Elyos.<\/p>\r\n                <\/section>\r\n            <\/article>\r\n        <\/main>","protected":false},"excerpt":{"rendered":"H\u00e9ros myst\u00e9rieux Duelliste d\u00e9butante Alear Appara\u00eet dans Fire Emblem Engage Sharena vous pr\u00e9sente\u2026 Duelliste d\u00e9butante Alear Alear est le Dragon Divin prot\u00e9geant Elyos, et elle est venue nous pr\u00e9senter sa nouvelle grande \u00e9p\u00e9e et une nouvelle facette de son style\u00a0! Cette tenue est inspir\u00e9e de celle port\u00e9e habituellement par Alear, mais sous une forme plus [&hellip;]","protected":false},"author":1,"featured_media":67536,"comment_status":"closed","ping_status":"closed","sticky":false,"template":"","format":"standard","meta":{"advanced_seo_description":"","jetpack_seo_html_title":"","jetpack_seo_noindex":false,"jetpack_seo_schema_type":"","_jetpack_newsletter_access":"","_jetpack_dont_email_post_to_subs":false,"_jetpack_newsletter_tier_id":0,"_jetpack_memberships_contains_paywalled_content":false,"_locale":"fr_FR","_original_post":"https:\/\/guide.fire-emblem-heroes.com\/?p=67387","_wpcom_ai_launchpad_first_post":false,"_jetpack_feature_clip_id":0,"_jetpack_memberships_contains_paid_content":false,"footnotes":"","jetpack_publicize_message":"{title}\n\n{excerpt}\n\n{url}","jetpack_publicize_feature_enabled":true,"jetpack_social_post_already_shared":false,"jetpack_social_options":{"image_generator_settings":{"template":"highway","default_image_id":0,"font":"","enabled":false},"version":2},"_wpas_customize_per_network":false,"jetpack_post_was_ever_published":false},"categories":[1512,1384,1496,1390],"tags":[1501],"class_list":["post-67395","post","type-post","status-publish","format-standard","has-post-thumbnail","hentry","category-ex_works_engage","category-character","category-rearmed_heroes","category-stay_heroes","tag-heros-mysterieux","fr-FR"],"jetpack_publicize_connections":[],"jetpack_sharing_enabled":false,"jetpack_shortlink":"https:\/\/wp.me\/pa0Mj3-hx1","jetpack_likes_enabled":false,"amp_enabled":false,"jetpack_featured_media_url":"https:\/\/guide.fire-emblem-heroes.com\/wp-content\/uploads\/lueue_casual_duelist.png","_links":{"self":[{"href":"https:\/\/guide.fire-emblem-heroes.com\/wp-json\/wp\/v2\/posts\/67395","targetHints":{"allow":["GET"]}}],"collection":[{"href":"https:\/\/guide.fire-emblem-heroes.com\/wp-json\/wp\/v2\/posts"}],"about":[{"href":"https:\/\/guide.fire-emblem-heroes.com\/wp-json\/wp\/v2\/types\/post"}],"author":[{"embeddable":true,"href":"https:\/\/guide.fire-emblem-heroes.com\/wp-json\/wp\/v2\/users\/1"}],"replies":[{"embeddable":true,"href":"https:\/\/guide.fire-emblem-heroes.com\/wp-json\/wp\/v2\/comments?post=67395"}],"version-history":[{"count":1,"href":"https:\/\/guide.fire-emblem-heroes.com\/wp-json\/wp\/v2\/posts\/67395\/revisions"}],"predecessor-version":[{"id":67407,"href":"https:\/\/guide.fire-emblem-heroes.com\/wp-json\/wp\/v2\/posts\/67395\/revisions\/67407"}],"wp:featuredmedia":[{"embeddable":true,"href":"https:\/\/guide.fire-emblem-heroes.com\/wp-json\/wp\/v2\/media\/67536"}],"wp:attachment":[{"href":"https:\/\/guide.fire-emblem-heroes.com\/wp-json\/wp\/v2\/media?parent=67395"}],"wp:term":[{"taxonomy":"category","embeddable":true,"href":"https:\/\/guide.fire-emblem-heroes.com\/wp-json\/wp\/v2\/categories?post=67395"},{"taxonomy":"post_tag","embeddable":true,"href":"https:\/\/guide.fire-emblem-heroes.com\/wp-json\/wp\/v2\/tags?post=67395"}],"curies":[{"name":"wp","href":"https:\/\/api.w.org\/{rel}","templated":true}]}}