






{"id":8689,"date":"2019-03-15T20:20:52","date_gmt":"2019-03-15T11:20:52","guid":{"rendered":"https:\/\/guide.fire-emblem-heroes.com\/?p=8689"},"modified":"2019-07-09T16:06:47","modified_gmt":"2019-07-09T07:06:47","slug":"00001005000358","status":"publish","type":"post","link":"https:\/\/guide.fire-emblem-heroes.com\/fr\/00001005000358\/","title":{"rendered":"<span class=\"character_nick\">Princesse vernale<\/span><span class=\"character_name\">Veronica<\/span>"},"content":{"rendered":"<main id=\"chara_038\" class=\"main_page character\">\r\n    <article>\r\n        <section class=\"sec sec_character\">\r\n            <ul class=\"sec_ul sec_ul--character slick-box\">\r\n                <li class=\"sec_li sec_li--character\">\r\n                    <img decoding=\"async\" src=\"https:\/\/guide.fire-emblem-heroes.com\/wp-content\/uploads\/veronica_spring_princess_slide01.png\" alt=\"\" \/>\r\n                <\/li>\r\n                <li class=\"sec_li sec_li--character\">\r\n                    <img decoding=\"async\" src=\"https:\/\/guide.fire-emblem-heroes.com\/wp-content\/uploads\/veronica_spring_princess_slide02.png\" alt=\"\" \/>\r\n                <\/li>\r\n                <li class=\"sec_li sec_li--character\">\r\n                    <img decoding=\"async\" src=\"https:\/\/guide.fire-emblem-heroes.com\/wp-content\/uploads\/veronica_spring_princess_slide03.png\" alt=\"\" \/>\r\n                <\/li>\r\n                <li class=\"sec_li sec_li--character\">\r\n                    <img decoding=\"async\" src=\"https:\/\/guide.fire-emblem-heroes.com\/wp-content\/uploads\/veronica_spring_princess_slide04.png\" alt=\"\" \/>\r\n                <\/li>\r\n            <\/ul>\r\n            <div class=\"sec_charainfoarea flex\">\r\n                <div class=\"sec_gif\"><img loading=\"lazy\" decoding=\"async\" src=\"https:\/\/guide.fire-emblem-heroes.com\/wp-content\/uploads\/veronica_spring_princess.png\" alt=\"\" width=\"210\" height=\"190\"\/><\/div>\r\n                <div class=\"sec_charainfo\">\r\n                    <p id=\"CHARA_038_002\" class=\"sec_characate sec_characate--special_heroes\">H\u00e9ros sp\u00e9ciaux<\/p>\r\n                    <p id=\"CHARA_038_003\" class=\"sec_charanick\">Princesse vernale<\/p>\r\n                    <p id=\"CHARA_038_004\" class=\"sec_charaname\">Veronica<\/p>\r\n                    <p id=\"CHARA_038_005\" class=\"sec_charaappearancetxt\">Appara\u00eet dans<\/p>\r\n                    <p id=\"CHARA_038_006\" class=\"sec_charaappearancetxt\">Fire Emblem Heroes<\/p>\r\n                <\/div>\r\n            <\/div>\r\n        <\/section>\r\n    <\/article>\r\n    <article>\r\n        <section class=\"sec sec_characterarea\">\r\n            <div class=\"sec_h2chara\">\r\n                <p id=\"CHARA_038_007\" class=\"sec_h2charattl\">Sharena vous pr\u00e9sente&#8230;<\/p>\r\n                <h2 id=\"CHARA_038_008\" class=\"sec_h2charatxt\">Princesse vernale Veronica<\/h2>\r\n            <\/div>\r\n            <dl class=\"sec_dl flex\">\r\n                <dt id=\"CHARA_038_009\" class=\"sec_dt\">En voici une surprise ! Veronica, la princesse d&rsquo;Embla en personne, est annonc\u00e9e au festival du printemps !<\/dt>\r\n                <dd class=\"sec_dd\">\r\n                    <a href=\"https:\/\/guide.fire-emblem-heroes.com\/wp-content\/uploads\/veronica_spring_princess_pop01.png\" class=\"popup-image\">\r\n                        <img decoding=\"async\" src=\"https:\/\/guide.fire-emblem-heroes.com\/wp-content\/uploads\/veronica_spring_princess_info01.png\" alt=\"\" \/>\r\n                    <\/a>\r\n                <\/dd>\r\n                <dt id=\"CHARA_038_010\" class=\"sec_dt\">Veronica porte pour l&rsquo;occasion un costume de lapin blanc absolument adorable ! Qu&rsquo;est-ce qu&rsquo;elle est mignonne !<\/dt>\r\n                <dd class=\"sec_dd\">\r\n                    <a href=\"https:\/\/guide.fire-emblem-heroes.com\/wp-content\/uploads\/veronica_spring_princess_pop02.png\" class=\"popup-image\">\r\n                        <img decoding=\"async\" src=\"https:\/\/guide.fire-emblem-heroes.com\/wp-content\/uploads\/veronica_spring_princess_info02.png\" alt=\"\" \/>\r\n                    <\/a>\r\n                <\/dd>\r\n                <dt id=\"CHARA_038_011\" class=\"sec_dt\">Mais le plus r\u00e9ussi, dans ce costume, ce sont ces grandes oreilles tombantes&#8230; Elles lui descendent jusqu&rsquo;aux genoux. Je crois qu&rsquo;il n&rsquo;y a qu&rsquo;elle pour oser un tel look !<\/dt>\r\n                <dd class=\"sec_dd\">\r\n                    <a href=\"https:\/\/guide.fire-emblem-heroes.com\/wp-content\/uploads\/veronica_spring_princess_pop03.png\" class=\"popup-image\">\r\n                        <img decoding=\"async\" src=\"https:\/\/guide.fire-emblem-heroes.com\/wp-content\/uploads\/veronica_spring_princess_info03.png\" alt=\"\" \/>\r\n                    <\/a>\r\n                <\/dd>\r\n                <dt id=\"CHARA_038_012\" class=\"sec_dt\">Et Bruno est annonc\u00e9 au festival, lui aussi ! Je suis s\u00fbre que le fr\u00e8re et la s\u0153ur y formeront un merveilleux duo !<\/dt>\r\n                <dd class=\"sec_dd\">\r\n                    <a href=\"https:\/\/guide.fire-emblem-heroes.com\/wp-content\/uploads\/veronica_spring_princess_pop04.png\" class=\"popup-image\">\r\n                        <img decoding=\"async\" src=\"https:\/\/guide.fire-emblem-heroes.com\/wp-content\/uploads\/veronica_spring_princess_info04.png\" alt=\"\" \/>\r\n                    <\/a>\r\n                <\/dd>\r\n            <\/dl>\r\n            <h3 id=\"CHARA_038_013\" class=\"sec_h3charatxt\">Personnage li\u00e9 \u00e0<\/h3>\r\n            <h4 id=\"CHARA_038_014\" class=\"sec_h4charatxt\">Bruno<\/h4>\r\n            <p id=\"CHARA_038_015\" class=\"sec_charatxt\">Prince d&rsquo;Embla et fr\u00e8re a\u00een\u00e9 de Veronica. Il travaille seul et aide sa s\u0153ur autant qu&rsquo;il le peut.<\/p>\r\n            <h4 id=\"CHARA_038_016\" class=\"sec_h4charatxt\">Xander<\/h4>\r\n            <p id=\"CHARA_038_017\" class=\"sec_charatxt\">L&rsquo;a\u00een\u00e9 des princes de Nohr. D&rsquo;abord li\u00e9 \u00e0 Veronica par un contrat, il continua de l&rsquo;aider m\u00eame apr\u00e8s en avoir \u00e9t\u00e9 lib\u00e9r\u00e9.<\/p>\r\n        <\/section>\r\n    <\/article>\r\n<\/main>","protected":false},"excerpt":{"rendered":"H\u00e9ros sp\u00e9ciaux Princesse vernale Veronica Appara\u00eet dans Fire Emblem Heroes Sharena vous pr\u00e9sente&#8230; Princesse vernale Veronica En voici une surprise ! Veronica, la princesse d&rsquo;Embla en personne, est annonc\u00e9e au festival du printemps ! Veronica porte pour l&rsquo;occasion un costume de lapin blanc absolument adorable ! Qu&rsquo;est-ce qu&rsquo;elle est mignonne ! Mais le plus r\u00e9ussi, [&hellip;]","protected":false},"author":1,"featured_media":8726,"comment_status":"closed","ping_status":"closed","sticky":false,"template":"","format":"standard","meta":{"advanced_seo_description":"","jetpack_seo_html_title":"","jetpack_seo_noindex":false,"_jetpack_newsletter_access":"","_jetpack_dont_email_post_to_subs":false,"_jetpack_newsletter_tier_id":0,"_jetpack_memberships_contains_paywalled_content":false,"_locale":"fr_FR","_original_post":"8625","_jetpack_memberships_contains_paid_content":false,"footnotes":"","jetpack_publicize_message":"","jetpack_publicize_feature_enabled":true,"jetpack_social_post_already_shared":true,"jetpack_social_options":{"image_generator_settings":{"template":"highway","default_image_id":0,"font":"","enabled":false},"version":2},"_wpas_customize_per_network":false,"jetpack_post_was_ever_published":false},"categories":[1384,1423,1405,1390],"tags":[1410],"class_list":["post-8689","post","type-post","status-publish","format-standard","has-post-thumbnail","hentry","category-character","category-ex_works_heroes","category-special_heroes","category-stay_heroes","tag-heros-speciaux","fr-FR"],"jetpack_publicize_connections":[],"jetpack_featured_media_url":"https:\/\/guide.fire-emblem-heroes.com\/wp-content\/uploads\/veronica_spring_princess.png","jetpack_sharing_enabled":false,"jetpack_shortlink":"https:\/\/wp.me\/pa0Mj3-2g9","jetpack_likes_enabled":false,"amp_enabled":true,"_links":{"self":[{"href":"https:\/\/guide.fire-emblem-heroes.com\/wp-json\/wp\/v2\/posts\/8689","targetHints":{"allow":["GET"]}}],"collection":[{"href":"https:\/\/guide.fire-emblem-heroes.com\/wp-json\/wp\/v2\/posts"}],"about":[{"href":"https:\/\/guide.fire-emblem-heroes.com\/wp-json\/wp\/v2\/types\/post"}],"author":[{"embeddable":true,"href":"https:\/\/guide.fire-emblem-heroes.com\/wp-json\/wp\/v2\/users\/1"}],"replies":[{"embeddable":true,"href":"https:\/\/guide.fire-emblem-heroes.com\/wp-json\/wp\/v2\/comments?post=8689"}],"version-history":[{"count":1,"href":"https:\/\/guide.fire-emblem-heroes.com\/wp-json\/wp\/v2\/posts\/8689\/revisions"}],"predecessor-version":[{"id":8700,"href":"https:\/\/guide.fire-emblem-heroes.com\/wp-json\/wp\/v2\/posts\/8689\/revisions\/8700"}],"wp:featuredmedia":[{"embeddable":true,"href":"https:\/\/guide.fire-emblem-heroes.com\/wp-json\/wp\/v2\/media\/8726"}],"wp:attachment":[{"href":"https:\/\/guide.fire-emblem-heroes.com\/wp-json\/wp\/v2\/media?parent=8689"}],"wp:term":[{"taxonomy":"category","embeddable":true,"href":"https:\/\/guide.fire-emblem-heroes.com\/wp-json\/wp\/v2\/categories?post=8689"},{"taxonomy":"post_tag","embeddable":true,"href":"https:\/\/guide.fire-emblem-heroes.com\/wp-json\/wp\/v2\/tags?post=8689"}],"curies":[{"name":"wp","href":"https:\/\/api.w.org\/{rel}","templated":true}]}}