






{"id":9267,"date":"2019-04-17T14:38:23","date_gmt":"2019-04-17T05:38:23","guid":{"rendered":"https:\/\/guide.fire-emblem-heroes.com\/?p=9267"},"modified":"2019-07-10T17:17:43","modified_gmt":"2019-07-10T08:17:43","slug":"02002004000366","status":"publish","type":"post","link":"https:\/\/guide.fire-emblem-heroes.com\/fr\/02002004000366\/","title":{"rendered":"<span class=\"character_nick\">Gourmande chic<\/span><span class=\"character_name\">Genny<\/span>"},"content":{"rendered":"<main id=\"chara_047\" class=\"main_page character\">\r\n    <article>\r\n        <section class=\"sec sec_character\">\r\n            <ul class=\"sec_ul sec_ul--character slick-box\">\r\n                <li class=\"sec_li sec_li--character\">\r\n                    <img decoding=\"async\" src=\"https:\/\/guide.fire-emblem-heroes.com\/wp-content\/uploads\/genny_dressed_with_care_slide01.png\" alt=\"\" \/>\r\n                <\/li>\r\n                <li class=\"sec_li sec_li--character\">\r\n                    <img decoding=\"async\" src=\"https:\/\/guide.fire-emblem-heroes.com\/wp-content\/uploads\/genny_dressed_with_care_slide02.png\" alt=\"\" \/>\r\n                <\/li>\r\n                <li class=\"sec_li sec_li--character\">\r\n                    <img decoding=\"async\" src=\"https:\/\/guide.fire-emblem-heroes.com\/wp-content\/uploads\/genny_dressed_with_care_slide03.png\" alt=\"\" \/>\r\n                <\/li>\r\n                <li class=\"sec_li sec_li--character\">\r\n                    <img decoding=\"async\" src=\"https:\/\/guide.fire-emblem-heroes.com\/wp-content\/uploads\/genny_dressed_with_care_slide04.png\" alt=\"\" \/>\r\n                <\/li>\r\n            <\/ul>\r\n            <div class=\"sec_charainfoarea flex\">\r\n                <div class=\"sec_gif\"><img loading=\"lazy\" decoding=\"async\" src=\"https:\/\/guide.fire-emblem-heroes.com\/wp-content\/uploads\/genny_dressed_with_care.png\" alt=\"\" width=\"210\" height=\"190\"\/><\/div>\r\n                <div class=\"sec_charainfo\">\r\n                    <p id=\"CHARA_047_002\" class=\"sec_characate sec_characate--special_heroes\">H\u00e9ro\u00efne sp\u00e9ciale<\/p>\r\n                    <p id=\"CHARA_047_003\" class=\"sec_charanick\">Gourmande chic<\/p>\r\n                    <p id=\"CHARA_047_004\" class=\"sec_charaname\">Genny<\/p>\r\n                    <p id=\"CHARA_047_005\" class=\"sec_charaappearancetxt\">Appara\u00eet dans<\/p>\r\n                    <p id=\"CHARA_047_006\" class=\"sec_charaappearancetxt\">Fire Emblem Echoes: Shadows of Valentia<\/p>\r\n                <\/div>\r\n            <\/div>\r\n        <\/section>\r\n    <\/article>\r\n    <article>\r\n        <section class=\"sec sec_characterarea\">\r\n            <div class=\"sec_h2chara\">\r\n                <p id=\"CHARA_047_007\" class=\"sec_h2charattl\">Sharena vous pr\u00e9sente&#8230;<\/p>\r\n                <h2 id=\"CHARA_047_008\" class=\"sec_h2charatxt\">Gourmande chic Genny<\/h2>\r\n            <\/div>\r\n            <dl class=\"sec_dl flex\">\r\n                <dt id=\"CHARA_047_009\" class=\"sec_dt\">Genny a connu une \u00e9ducation paisible sur l&rsquo;\u00eele de Novis, pr\u00e8s du continent de Valentia, o\u00f9 elle a servi au prieur\u00e9.<\/dt>\r\n                <dd class=\"sec_dd\">\r\n                    <a href=\"https:\/\/guide.fire-emblem-heroes.com\/wp-content\/uploads\/genny_dressed_with_care_pop01.png\" class=\"popup-image\">\r\n                        <img decoding=\"async\" src=\"https:\/\/guide.fire-emblem-heroes.com\/wp-content\/uploads\/genny_dressed_with_care_info01.png\" alt=\"\" \/>\r\n                    <\/a>\r\n                <\/dd>\r\n                <dt id=\"CHARA_047_010\" class=\"sec_dt\">Lorsque la guerre est arriv\u00e9e, Genny a soudain \u00e9t\u00e9 plong\u00e9e au c\u0153ur du conflit. Une nouvelle surprise l&rsquo;attend cette fois-ci, mais bien plus agr\u00e9able : un pique-nique !<\/dt>\r\n                <dd class=\"sec_dd\">\r\n                    <a href=\"https:\/\/guide.fire-emblem-heroes.com\/wp-content\/uploads\/genny_dressed_with_care_pop02.png\" class=\"popup-image\">\r\n                        <img decoding=\"async\" src=\"https:\/\/guide.fire-emblem-heroes.com\/wp-content\/uploads\/genny_dressed_with_care_info02.png\" alt=\"\" \/>\r\n                    <\/a>\r\n                <\/dd>\r\n                <dt id=\"CHARA_047_011\" class=\"sec_dt\">Voici sa tenue de pique-nique&#8230; On est loin de son habituel habit de s\u0153ur, non ? Elle est plus adorable que jamais !<\/dt>\r\n                <dd class=\"sec_dd\">\r\n                    <a href=\"https:\/\/guide.fire-emblem-heroes.com\/wp-content\/uploads\/genny_dressed_with_care_pop03.png\" class=\"popup-image\">\r\n                        <img decoding=\"async\" src=\"https:\/\/guide.fire-emblem-heroes.com\/wp-content\/uploads\/genny_dressed_with_care_info03.png\" alt=\"\" \/>\r\n                    <\/a>\r\n                <\/dd>\r\n                <dt id=\"CHARA_047_012\" class=\"sec_dt\">Gr\u00e2ce \u00e0 ses pouvoirs de gu\u00e9rison et son don pour soulager la fatigue, on va pouvoir garder la p\u00eache toute la journ\u00e9e. J&rsquo;ai tellement h\u00e2te !<\/dt>\r\n                <dd class=\"sec_dd\">\r\n                    <a href=\"https:\/\/guide.fire-emblem-heroes.com\/wp-content\/uploads\/genny_dressed_with_care_pop04.png\" class=\"popup-image\">\r\n                        <img decoding=\"async\" src=\"https:\/\/guide.fire-emblem-heroes.com\/wp-content\/uploads\/genny_dressed_with_care_info04.png\" alt=\"\" \/>\r\n                    <\/a>\r\n                <\/dd>\r\n            <\/dl>\r\n            <h3 id=\"CHARA_047_013\" class=\"sec_h3charatxt\">Personnage li\u00e9 \u00e0<\/h3>\r\n            <h4 id=\"CHARA_047_014\" class=\"sec_h4charatxt\">Celica<\/h4>\r\n            <p id=\"CHARA_047_015\" class=\"sec_charatxt\">Pr\u00eatresse au prieur\u00e9 de Novis, elle est en fait la princesse de Zofia. Cl\u00e9mente et gracieuse, elle s&rsquo;oppose \u00e0 la guerre et au conflit. Celica consid\u00e8re Genny comme sa petite s\u0153ur.<\/p>\r\n            <h4 id=\"CHARA_047_016\" class=\"sec_h4charatxt\">Boey<\/h4>\r\n            <p id=\"CHARA_047_017\" class=\"sec_charatxt\">Un mage de Novis qui a grandi dans une extr\u00eame pauvret\u00e9. Il rejoint Celica au moment de son d\u00e9part de Novis.<\/p>\r\n            <h4 id=\"CHARA_047_018\" class=\"sec_h4charatxt\">Mae<\/h4>\r\n            <p id=\"CHARA_047_019\" class=\"sec_charatxt\">Mage de Novis et amie proche de Celica, elle est toujours joyeuse et \u00e9nergique, mais a tendance \u00e0 vite s&#8217;emballer.<\/p>\r\n        <\/section>\r\n    <\/article>\r\n<\/main>","protected":false},"excerpt":{"rendered":"H\u00e9ro\u00efne sp\u00e9ciale Gourmande chic Genny Appara\u00eet dans Fire Emblem Echoes: Shadows of Valentia Sharena vous pr\u00e9sente&#8230; Gourmande chic Genny Genny a connu une \u00e9ducation paisible sur l&rsquo;\u00eele de Novis, pr\u00e8s du continent de Valentia, o\u00f9 elle a servi au prieur\u00e9. Lorsque la guerre est arriv\u00e9e, Genny a soudain \u00e9t\u00e9 plong\u00e9e au c\u0153ur du conflit. Une [&hellip;]","protected":false},"author":1,"featured_media":9306,"comment_status":"closed","ping_status":"closed","sticky":false,"template":"","format":"standard","meta":{"advanced_seo_description":"","jetpack_seo_html_title":"","jetpack_seo_noindex":false,"_jetpack_newsletter_access":"","_jetpack_dont_email_post_to_subs":false,"_jetpack_newsletter_tier_id":0,"_jetpack_memberships_contains_paywalled_content":false,"_locale":"fr_FR","_original_post":"9261","_jetpack_memberships_contains_paid_content":false,"footnotes":"","jetpack_publicize_message":"","jetpack_publicize_feature_enabled":true,"jetpack_social_post_already_shared":true,"jetpack_social_options":{"image_generator_settings":{"template":"highway","default_image_id":0,"font":"","enabled":false},"version":2},"_wpas_customize_per_network":false,"jetpack_post_was_ever_published":false},"categories":[1384,1425,1405,1390],"tags":[1410],"class_list":["post-9267","post","type-post","status-publish","format-standard","has-post-thumbnail","hentry","category-character","category-ex_works_shadows_of_valentia","category-special_heroes","category-stay_heroes","tag-heros-speciaux","fr-FR"],"jetpack_publicize_connections":[],"jetpack_featured_media_url":"https:\/\/guide.fire-emblem-heroes.com\/wp-content\/uploads\/genny_dressed_with_care.png","jetpack_sharing_enabled":false,"jetpack_shortlink":"https:\/\/wp.me\/pa0Mj3-2pt","jetpack_likes_enabled":false,"amp_enabled":true,"_links":{"self":[{"href":"https:\/\/guide.fire-emblem-heroes.com\/wp-json\/wp\/v2\/posts\/9267","targetHints":{"allow":["GET"]}}],"collection":[{"href":"https:\/\/guide.fire-emblem-heroes.com\/wp-json\/wp\/v2\/posts"}],"about":[{"href":"https:\/\/guide.fire-emblem-heroes.com\/wp-json\/wp\/v2\/types\/post"}],"author":[{"embeddable":true,"href":"https:\/\/guide.fire-emblem-heroes.com\/wp-json\/wp\/v2\/users\/1"}],"replies":[{"embeddable":true,"href":"https:\/\/guide.fire-emblem-heroes.com\/wp-json\/wp\/v2\/comments?post=9267"}],"version-history":[{"count":1,"href":"https:\/\/guide.fire-emblem-heroes.com\/wp-json\/wp\/v2\/posts\/9267\/revisions"}],"predecessor-version":[{"id":9277,"href":"https:\/\/guide.fire-emblem-heroes.com\/wp-json\/wp\/v2\/posts\/9267\/revisions\/9277"}],"wp:featuredmedia":[{"embeddable":true,"href":"https:\/\/guide.fire-emblem-heroes.com\/wp-json\/wp\/v2\/media\/9306"}],"wp:attachment":[{"href":"https:\/\/guide.fire-emblem-heroes.com\/wp-json\/wp\/v2\/media?parent=9267"}],"wp:term":[{"taxonomy":"category","embeddable":true,"href":"https:\/\/guide.fire-emblem-heroes.com\/wp-json\/wp\/v2\/categories?post=9267"},{"taxonomy":"post_tag","embeddable":true,"href":"https:\/\/guide.fire-emblem-heroes.com\/wp-json\/wp\/v2\/tags?post=9267"}],"curies":[{"name":"wp","href":"https:\/\/api.w.org\/{rel}","templated":true}]}}