






{"id":11846,"date":"2019-08-26T15:03:31","date_gmt":"2019-08-26T06:03:31","guid":{"rendered":"https:\/\/guide.fire-emblem-heroes.com\/?p=11846"},"modified":"2019-08-27T14:05:50","modified_gmt":"2019-08-27T05:05:50","slug":"02001004100305","status":"publish","type":"post","link":"https:\/\/guide.fire-emblem-heroes.com\/it\/02001004100305\/","title":{"rendered":"<span class=\"character_nick\">Il genio mai pago<\/span><span class=\"character_name\">Kliff<\/span>"},"content":{"rendered":"<main id=\"CHARA_103\" class=\"main_page character\">\r\n    <article>\r\n        <section class=\"sec sec_character\">\r\n            <ul class=\"sec_ul sec_ul--character slick-box\">\r\n                <li class=\"sec_li sec_li--character\">\r\n                    <img decoding=\"async\" src=\"https:\/\/guide.fire-emblem-heroes.com\/wp-content\/uploads\/kliff_curious_spirit_slide01.png\" alt=\"\" \/>\r\n                <\/li>\r\n                <li class=\"sec_li sec_li--character\">\r\n                    <img decoding=\"async\" src=\"https:\/\/guide.fire-emblem-heroes.com\/wp-content\/uploads\/kliff_curious_spirit_slide02.png\" alt=\"\" \/>\r\n                <\/li>\r\n                <li class=\"sec_li sec_li--character\">\r\n                    <img decoding=\"async\" src=\"https:\/\/guide.fire-emblem-heroes.com\/wp-content\/uploads\/kliff_curious_spirit_slide03.png\" alt=\"\" \/>\r\n                <\/li>\r\n                <li class=\"sec_li sec_li--character\">\r\n                    <img decoding=\"async\" src=\"https:\/\/guide.fire-emblem-heroes.com\/wp-content\/uploads\/kliff_curious_spirit_slide04.png\" alt=\"\" \/>\r\n                <\/li>\r\n            <\/ul>\r\n            <div class=\"sec_charainfoarea flex\">\r\n                <div class=\"sec_gif\"><img loading=\"lazy\" decoding=\"async\" src=\"https:\/\/guide.fire-emblem-heroes.com\/wp-content\/uploads\/kliff_curious_spirit.png\" alt=\"\" width=\"210\" height=\"190\"\/><\/div>\r\n                <div class=\"sec_charainfo\">\r\n                    <p id=\"CHARA_103_002\" class=\"sec_characate sec_characate--heroes\">Eroi<\/p>\r\n                    <p id=\"CHARA_103_003\" class=\"sec_charanick\">Il genio mai pago<\/p>\r\n                    <p id=\"CHARA_103_004\" class=\"sec_charaname\">Kliff<\/p>\r\n                    <p id=\"CHARA_103_005\" class=\"sec_charaappearancetxt\">Appare in<\/p>\r\n                    <p id=\"CHARA_103_006\" class=\"sec_charaappearancetxt\">Fire Emblem Echoes: Shadows of Valentia<\/p>\r\n                <\/div>\r\n            <\/div>\r\n        <\/section>\r\n    <\/article>\r\n    <article>\r\n        <section class=\"sec sec_characterarea\">\r\n            <div class=\"sec_h2chara\">\r\n                <p id=\"CHARA_103_007\" class=\"sec_h2charattl\">Lascia che sia Sharena a presentarti!<\/p>\r\n                <h2 id=\"CHARA_103_008\" class=\"sec_h2charatxt\">Il genio mai pago Kliff<\/h2>\r\n            <\/div>\r\n            <dl class=\"sec_dl flex\">\r\n                <dt id=\"CHARA_103_009\" class=\"sec_dt\">Quando Alm \u00e8 sceso in battaglia contro l&#8217;Impero Rigeliano, aveva al suo fianco alcuni strenui alleati, tra cui Kliff, un tizio pi\u00f9 cervello che muscoli.<\/dt>\r\n                <dd class=\"sec_dd\">\r\n                    <a href=\"https:\/\/guide.fire-emblem-heroes.com\/wp-content\/uploads\/kliff_curious_spirit_pop01.png\" class=\"popup-image\">\r\n                        <img decoding=\"async\" src=\"https:\/\/guide.fire-emblem-heroes.com\/wp-content\/uploads\/kliff_curious_spirit_info01.png\" alt=\"\" \/>\r\n                    <\/a>\r\n                <\/dd>\r\n                <dt id=\"CHARA_103_010\" class=\"sec_dt\">Kliff, che fin da bambino mostrava una vivace curiosit\u00e0, ha sempre amato leggere libri e studiare la storia. Prima che la guerra con l&#8217;Impero Rigeliano si intensificasse, frequentava una scuola in una citt\u00e0 lontana dal suo villaggio.<\/dt>\r\n                <dd class=\"sec_dd\">\r\n                    <a href=\"https:\/\/guide.fire-emblem-heroes.com\/wp-content\/uploads\/kliff_curious_spirit_pop02.png\" class=\"popup-image\">\r\n                        <img decoding=\"async\" src=\"https:\/\/guide.fire-emblem-heroes.com\/wp-content\/uploads\/kliff_curious_spirit_info02.png\" alt=\"\" \/>\r\n                    <\/a>\r\n                <\/dd>\r\n                <dt id=\"CHARA_103_011\" class=\"sec_dt\">Ma allora perch\u00e9 si \u00e8 unito ai Liberatori? Per via della sua insaziabile curiosit\u00e0, ovviamente! Non voleva niente di pi\u00f9 che viaggiare per il mondo e ammirarne tutte le meraviglie con i propri occhi.<\/dt>\r\n                <dd class=\"sec_dd\">\r\n                    <a href=\"https:\/\/guide.fire-emblem-heroes.com\/wp-content\/uploads\/kliff_curious_spirit_pop03.png\" class=\"popup-image\">\r\n                        <img decoding=\"async\" src=\"https:\/\/guide.fire-emblem-heroes.com\/wp-content\/uploads\/kliff_curious_spirit_info03.png\" alt=\"\" \/>\r\n                    <\/a>\r\n                <\/dd>\r\n                <dt id=\"CHARA_103_012\" class=\"sec_dt\">Malgrado Kliff possa sembrare un po&#8217; cinico, sotto quella facciata distaccata si cela un uomo appassionato. Sono sicura che ad Askr le attrattive che stuzzicheranno la sua curiosit\u00e0 non mancheranno!<\/dt>\r\n                <dd class=\"sec_dd\">\r\n                    <a href=\"https:\/\/guide.fire-emblem-heroes.com\/wp-content\/uploads\/kliff_curious_spirit_pop04.png\" class=\"popup-image\">\r\n                        <img decoding=\"async\" src=\"https:\/\/guide.fire-emblem-heroes.com\/wp-content\/uploads\/kliff_curious_spirit_info04.png\" alt=\"\" \/>\r\n                    <\/a>\r\n                <\/dd>\r\n            <\/dl>\r\n            <h3 id=\"CHARA_103_013\" class=\"sec_h3charatxt\">Personaggi strettamente collegati<\/h3>\r\n            <h4 id=\"CHARA_103_014\" class=\"sec_h4charatxt\">Gray<\/h4>\r\n            <p id=\"CHARA_103_015\" class=\"sec_charatxt\">Amico d&#8217;infanzia di Alm e Kliff del villaggio di Ram. \u00c8 mondano e competente.<\/p>\r\n            <h4 id=\"CHARA_103_016\" class=\"sec_h4charatxt\">Tobin<\/h4>\r\n            <p id=\"CHARA_103_017\" class=\"sec_charatxt\">Amico d&#8217;infanzia di Alm e Kliff nel villaggio di Ram. \u00c8 fin troppo onesto e a volte ne soffre.<\/p>\r\n        <\/section>\r\n    <\/article>\r\n<\/main>","protected":false},"excerpt":{"rendered":"Eroi Il genio mai pago Kliff Appare in Fire Emblem Echoes: Shadows of Valentia Lascia che sia Sharena a presentarti! Il genio mai pago Kliff Quando Alm \u00e8 sceso in battaglia contro l&#8217;Impero Rigeliano, aveva al suo fianco alcuni strenui alleati, tra cui Kliff, un tizio pi\u00f9 cervello che muscoli. Kliff, che fin da bambino [&hellip;]","protected":false},"author":1,"featured_media":11882,"comment_status":"closed","ping_status":"closed","sticky":false,"template":"","format":"standard","meta":{"advanced_seo_description":"","jetpack_seo_html_title":"","jetpack_seo_noindex":false,"_jetpack_newsletter_access":"","_jetpack_dont_email_post_to_subs":false,"_jetpack_newsletter_tier_id":0,"_jetpack_memberships_contains_paywalled_content":false,"_locale":"it_IT","_original_post":"11838","_jetpack_memberships_contains_paid_content":false,"footnotes":"","jetpack_publicize_message":"","jetpack_publicize_feature_enabled":true,"jetpack_social_post_already_shared":true,"jetpack_social_options":{"image_generator_settings":{"template":"highway","default_image_id":0,"font":"","enabled":false},"version":2},"_wpas_customize_per_network":false,"jetpack_post_was_ever_published":false},"categories":[1384,1425,1415,1390],"tags":[1420],"class_list":["post-11846","post","type-post","status-publish","format-standard","has-post-thumbnail","hentry","category-character","category-ex_works_shadows_of_valentia","category-heroes","category-stay_heroes","tag-eroi","it-IT"],"jetpack_publicize_connections":[],"jetpack_featured_media_url":"https:\/\/guide.fire-emblem-heroes.com\/wp-content\/uploads\/kliff_curious_spirit.png","jetpack_sharing_enabled":false,"jetpack_shortlink":"https:\/\/wp.me\/pa0Mj3-354","jetpack_likes_enabled":false,"amp_enabled":true,"_links":{"self":[{"href":"https:\/\/guide.fire-emblem-heroes.com\/wp-json\/wp\/v2\/posts\/11846","targetHints":{"allow":["GET"]}}],"collection":[{"href":"https:\/\/guide.fire-emblem-heroes.com\/wp-json\/wp\/v2\/posts"}],"about":[{"href":"https:\/\/guide.fire-emblem-heroes.com\/wp-json\/wp\/v2\/types\/post"}],"author":[{"embeddable":true,"href":"https:\/\/guide.fire-emblem-heroes.com\/wp-json\/wp\/v2\/users\/1"}],"replies":[{"embeddable":true,"href":"https:\/\/guide.fire-emblem-heroes.com\/wp-json\/wp\/v2\/comments?post=11846"}],"version-history":[{"count":1,"href":"https:\/\/guide.fire-emblem-heroes.com\/wp-json\/wp\/v2\/posts\/11846\/revisions"}],"predecessor-version":[{"id":11856,"href":"https:\/\/guide.fire-emblem-heroes.com\/wp-json\/wp\/v2\/posts\/11846\/revisions\/11856"}],"wp:featuredmedia":[{"embeddable":true,"href":"https:\/\/guide.fire-emblem-heroes.com\/wp-json\/wp\/v2\/media\/11882"}],"wp:attachment":[{"href":"https:\/\/guide.fire-emblem-heroes.com\/wp-json\/wp\/v2\/media?parent=11846"}],"wp:term":[{"taxonomy":"category","embeddable":true,"href":"https:\/\/guide.fire-emblem-heroes.com\/wp-json\/wp\/v2\/categories?post=11846"},{"taxonomy":"post_tag","embeddable":true,"href":"https:\/\/guide.fire-emblem-heroes.com\/wp-json\/wp\/v2\/tags?post=11846"}],"curies":[{"name":"wp","href":"https:\/\/api.w.org\/{rel}","templated":true}]}}