






{"id":13531,"date":"2019-11-05T13:23:51","date_gmt":"2019-11-05T04:23:51","guid":{"rendered":"https:\/\/guide.fire-emblem-heroes.com\/?p=13531"},"modified":"2019-11-21T17:02:48","modified_gmt":"2019-11-21T08:02:48","slug":"07003011000446","status":"publish","type":"post","link":"https:\/\/guide.fire-emblem-heroes.com\/it\/07003011000446\/","title":{"rendered":"<span class=\"character_nick\">Il lanciere alato<\/span> <span class=\"character_name\">Cormag<\/span>"},"content":{"rendered":"<main id=\"CHARA_144\" class=\"main_page character\">\r\n    <article>\r\n        <section class=\"sec sec_character\">\r\n            <ul class=\"sec_ul sec_ul--character slick-box\">\r\n                <li class=\"sec_li sec_li--character\">\r\n                    <img decoding=\"async\" src=\"https:\/\/guide.fire-emblem-heroes.com\/wp-content\/uploads\/cormag_aloof_lanceman_slide01.png\" alt=\"\" \/>\r\n                <\/li>\r\n                <li class=\"sec_li sec_li--character\">\r\n                    <img decoding=\"async\" src=\"https:\/\/guide.fire-emblem-heroes.com\/wp-content\/uploads\/cormag_aloof_lanceman_slide02.png\" alt=\"\" \/>\r\n                <\/li>\r\n                <li class=\"sec_li sec_li--character\">\r\n                    <img decoding=\"async\" src=\"https:\/\/guide.fire-emblem-heroes.com\/wp-content\/uploads\/cormag_aloof_lanceman_slide03.png\" alt=\"\" \/>\r\n                <\/li>\r\n                <li class=\"sec_li sec_li--character\">\r\n                    <img decoding=\"async\" src=\"https:\/\/guide.fire-emblem-heroes.com\/wp-content\/uploads\/cormag_aloof_lanceman_slide04.png\" alt=\"\" \/>\r\n                <\/li>\r\n            <\/ul>\r\n            <div class=\"sec_charainfoarea flex\">\r\n                <div class=\"sec_gif\"><img loading=\"lazy\" decoding=\"async\" src=\"https:\/\/guide.fire-emblem-heroes.com\/wp-content\/uploads\/cormag_aloof_lanceman.png\" alt=\"\" width=\"210\" height=\"190\"\/><\/div>\r\n                <div class=\"sec_charainfo\">\r\n                    <p id=\"CHARA_144_002\" class=\"sec_characate sec_characate--heroes\">Eroi<\/p>\r\n                    <p id=\"CHARA_144_003\" class=\"sec_charanick\">Il lanciere alato<\/p>\r\n                    <p id=\"CHARA_144_004\" class=\"sec_charaname\">Cormag<\/p>\r\n                    <p id=\"CHARA_144_005\" class=\"sec_charaappearancetxt\">Appare in<\/p>\r\n                    <p id=\"CHARA_144_006\" class=\"sec_charaappearancetxt\">Fire Emblem: The Sacred Stones<\/p>\r\n                <\/div>\r\n            <\/div>\r\n        <\/section>\r\n    <\/article>\r\n    <article>\r\n        <section class=\"sec sec_characterarea\">\r\n            <div class=\"sec_h2chara\">\r\n                <p id=\"CHARA_144_007\" class=\"sec_h2charattl\">Lascia che sia Sharena a presentarti!<\/p>\r\n                <h2 id=\"CHARA_144_008\" class=\"sec_h2charatxt\">Il lanciere alato Cormag<\/h2>\r\n            <\/div>\r\n            <dl class=\"sec_dl flex\">\r\n                <dt id=\"CHARA_144_009\" class=\"sec_dt\">Cormag \u00e8 un cavaliere viverna al servizio dell&#8217;esercito dell&#8217;impero di Graze. Suo fratello maggiore, Glen, \u00e8 uno dei sei generali imperiali di Graze. Considerando le origini rurali dei due fratelli, bisogna ammettere che entrambi ne hanno fatta di strada!<\/dt>\r\n                <dd class=\"sec_dd\">\r\n                    <a href=\"https:\/\/guide.fire-emblem-heroes.com\/wp-content\/uploads\/cormag_aloof_lanceman_pop01.png\" class=\"popup-image\">\r\n                        <img decoding=\"async\" src=\"https:\/\/guide.fire-emblem-heroes.com\/wp-content\/uploads\/cormag_aloof_lanceman_info01.png\" alt=\"\" \/>\r\n                    <\/a>\r\n                <\/dd>\r\n                <dt id=\"CHARA_144_010\" class=\"sec_dt\">In sella al suo fedele Genarog viverna, Cormag si \u00e8 distinto sul campo di battaglia con una serie di successi. Le sue imprese e la sua abilit\u00e0 con la lancia sono state talmente eclatanti da giungere alle orecchie di cavalieri di altri paesi.<\/dt>\r\n                <dd class=\"sec_dd\">\r\n                    <a href=\"https:\/\/guide.fire-emblem-heroes.com\/wp-content\/uploads\/cormag_aloof_lanceman_pop02.png\" class=\"popup-image\">\r\n                        <img decoding=\"async\" src=\"https:\/\/guide.fire-emblem-heroes.com\/wp-content\/uploads\/cormag_aloof_lanceman_info02.png\" alt=\"\" \/>\r\n                    <\/a>\r\n                <\/dd>\r\n                <dt id=\"CHARA_144_011\" class=\"sec_dt\">Durante la guerra tra Graze e Renais, l&#8217;amato fratello di Cormag venne assassinato. Cormag volt\u00f2 le spalle alla sua ex patria per scoprire la verit\u00e0 su quanto accaduto e si un\u00ec a Ephraim ed Erika nella loro battaglia.<\/dt>\r\n                <dd class=\"sec_dd\">\r\n                    <a href=\"https:\/\/guide.fire-emblem-heroes.com\/wp-content\/uploads\/cormag_aloof_lanceman_pop03.png\" class=\"popup-image\">\r\n                        <img decoding=\"async\" src=\"https:\/\/guide.fire-emblem-heroes.com\/wp-content\/uploads\/cormag_aloof_lanceman_info03.png\" alt=\"\" \/>\r\n                    <\/a>\r\n                <\/dd>\r\n                <dt id=\"CHARA_144_012\" class=\"sec_dt\">Pur essendosi rassegnato a combattere contro il proprio paese, Cormag non ha mai perso l&#8217;orgoglio. Ha un carattere molto ostinato e mi piacerebbe vederlo in azione a fianco dei Guardiani di Askr!<\/dt>\r\n                <dd class=\"sec_dd\">\r\n                    <a href=\"https:\/\/guide.fire-emblem-heroes.com\/wp-content\/uploads\/cormag_aloof_lanceman_pop04.png\" class=\"popup-image\">\r\n                        <img decoding=\"async\" src=\"https:\/\/guide.fire-emblem-heroes.com\/wp-content\/uploads\/cormag_aloof_lanceman_info04.png\" alt=\"\" \/>\r\n                    <\/a>\r\n                <\/dd>\r\n            <\/dl>\r\n            <h3 id=\"CHARA_144_013\" class=\"sec_h3charatxt\">Personaggi strettamente collegati<\/h3>\r\n            <h4 id=\"CHARA_144_014\" class=\"sec_h4charatxt\">Dana<\/h4>\r\n            <p id=\"CHARA_144_015\" class=\"sec_charatxt\">Principessa di Frelia e sorella di Innes, Dana \u00e8 un po&#8217; ingenua, ma anche allegra e molto socievole. Combattere al fianco di Cormag ha approfondito il loro legame.<\/p>\r\n            <h4 id=\"CHARA_144_016\" class=\"sec_h4charatxt\">Valter<\/h4>\r\n            <p id=\"CHARA_144_017\" class=\"sec_charatxt\">Uno dei sei generali di Graze. La crudelt\u00e0 lo inebria. Conosciuto come &#8220;la pietra lunare&#8221;, uccise Glen quando questo fu a un passo dallo scoprire la verit\u00e0 sull&#8217;imperatore di Graze.<\/p>\r\n        <\/section>\r\n    <\/article>\r\n<\/main>","protected":false},"excerpt":{"rendered":"Eroi Il lanciere alato Cormag Appare in Fire Emblem: The Sacred Stones Lascia che sia Sharena a presentarti! Il lanciere alato Cormag Cormag \u00e8 un cavaliere viverna al servizio dell&#8217;esercito dell&#8217;impero di Graze. Suo fratello maggiore, Glen, \u00e8 uno dei sei generali imperiali di Graze. Considerando le origini rurali dei due fratelli, bisogna ammettere che [&hellip;]","protected":false},"author":1,"featured_media":13670,"comment_status":"closed","ping_status":"closed","sticky":false,"template":"","format":"standard","meta":{"advanced_seo_description":"","jetpack_seo_html_title":"","jetpack_seo_noindex":false,"_jetpack_newsletter_access":"","_jetpack_dont_email_post_to_subs":false,"_jetpack_newsletter_tier_id":0,"_jetpack_memberships_contains_paywalled_content":false,"_locale":"it_IT","_original_post":"13513","_jetpack_memberships_contains_paid_content":false,"footnotes":"","jetpack_publicize_message":"","jetpack_publicize_feature_enabled":true,"jetpack_social_post_already_shared":true,"jetpack_social_options":{"image_generator_settings":{"template":"highway","default_image_id":0,"font":"","enabled":false},"version":2},"_wpas_customize_per_network":false,"jetpack_post_was_ever_published":false},"categories":[1384,1428,1415,1390],"tags":[1420],"class_list":["post-13531","post","type-post","status-publish","format-standard","has-post-thumbnail","hentry","category-character","category-ex_works_the_sacred_stones","category-heroes","category-stay_heroes","tag-eroi","it-IT"],"jetpack_publicize_connections":[],"jetpack_featured_media_url":"https:\/\/guide.fire-emblem-heroes.com\/wp-content\/uploads\/cormag_aloof_lanceman.png","jetpack_sharing_enabled":false,"jetpack_shortlink":"https:\/\/wp.me\/pa0Mj3-3wf","jetpack_likes_enabled":false,"amp_enabled":true,"_links":{"self":[{"href":"https:\/\/guide.fire-emblem-heroes.com\/wp-json\/wp\/v2\/posts\/13531","targetHints":{"allow":["GET"]}}],"collection":[{"href":"https:\/\/guide.fire-emblem-heroes.com\/wp-json\/wp\/v2\/posts"}],"about":[{"href":"https:\/\/guide.fire-emblem-heroes.com\/wp-json\/wp\/v2\/types\/post"}],"author":[{"embeddable":true,"href":"https:\/\/guide.fire-emblem-heroes.com\/wp-json\/wp\/v2\/users\/1"}],"replies":[{"embeddable":true,"href":"https:\/\/guide.fire-emblem-heroes.com\/wp-json\/wp\/v2\/comments?post=13531"}],"version-history":[{"count":1,"href":"https:\/\/guide.fire-emblem-heroes.com\/wp-json\/wp\/v2\/posts\/13531\/revisions"}],"predecessor-version":[{"id":13553,"href":"https:\/\/guide.fire-emblem-heroes.com\/wp-json\/wp\/v2\/posts\/13531\/revisions\/13553"}],"wp:featuredmedia":[{"embeddable":true,"href":"https:\/\/guide.fire-emblem-heroes.com\/wp-json\/wp\/v2\/media\/13670"}],"wp:attachment":[{"href":"https:\/\/guide.fire-emblem-heroes.com\/wp-json\/wp\/v2\/media?parent=13531"}],"wp:term":[{"taxonomy":"category","embeddable":true,"href":"https:\/\/guide.fire-emblem-heroes.com\/wp-json\/wp\/v2\/categories?post=13531"},{"taxonomy":"post_tag","embeddable":true,"href":"https:\/\/guide.fire-emblem-heroes.com\/wp-json\/wp\/v2\/tags?post=13531"}],"curies":[{"name":"wp","href":"https:\/\/api.w.org\/{rel}","templated":true}]}}