






{"id":14072,"date":"2019-11-26T13:31:31","date_gmt":"2019-11-26T04:31:31","guid":{"rendered":"https:\/\/guide.fire-emblem-heroes.com\/?p=14072"},"modified":"2019-12-06T10:58:25","modified_gmt":"2019-12-06T01:58:25","slug":"09009000500453","status":"publish","type":"post","link":"https:\/\/guide.fire-emblem-heroes.com\/it\/09009000500453\/","title":{"rendered":"<span class=\"character_nick\">La schermitrice<\/span> <span class=\"character_name\">Altina<\/span>"},"content":{"rendered":"<main id=\"CHARA_151\" class=\"main_page character\">\r\n    <article>\r\n        <section class=\"sec sec_character\">\r\n            <ul class=\"sec_ul sec_ul--character slick-box\">\r\n                <li class=\"sec_li sec_li--character\">\r\n                    <img decoding=\"async\" src=\"https:\/\/guide.fire-emblem-heroes.com\/wp-content\/uploads\/altina_dawns_trueblade_slide01.png\" alt=\"\" \/>\r\n                <\/li>\r\n                <li class=\"sec_li sec_li--character\">\r\n                    <img decoding=\"async\" src=\"https:\/\/guide.fire-emblem-heroes.com\/wp-content\/uploads\/altina_dawns_trueblade_slide02.png\" alt=\"\" \/>\r\n                <\/li>\r\n                <li class=\"sec_li sec_li--character\">\r\n                    <img decoding=\"async\" src=\"https:\/\/guide.fire-emblem-heroes.com\/wp-content\/uploads\/altina_dawns_trueblade_slide03.png\" alt=\"\" \/>\r\n                <\/li>\r\n                <li class=\"sec_li sec_li--character\">\r\n                    <img decoding=\"async\" src=\"https:\/\/guide.fire-emblem-heroes.com\/wp-content\/uploads\/altina_dawns_trueblade_slide04.png\" alt=\"\" \/>\r\n                <\/li>\r\n            <\/ul>\r\n            <div class=\"sec_charainfoarea flex\">\r\n                <div class=\"sec_gif\"><img loading=\"lazy\" decoding=\"async\" src=\"https:\/\/guide.fire-emblem-heroes.com\/wp-content\/uploads\/altina_dawns_trueblade.png\" alt=\"\" width=\"210\" height=\"190\"\/><\/div>\r\n                <div class=\"sec_charainfo\">\r\n                    <p id=\"CHARA_151_002\" class=\"sec_characate sec_characate--mythic_heroes\">Eroi mitici<\/p>\r\n                    <p id=\"CHARA_151_003\" class=\"sec_charanick\">La schermitrice<\/p>\r\n                    <p id=\"CHARA_151_004\" class=\"sec_charaname\">Altina<\/p>\r\n                    <p id=\"CHARA_151_005\" class=\"sec_charaappearancetxt\">Appare in<\/p>\r\n                    <p id=\"CHARA_151_006\" class=\"sec_charaappearancetxt\">Fire Emblem: Radiant Dawn<\/p>\r\n                <\/div>\r\n            <\/div>\r\n        <\/section>\r\n    <\/article>\r\n    <article>\r\n        <section class=\"sec sec_characterarea\">\r\n            <div class=\"sec_h2chara\">\r\n                <p id=\"CHARA_151_007\" class=\"sec_h2charattl\">Lascia che sia Sharena a presentarti!<\/p>\r\n                <h2 id=\"CHARA_151_008\" class=\"sec_h2charatxt\">La schermitrice Altina<\/h2>\r\n            <\/div>\r\n            <dl class=\"sec_dl flex\">\r\n                <dt id=\"CHARA_151_009\" class=\"sec_dt\">Le storie della creazione di Tellius narrano che il mondo un tempo fu sommerso da un&#8217;alluvione. Solo il continente di Tellius fu risparmiato e le leggende di quell&#8217;era raccontano di un&#8217;eroica spadaccina: Altina!<\/dt>\r\n                <dd class=\"sec_dd\">\r\n                    <a href=\"https:\/\/guide.fire-emblem-heroes.com\/wp-content\/uploads\/altina_dawns_trueblade_pop01.png\" class=\"popup-image\">\r\n                        <img decoding=\"async\" src=\"https:\/\/guide.fire-emblem-heroes.com\/wp-content\/uploads\/altina_dawns_trueblade_info01.png\" alt=\"\" \/>\r\n                    <\/a>\r\n                <\/dd>\r\n                <dt id=\"CHARA_151_010\" class=\"sec_dt\">Il mondo di Tellius venne creato da Ashunera, la dea della luce, che cerc\u00f2 disperatamente di fermare un conflitto che rischiava di travolgere la sua creazione. Sopraffatta dai suoi poteri, la divinit\u00e0 caus\u00f2 una grande inondazione, al termine della quale Ashunera si divise in due entit\u00e0: Ashera, la dea dell&#8217;ordine, e Yune, la dea del caos.<\/dt>\r\n                <dd class=\"sec_dd\">\r\n                    <a href=\"https:\/\/guide.fire-emblem-heroes.com\/wp-content\/uploads\/altina_dawns_trueblade_pop02.png\" class=\"popup-image\">\r\n                        <img decoding=\"async\" src=\"https:\/\/guide.fire-emblem-heroes.com\/wp-content\/uploads\/altina_dawns_trueblade_info02.png\" alt=\"\" \/>\r\n                    <\/a>\r\n                <\/dd>\r\n                <dt id=\"CHARA_151_011\" class=\"sec_dt\">Ashera e Yune ingaggiarono una battaglia ad armi pari, ma Ashera reclut\u00f2 alcuni potenti alleati. La spadaccina Altina, il capo della trib\u00f9 dei draghi, Dheginsea, e il guerriero laguz Soan si schierarono dalla parte di Ashera e, insieme, sconfissero Yune!<\/dt>\r\n                <dd class=\"sec_dd\">\r\n                    <a href=\"https:\/\/guide.fire-emblem-heroes.com\/wp-content\/uploads\/altina_dawns_trueblade_pop03.png\" class=\"popup-image\">\r\n                        <img decoding=\"async\" src=\"https:\/\/guide.fire-emblem-heroes.com\/wp-content\/uploads\/altina_dawns_trueblade_info03.png\" alt=\"\" \/>\r\n                    <\/a>\r\n                <\/dd>\r\n                <dt id=\"CHARA_151_012\" class=\"sec_dt\">Al termine della battaglia, Altina fond\u00f2 il regno di Begnion. Sono trascorsi molti anni da allora, ma la sua discendenza e la sua ambizione sono rimaste immutate, culminando oggi nei suoi discendenti: Sanaki e Micaiah!<\/dt>\r\n                <dd class=\"sec_dd\">\r\n                    <a href=\"https:\/\/guide.fire-emblem-heroes.com\/wp-content\/uploads\/altina_dawns_trueblade_pop04.png\" class=\"popup-image\">\r\n                        <img decoding=\"async\" src=\"https:\/\/guide.fire-emblem-heroes.com\/wp-content\/uploads\/altina_dawns_trueblade_info04.png\" alt=\"\" \/>\r\n                    <\/a>\r\n                <\/dd>\r\n            <\/dl>\r\n            <h3 id=\"CHARA_151_013\" class=\"sec_h3charatxt\">Personaggi strettamente collegati<\/h3>\r\n            <h4 id=\"CHARA_151_014\" class=\"sec_h4charatxt\">Ashera<\/h4>\r\n            <p id=\"CHARA_151_015\" class=\"sec_charatxt\">Un aspetto di Ashunera, la dea della luce. \u00c8 la met\u00e0 di Ashunera che rappresenta l&#8217;ordine. Altina e i suoi alleati hanno fatto voto a lei affinch\u00e9 a Tellius regni la pace per mille anni.<\/p>\r\n            <h4 id=\"CHARA_151_016\" class=\"sec_h4charatxt\">Yune<\/h4>\r\n            <p id=\"CHARA_151_017\" class=\"sec_charatxt\">Un essere che \u00e8 met\u00e0 della dea Ashunera. \u00c8 la dea del caos, che si dice abbia gettato il mondo nello scompiglio molto tempo fa. Anche se si oppose ad Ashera e fu successivamente sconfitta da Altina e dai suoi alleati, la vita di Yune fu risparmiata e la sua anima venne sigillata in un medaglione.<\/p>\r\n        <\/section>\r\n    <\/article>\r\n<\/main>","protected":false},"excerpt":{"rendered":"Eroi mitici La schermitrice Altina Appare in Fire Emblem: Radiant Dawn Lascia che sia Sharena a presentarti! La schermitrice Altina Le storie della creazione di Tellius narrano che il mondo un tempo fu sommerso da un&#8217;alluvione. Solo il continente di Tellius fu risparmiato e le leggende di quell&#8217;era raccontano di un&#8217;eroica spadaccina: Altina! Il mondo [&hellip;]","protected":false},"author":1,"featured_media":14225,"comment_status":"closed","ping_status":"closed","sticky":false,"template":"","format":"standard","meta":{"advanced_seo_description":"","jetpack_seo_html_title":"","jetpack_seo_noindex":false,"_jetpack_newsletter_access":"","_jetpack_dont_email_post_to_subs":false,"_jetpack_newsletter_tier_id":0,"_jetpack_memberships_contains_paywalled_content":false,"_locale":"it_IT","_original_post":"14064","_jetpack_memberships_contains_paid_content":false,"footnotes":"","jetpack_publicize_message":"","jetpack_publicize_feature_enabled":true,"jetpack_social_post_already_shared":true,"jetpack_social_options":{"image_generator_settings":{"template":"highway","default_image_id":0,"font":"","enabled":false},"version":2},"_wpas_customize_per_network":false,"jetpack_post_was_ever_published":false},"categories":[1384,1385,1390,1430],"tags":[1403],"class_list":["post-14072","post","type-post","status-publish","format-standard","has-post-thumbnail","hentry","category-character","category-mythic_heroes","category-stay_heroes","category-ex_works_radiant_dawn","tag-eroi-mitici","it-IT"],"jetpack_publicize_connections":[],"jetpack_featured_media_url":"https:\/\/guide.fire-emblem-heroes.com\/wp-content\/uploads\/altina_dawns_trueblade.png","jetpack_sharing_enabled":false,"jetpack_shortlink":"https:\/\/wp.me\/pa0Mj3-3EY","jetpack_likes_enabled":false,"amp_enabled":true,"_links":{"self":[{"href":"https:\/\/guide.fire-emblem-heroes.com\/wp-json\/wp\/v2\/posts\/14072","targetHints":{"allow":["GET"]}}],"collection":[{"href":"https:\/\/guide.fire-emblem-heroes.com\/wp-json\/wp\/v2\/posts"}],"about":[{"href":"https:\/\/guide.fire-emblem-heroes.com\/wp-json\/wp\/v2\/types\/post"}],"author":[{"embeddable":true,"href":"https:\/\/guide.fire-emblem-heroes.com\/wp-json\/wp\/v2\/users\/1"}],"replies":[{"embeddable":true,"href":"https:\/\/guide.fire-emblem-heroes.com\/wp-json\/wp\/v2\/comments?post=14072"}],"version-history":[{"count":2,"href":"https:\/\/guide.fire-emblem-heroes.com\/wp-json\/wp\/v2\/posts\/14072\/revisions"}],"predecessor-version":[{"id":14113,"href":"https:\/\/guide.fire-emblem-heroes.com\/wp-json\/wp\/v2\/posts\/14072\/revisions\/14113"}],"wp:featuredmedia":[{"embeddable":true,"href":"https:\/\/guide.fire-emblem-heroes.com\/wp-json\/wp\/v2\/media\/14225"}],"wp:attachment":[{"href":"https:\/\/guide.fire-emblem-heroes.com\/wp-json\/wp\/v2\/media?parent=14072"}],"wp:term":[{"taxonomy":"category","embeddable":true,"href":"https:\/\/guide.fire-emblem-heroes.com\/wp-json\/wp\/v2\/categories?post=14072"},{"taxonomy":"post_tag","embeddable":true,"href":"https:\/\/guide.fire-emblem-heroes.com\/wp-json\/wp\/v2\/tags?post=14072"}],"curies":[{"name":"wp","href":"https:\/\/api.w.org\/{rel}","templated":true}]}}