






{"id":14350,"date":"2019-12-04T12:45:19","date_gmt":"2019-12-04T03:45:19","guid":{"rendered":"https:\/\/guide.fire-emblem-heroes.com\/?p=14350"},"modified":"2019-12-25T15:35:17","modified_gmt":"2019-12-25T06:35:17","slug":"04001004000458","status":"publish","type":"post","link":"https:\/\/guide.fire-emblem-heroes.com\/it\/04001004000458\/","title":{"rendered":"<span class=\"character_nick\">La dama di Fiana<\/span> <span class=\"character_name\">Eyvel<\/span>"},"content":{"rendered":"<main id=\"CHARA_159\" class=\"main_page character\">\r\n    <article>\r\n        <section class=\"sec sec_character\">\r\n            <ul class=\"sec_ul sec_ul--character slick-box\">\r\n                <li class=\"sec_li sec_li--character\">\r\n                    <img decoding=\"async\" src=\"https:\/\/guide.fire-emblem-heroes.com\/wp-content\/uploads\/eyvel_mistress_of_fiana_slide01.png\" alt=\"\" \/>\r\n                <\/li>\r\n                <li class=\"sec_li sec_li--character\">\r\n                    <img decoding=\"async\" src=\"https:\/\/guide.fire-emblem-heroes.com\/wp-content\/uploads\/eyvel_mistress_of_fiana_slide02.png\" alt=\"\" \/>\r\n                <\/li>\r\n                <li class=\"sec_li sec_li--character\">\r\n                    <img decoding=\"async\" src=\"https:\/\/guide.fire-emblem-heroes.com\/wp-content\/uploads\/eyvel_mistress_of_fiana_slide03.png\" alt=\"\" \/>\r\n                <\/li>\r\n                <li class=\"sec_li sec_li--character\">\r\n                    <img decoding=\"async\" src=\"https:\/\/guide.fire-emblem-heroes.com\/wp-content\/uploads\/eyvel_mistress_of_fiana_slide04.png\" alt=\"\" \/>\r\n                <\/li>\r\n            <\/ul>\r\n            <div class=\"sec_charainfoarea flex\">\r\n                <div class=\"sec_gif\"><img loading=\"lazy\" decoding=\"async\" src=\"https:\/\/guide.fire-emblem-heroes.com\/wp-content\/uploads\/eyvel_mistress_of_fiana.png\" alt=\"\" width=\"210\" height=\"190\"\/><\/div>\r\n                <div class=\"sec_charainfo\">\r\n                    <p id=\"CHARA_159_002\" class=\"sec_characate sec_characate--heroes\">Eroi<\/p>\r\n                    <p id=\"CHARA_159_003\" class=\"sec_charanick\">La dama di Fiana<\/p>\r\n                    <p id=\"CHARA_159_004\" class=\"sec_charaname\">Eyvel<\/p>\r\n                    <p id=\"CHARA_159_005\" class=\"sec_charaappearancetxt\">Appare in<\/p>\r\n                    <p id=\"CHARA_159_006\" class=\"sec_charaappearancetxt\">Fire Emblem: Thracia 776<\/p>\r\n                <\/div>\r\n            <\/div>\r\n        <\/section>\r\n    <\/article>\r\n    <article>\r\n        <section class=\"sec sec_characterarea\">\r\n            <div class=\"sec_h2chara\">\r\n                <p id=\"CHARA_159_007\" class=\"sec_h2charattl\">Lascia che sia Sharena a presentarti!<\/p>\r\n                <h2 id=\"CHARA_159_008\" class=\"sec_h2charatxt\">La dama di Fiana Eyvel<\/h2>\r\n            <\/div>\r\n            <dl class=\"sec_dl flex\">\r\n                <dt id=\"CHARA_159_009\" class=\"sec_dt\">Nella Thracia orientale, nel continente di Jugdral, c&#8217;\u00e8 un villaggio di nome Fiana, dove una spadaccina indomita \u00e8 a capo di una piccola comunit\u00e0. Il suo nome \u00e8 Eyvel, ed \u00e8 un&#8217;eroina!<\/dt>\r\n                <dd class=\"sec_dd\">\r\n                    <a href=\"https:\/\/guide.fire-emblem-heroes.com\/wp-content\/uploads\/eyvel_mistress_of_fiana_pop01.png\" class=\"popup-image\">\r\n                        <img decoding=\"async\" src=\"https:\/\/guide.fire-emblem-heroes.com\/wp-content\/uploads\/eyvel_mistress_of_fiana_info01.png\" alt=\"\" \/>\r\n                    <\/a>\r\n                <\/dd>\r\n                <dt id=\"CHARA_159_010\" class=\"sec_dt\">Eyvel non ricorda nulla del suo passato e per un po&#8217; di tempo si \u00e8 guadagnata da vivere come mercenaria errante, finch\u00e9 non fond\u00f2 il villaggio di Fiana dopo essersi sbarazzata dei briganti e dei pirati che terrorizzavano la popolazione locale.<\/dt>\r\n                <dd class=\"sec_dd\">\r\n                    <a href=\"https:\/\/guide.fire-emblem-heroes.com\/wp-content\/uploads\/eyvel_mistress_of_fiana_pop02.png\" class=\"popup-image\">\r\n                        <img decoding=\"async\" src=\"https:\/\/guide.fire-emblem-heroes.com\/wp-content\/uploads\/eyvel_mistress_of_fiana_info02.png\" alt=\"\" \/>\r\n                    <\/a>\r\n                <\/dd>\r\n                <dt id=\"CHARA_159_011\" class=\"sec_dt\">Un giorno, mentre Eyvel era lontana dal villaggio, i soldati di Grannvale vennero alla ricerca di Leif, il principe di Leonster e, nel corso dei combattimenti, Mareeta, la figlia adottiva di Eyvel, venne rapita.<\/dt>\r\n                <dd class=\"sec_dd\">\r\n                    <a href=\"https:\/\/guide.fire-emblem-heroes.com\/wp-content\/uploads\/eyvel_mistress_of_fiana_pop03.png\" class=\"popup-image\">\r\n                        <img decoding=\"async\" src=\"https:\/\/guide.fire-emblem-heroes.com\/wp-content\/uploads\/eyvel_mistress_of_fiana_info03.png\" alt=\"\" \/>\r\n                    <\/a>\r\n                <\/dd>\r\n                <dt id=\"CHARA_159_012\" class=\"sec_dt\">Per salvare la figlia, Eyvel decise quindi di unirsi al principe Leif nella sua battaglia contro l&#8217;Impero di Grannvale. Le forze imperiali sperimenteranno il suo talento di spadaccina sulla propria pelle!<\/dt>\r\n                <dd class=\"sec_dd\">\r\n                    <a href=\"https:\/\/guide.fire-emblem-heroes.com\/wp-content\/uploads\/eyvel_mistress_of_fiana_pop04.png\" class=\"popup-image\">\r\n                        <img decoding=\"async\" src=\"https:\/\/guide.fire-emblem-heroes.com\/wp-content\/uploads\/eyvel_mistress_of_fiana_info04.png\" alt=\"\" \/>\r\n                    <\/a>\r\n                <\/dd>\r\n            <\/dl>\r\n            <h3 id=\"CHARA_159_013\" class=\"sec_h3charatxt\">Personaggi strettamente collegati<\/h3>\r\n            <h4 id=\"CHARA_159_014\" class=\"sec_h4charatxt\">Mareeta<\/h4>\r\n            <p id=\"CHARA_159_015\" class=\"sec_charatxt\">Spadaccina di Fiana, Eyvel la salva in tenera et\u00e0 dai mercanti di schiavi e la accoglie come una figlia.<\/p>\r\n            <h4 id=\"CHARA_159_016\" class=\"sec_h4charatxt\">Osian<\/h4>\r\n            <p id=\"CHARA_159_017\" class=\"sec_charatxt\">Guerriero e membro delle Libere Lame di Fiana, \u00e8 testone e sfacciato, ma ha un cuore d&#8217;oro. Si unisce alla causa di Leif quando Eyvel si arruola nel suo esercito.<\/p>\r\n            <h4 id=\"CHARA_159_018\" class=\"sec_h4charatxt\">Halvan<\/h4>\r\n            <p id=\"CHARA_159_019\" class=\"sec_charatxt\">\u00c8 un altro guerriero delle Libere Lame di Fiana. Vera e propria controparte di Osian, Halvan \u00e8 calmo e mantiene sempre il controllo. Considera Eyvel una madre adottiva.<\/p>\r\n        <\/section>\r\n    <\/article>\r\n<\/main>","protected":false},"excerpt":{"rendered":"Eroi La dama di Fiana Eyvel Appare in Fire Emblem: Thracia 776 Lascia che sia Sharena a presentarti! La dama di Fiana Eyvel Nella Thracia orientale, nel continente di Jugdral, c&#8217;\u00e8 un villaggio di nome Fiana, dove una spadaccina indomita \u00e8 a capo di una piccola comunit\u00e0. Il suo nome \u00e8 Eyvel, ed \u00e8 un&#8217;eroina! [&hellip;]","protected":false},"author":1,"featured_media":14460,"comment_status":"closed","ping_status":"closed","sticky":false,"template":"","format":"standard","meta":{"advanced_seo_description":"","jetpack_seo_html_title":"","jetpack_seo_noindex":false,"_jetpack_newsletter_access":"","_jetpack_dont_email_post_to_subs":false,"_jetpack_newsletter_tier_id":0,"_jetpack_memberships_contains_paywalled_content":false,"_locale":"it_IT","_original_post":"14342","_jetpack_memberships_contains_paid_content":false,"footnotes":"","jetpack_publicize_message":"","jetpack_publicize_feature_enabled":true,"jetpack_social_post_already_shared":true,"jetpack_social_options":{"image_generator_settings":{"template":"highway","default_image_id":0,"font":"","enabled":false},"version":2},"_wpas_customize_per_network":false,"jetpack_post_was_ever_published":false},"categories":[1384,1438,1415,1390],"tags":[1420],"class_list":["post-14350","post","type-post","status-publish","format-standard","has-post-thumbnail","hentry","category-character","category-ex_works_thracia_776","category-heroes","category-stay_heroes","tag-eroi","it-IT"],"jetpack_publicize_connections":[],"jetpack_featured_media_url":"https:\/\/guide.fire-emblem-heroes.com\/wp-content\/uploads\/eyvel_mistress_of_fiana.png","jetpack_sharing_enabled":false,"jetpack_shortlink":"https:\/\/wp.me\/pa0Mj3-3Js","jetpack_likes_enabled":false,"amp_enabled":true,"_links":{"self":[{"href":"https:\/\/guide.fire-emblem-heroes.com\/wp-json\/wp\/v2\/posts\/14350","targetHints":{"allow":["GET"]}}],"collection":[{"href":"https:\/\/guide.fire-emblem-heroes.com\/wp-json\/wp\/v2\/posts"}],"about":[{"href":"https:\/\/guide.fire-emblem-heroes.com\/wp-json\/wp\/v2\/types\/post"}],"author":[{"embeddable":true,"href":"https:\/\/guide.fire-emblem-heroes.com\/wp-json\/wp\/v2\/users\/1"}],"replies":[{"embeddable":true,"href":"https:\/\/guide.fire-emblem-heroes.com\/wp-json\/wp\/v2\/comments?post=14350"}],"version-history":[{"count":1,"href":"https:\/\/guide.fire-emblem-heroes.com\/wp-json\/wp\/v2\/posts\/14350\/revisions"}],"predecessor-version":[{"id":14356,"href":"https:\/\/guide.fire-emblem-heroes.com\/wp-json\/wp\/v2\/posts\/14350\/revisions\/14356"}],"wp:featuredmedia":[{"embeddable":true,"href":"https:\/\/guide.fire-emblem-heroes.com\/wp-json\/wp\/v2\/media\/14460"}],"wp:attachment":[{"href":"https:\/\/guide.fire-emblem-heroes.com\/wp-json\/wp\/v2\/media?parent=14350"}],"wp:term":[{"taxonomy":"category","embeddable":true,"href":"https:\/\/guide.fire-emblem-heroes.com\/wp-json\/wp\/v2\/categories?post=14350"},{"taxonomy":"post_tag","embeddable":true,"href":"https:\/\/guide.fire-emblem-heroes.com\/wp-json\/wp\/v2\/tags?post=14350"}],"curies":[{"name":"wp","href":"https:\/\/api.w.org\/{rel}","templated":true}]}}