






{"id":14392,"date":"2019-12-04T12:58:58","date_gmt":"2019-12-04T03:58:58","guid":{"rendered":"https:\/\/guide.fire-emblem-heroes.com\/?p=14392"},"modified":"2019-12-25T15:38:59","modified_gmt":"2019-12-25T06:38:59","slug":"04001007000457","status":"publish","type":"post","link":"https:\/\/guide.fire-emblem-heroes.com\/it\/04001007000457\/","title":{"rendered":"<span class=\"character_nick\">La figlia di Dagdar<\/span> <span class=\"character_name\">Tanya<\/span>"},"content":{"rendered":"<main id=\"CHARA_161\" class=\"main_page character\">\r\n    <article>\r\n        <section class=\"sec sec_character\">\r\n            <ul class=\"sec_ul sec_ul--character slick-box\">\r\n                <li class=\"sec_li sec_li--character\">\r\n                    <img decoding=\"async\" src=\"https:\/\/guide.fire-emblem-heroes.com\/wp-content\/uploads\/tanya_dagdars_kid_slide01.png\" alt=\"\" \/>\r\n                <\/li>\r\n                <li class=\"sec_li sec_li--character\">\r\n                    <img decoding=\"async\" src=\"https:\/\/guide.fire-emblem-heroes.com\/wp-content\/uploads\/tanya_dagdars_kid_slide02.png\" alt=\"\" \/>\r\n                <\/li>\r\n                <li class=\"sec_li sec_li--character\">\r\n                    <img decoding=\"async\" src=\"https:\/\/guide.fire-emblem-heroes.com\/wp-content\/uploads\/tanya_dagdars_kid_slide03.png\" alt=\"\" \/>\r\n                <\/li>\r\n                <li class=\"sec_li sec_li--character\">\r\n                    <img decoding=\"async\" src=\"https:\/\/guide.fire-emblem-heroes.com\/wp-content\/uploads\/tanya_dagdars_kid_slide04.png\" alt=\"\" \/>\r\n                <\/li>\r\n            <\/ul>\r\n            <div class=\"sec_charainfoarea flex\">\r\n                <div class=\"sec_gif\"><img loading=\"lazy\" decoding=\"async\" src=\"https:\/\/guide.fire-emblem-heroes.com\/wp-content\/uploads\/tanya_dagdars_kid.png\" alt=\"\" width=\"210\" height=\"190\"\/><\/div>\r\n                <div class=\"sec_charainfo\">\r\n                    <p id=\"CHARA_161_002\" class=\"sec_characate sec_characate--heroes\">Eroi<\/p>\r\n                    <p id=\"CHARA_161_003\" class=\"sec_charanick\">La figlia di Dagdar<\/p>\r\n                    <p id=\"CHARA_161_004\" class=\"sec_charaname\">Tanya<\/p>\r\n                    <p id=\"CHARA_161_005\" class=\"sec_charaappearancetxt\">Appare in<\/p>\r\n                    <p id=\"CHARA_161_006\" class=\"sec_charaappearancetxt\">Fire Emblem: Thracia 776<\/p>\r\n                <\/div>\r\n            <\/div>\r\n        <\/section>\r\n    <\/article>\r\n    <article>\r\n        <section class=\"sec sec_characterarea\">\r\n            <div class=\"sec_h2chara\">\r\n                <p id=\"CHARA_161_007\" class=\"sec_h2charattl\">Lascia che sia Sharena a presentarti!<\/p>\r\n                <h2 id=\"CHARA_161_008\" class=\"sec_h2charatxt\">La figlia di Dagdar Tanya<\/h2>\r\n            <\/div>\r\n            <dl class=\"sec_dl flex\">\r\n                <dt id=\"CHARA_161_009\" class=\"sec_dt\">Tanya \u00e8 un&#8217;arciera del monte Violdrake, sulla penisola della Thracia. A volte pu\u00f2 sembrare aggressiva e non ha certo peli sulla lingua, ma sa essere sincera e seria quando serve!<\/dt>\r\n                <dd class=\"sec_dd\">\r\n                    <a href=\"https:\/\/guide.fire-emblem-heroes.com\/wp-content\/uploads\/tanya_dagdars_kid_pop01.png\" class=\"popup-image\">\r\n                        <img decoding=\"async\" src=\"https:\/\/guide.fire-emblem-heroes.com\/wp-content\/uploads\/tanya_dagdars_kid_info01.png\" alt=\"\" \/>\r\n                    <\/a>\r\n                <\/dd>\r\n                <dt id=\"CHARA_161_010\" class=\"sec_dt\">Suo padre, Dagdar, un tempo leader dei briganti del Monte Violdrake, cambi\u00f2 vita dopo essere stato sistemato per le feste da Eyvel, il capo del villaggio di Fiana. Alla fine, lui ed Eyvel sono diventati amici!<\/dt>\r\n                <dd class=\"sec_dd\">\r\n                    <a href=\"https:\/\/guide.fire-emblem-heroes.com\/wp-content\/uploads\/tanya_dagdars_kid_pop02.png\" class=\"popup-image\">\r\n                        <img decoding=\"async\" src=\"https:\/\/guide.fire-emblem-heroes.com\/wp-content\/uploads\/tanya_dagdars_kid_info02.png\" alt=\"\" \/>\r\n                    <\/a>\r\n                <\/dd>\r\n                <dt id=\"CHARA_161_011\" class=\"sec_dt\">Anche Tanya si \u00e8 affezionata agli abitanti di Fiana. Beh, s\u00ec, \u00e8 vero che lei e Osian bisticciano come bambini, ma se posso dirti la mia, bisogna essere in gran confidenza con qualcuno per prendersela cos\u00ec. Non \u00e8 mica facile!<\/dt>\r\n                <dd class=\"sec_dd\">\r\n                    <a href=\"https:\/\/guide.fire-emblem-heroes.com\/wp-content\/uploads\/tanya_dagdars_kid_pop03.png\" class=\"popup-image\">\r\n                        <img decoding=\"async\" src=\"https:\/\/guide.fire-emblem-heroes.com\/wp-content\/uploads\/tanya_dagdars_kid_info03.png\" alt=\"\" \/>\r\n                    <\/a>\r\n                <\/dd>\r\n                <dt id=\"CHARA_161_012\" class=\"sec_dt\">Quando Fiana venne attaccata dai soldati di Grannvale, Tanya affianc\u00f2 il padre per aiutarlo a salvare il villaggio. Vuole sempre fare la cosa giusta, e io la terr\u00f2 sicuramente d&#8217;occhio!<\/dt>\r\n                <dd class=\"sec_dd\">\r\n                    <a href=\"https:\/\/guide.fire-emblem-heroes.com\/wp-content\/uploads\/tanya_dagdars_kid_pop04.png\" class=\"popup-image\">\r\n                        <img decoding=\"async\" src=\"https:\/\/guide.fire-emblem-heroes.com\/wp-content\/uploads\/tanya_dagdars_kid_info04.png\" alt=\"\" \/>\r\n                    <\/a>\r\n                <\/dd>\r\n            <\/dl>\r\n            <h3 id=\"CHARA_161_013\" class=\"sec_h3charatxt\">Personaggi strettamente collegati<\/h3>\r\n            <h4 id=\"CHARA_161_014\" class=\"sec_h4charatxt\">Dagdar<\/h4>\r\n            <p id=\"CHARA_161_015\" class=\"sec_charatxt\">Ex capo dei briganti del Monte Violdrake, si \u00e8 ravveduto dopo essere stato sconfitto da Eyvel, unendosi alle Libere Lame di Fiana. \u00c8 il padre di Tanya.<\/p>\r\n            <h4 id=\"CHARA_161_016\" class=\"sec_h4charatxt\">Osian<\/h4>\r\n            <p id=\"CHARA_161_017\" class=\"sec_charatxt\">Guerriero e membro delle Libere Lame di Fiana, \u00e8 una testa calda dal cuore tenero. Tanya e Osian esprimono la loro amicizia a suon di bisticci e litigi.<\/p>\r\n        <\/section>\r\n    <\/article>\r\n<\/main>","protected":false},"excerpt":{"rendered":"Eroi La figlia di Dagdar Tanya Appare in Fire Emblem: Thracia 776 Lascia che sia Sharena a presentarti! La figlia di Dagdar Tanya Tanya \u00e8 un&#8217;arciera del monte Violdrake, sulla penisola della Thracia. A volte pu\u00f2 sembrare aggressiva e non ha certo peli sulla lingua, ma sa essere sincera e seria quando serve! Suo padre, [&hellip;]","protected":false},"author":1,"featured_media":14525,"comment_status":"closed","ping_status":"closed","sticky":false,"template":"","format":"standard","meta":{"advanced_seo_description":"","jetpack_seo_html_title":"","jetpack_seo_noindex":false,"_jetpack_newsletter_access":"","_jetpack_dont_email_post_to_subs":false,"_jetpack_newsletter_tier_id":0,"_jetpack_memberships_contains_paywalled_content":false,"_locale":"it_IT","_original_post":"14384","_jetpack_memberships_contains_paid_content":false,"footnotes":"","jetpack_publicize_message":"","jetpack_publicize_feature_enabled":true,"jetpack_social_post_already_shared":true,"jetpack_social_options":{"image_generator_settings":{"template":"highway","default_image_id":0,"font":"","enabled":false},"version":2},"_wpas_customize_per_network":false,"jetpack_post_was_ever_published":false},"categories":[1384,1438,1415,1390],"tags":[1420],"class_list":["post-14392","post","type-post","status-publish","format-standard","has-post-thumbnail","hentry","category-character","category-ex_works_thracia_776","category-heroes","category-stay_heroes","tag-eroi","it-IT"],"jetpack_publicize_connections":[],"jetpack_featured_media_url":"https:\/\/guide.fire-emblem-heroes.com\/wp-content\/uploads\/tanya_dagdars_kid.png","jetpack_sharing_enabled":false,"jetpack_shortlink":"https:\/\/wp.me\/pa0Mj3-3K8","jetpack_likes_enabled":false,"amp_enabled":true,"_links":{"self":[{"href":"https:\/\/guide.fire-emblem-heroes.com\/wp-json\/wp\/v2\/posts\/14392","targetHints":{"allow":["GET"]}}],"collection":[{"href":"https:\/\/guide.fire-emblem-heroes.com\/wp-json\/wp\/v2\/posts"}],"about":[{"href":"https:\/\/guide.fire-emblem-heroes.com\/wp-json\/wp\/v2\/types\/post"}],"author":[{"embeddable":true,"href":"https:\/\/guide.fire-emblem-heroes.com\/wp-json\/wp\/v2\/users\/1"}],"replies":[{"embeddable":true,"href":"https:\/\/guide.fire-emblem-heroes.com\/wp-json\/wp\/v2\/comments?post=14392"}],"version-history":[{"count":1,"href":"https:\/\/guide.fire-emblem-heroes.com\/wp-json\/wp\/v2\/posts\/14392\/revisions"}],"predecessor-version":[{"id":14397,"href":"https:\/\/guide.fire-emblem-heroes.com\/wp-json\/wp\/v2\/posts\/14392\/revisions\/14397"}],"wp:featuredmedia":[{"embeddable":true,"href":"https:\/\/guide.fire-emblem-heroes.com\/wp-json\/wp\/v2\/media\/14525"}],"wp:attachment":[{"href":"https:\/\/guide.fire-emblem-heroes.com\/wp-json\/wp\/v2\/media?parent=14392"}],"wp:term":[{"taxonomy":"category","embeddable":true,"href":"https:\/\/guide.fire-emblem-heroes.com\/wp-json\/wp\/v2\/categories?post=14392"},{"taxonomy":"post_tag","embeddable":true,"href":"https:\/\/guide.fire-emblem-heroes.com\/wp-json\/wp\/v2\/tags?post=14392"}],"curies":[{"name":"wp","href":"https:\/\/api.w.org\/{rel}","templated":true}]}}