






{"id":14576,"date":"2019-12-12T12:27:48","date_gmt":"2019-12-12T03:27:48","guid":{"rendered":"https:\/\/guide.fire-emblem-heroes.com\/?p=14576"},"modified":"2020-01-16T16:39:53","modified_gmt":"2020-01-16T07:39:53","slug":"01001001000460","status":"publish","type":"post","link":"https:\/\/guide.fire-emblem-heroes.com\/it\/01001001000460\/","title":{"rendered":"<span class=\"character_nick\">Il duo alteo<\/span><span class=\"character_name\">Marth<\/span>"},"content":{"rendered":"<main id=\"CHARA_163\" class=\"main_page character\">\r\n    <article>\r\n        <section class=\"sec sec_character\">\r\n            <ul class=\"sec_ul sec_ul--character slick-box\">\r\n                <li class=\"sec_li sec_li--character\">\r\n                    <img decoding=\"async\" src=\"https:\/\/guide.fire-emblem-heroes.com\/wp-content\/uploads\/marth_royal_altean_duo_slide01.png\" alt=\"\" \/>\r\n                <\/li>\r\n                <li class=\"sec_li sec_li--character\">\r\n                    <img decoding=\"async\" src=\"https:\/\/guide.fire-emblem-heroes.com\/wp-content\/uploads\/marth_royal_altean_duo_slide02.png\" alt=\"\" \/>\r\n                <\/li>\r\n                <li class=\"sec_li sec_li--character\">\r\n                    <img decoding=\"async\" src=\"https:\/\/guide.fire-emblem-heroes.com\/wp-content\/uploads\/marth_royal_altean_duo_slide03.png\" alt=\"\" \/>\r\n                <\/li>\r\n                <li class=\"sec_li sec_li--character\">\r\n                    <img decoding=\"async\" src=\"https:\/\/guide.fire-emblem-heroes.com\/wp-content\/uploads\/marth_royal_altean_duo_slide04.png\" alt=\"\" \/>\r\n                <\/li>\r\n            <\/ul>\r\n            <div class=\"sec_charainfoarea flex\">\r\n                <div class=\"sec_gif\"><img loading=\"lazy\" decoding=\"async\" src=\"https:\/\/guide.fire-emblem-heroes.com\/wp-content\/uploads\/marth_royal_altean_duo.png\" alt=\"\" width=\"210\" height=\"190\"\/><\/div>\r\n                <div class=\"sec_charainfo\">\r\n                    <p id=\"CHARA_163_002\" class=\"sec_characate sec_characate--duo_hero\">Eroi Coppia<\/p>\r\n                    <p id=\"CHARA_163_003\" class=\"sec_charanick\">Il duo alteo<\/p>\r\n                    <p id=\"CHARA_163_004\" class=\"sec_charaname\">Marth<\/p>\r\n                    <p id=\"CHARA_163_005\" class=\"sec_charaappearancetxt\">Appare in<\/p>\r\n                    <p id=\"CHARA_163_006\" class=\"sec_charaappearancetxt\">Fire Emblem: Mystery of the Emblem<\/p>\r\n                <\/div>\r\n            <\/div>\r\n        <\/section>\r\n    <\/article>\r\n    <article>\r\n        <section class=\"sec sec_characterarea\">\r\n            <div class=\"sec_h2chara\">\r\n                <p id=\"CHARA_163_007\" class=\"sec_h2charattl\">Lascia che sia Sharena a presentarti!<\/p>\r\n                <h2 id=\"CHARA_163_008\" class=\"sec_h2charatxt\">Il duo alteo Marth<\/h2>\r\n            <\/div>\r\n            <dl class=\"sec_dl flex\">\r\n                <dt id=\"CHARA_163_009\" class=\"sec_dt\">Alla festa d&#8217;inverno ormai \u00e8 venuto a trovarci ogni tipo di eroe possibile e immaginabile, e oggi veniamo deliziati dalla presenza di alcuni eroi Coppia! Marth ed Elice, il principe e principessa di Altea, sono venuti per unirsi alla festa!<\/dt>\r\n                <dd class=\"sec_dd\">\r\n                    <a href=\"https:\/\/guide.fire-emblem-heroes.com\/wp-content\/uploads\/marth_royal_altean_duo_pop01.png\" class=\"popup-image\">\r\n                        <img decoding=\"async\" src=\"https:\/\/guide.fire-emblem-heroes.com\/wp-content\/uploads\/marth_royal_altean_duo_info01.png\" alt=\"\" \/>\r\n                    <\/a>\r\n                <\/dd>\r\n                <dt id=\"CHARA_163_010\" class=\"sec_dt\">Indossano degli incredibili completi rossi fatti apposta per l&#8217;occasione. Sfoggiano entrambi un look strepitoso: festivo e regale allo stesso tempo!<\/dt>\r\n                <dd class=\"sec_dd\">\r\n                    <a href=\"https:\/\/guide.fire-emblem-heroes.com\/wp-content\/uploads\/marth_royal_altean_duo_pop02.png\" class=\"popup-image\">\r\n                        <img decoding=\"async\" src=\"https:\/\/guide.fire-emblem-heroes.com\/wp-content\/uploads\/marth_royal_altean_duo_info02.png\" alt=\"\" \/>\r\n                    <\/a>\r\n                <\/dd>\r\n                <dt id=\"CHARA_163_011\" class=\"sec_dt\">Se guardi con un po&#8217; pi\u00f9 di attenzione ti accorgerai che, sotto il mantello e la sciarpa, i loro abiti sono quelli che indossano normalmente, ma un po&#8217; modificati. Sono proprio tocchi personali come questi a mostrarci quanta attenzione dedichino al look!<\/dt>\r\n                <dd class=\"sec_dd\">\r\n                    <a href=\"https:\/\/guide.fire-emblem-heroes.com\/wp-content\/uploads\/marth_royal_altean_duo_pop03.png\" class=\"popup-image\">\r\n                        <img decoding=\"async\" src=\"https:\/\/guide.fire-emblem-heroes.com\/wp-content\/uploads\/marth_royal_altean_duo_info03.png\" alt=\"\" \/>\r\n                    <\/a>\r\n                <\/dd>\r\n                <dt id=\"CHARA_163_012\" class=\"sec_dt\">Marth combatte per i suoi amici, e anche Elice non esita ad anteporre a s\u00e9 le persone che le stanno pi\u00f9 a cuore. I due porteranno senz&#8217;altro un tocco in pi\u00f9 di calore e gentilezza alla festa d&#8217;inverno!<\/dt>\r\n                <dd class=\"sec_dd\">\r\n                    <a href=\"https:\/\/guide.fire-emblem-heroes.com\/wp-content\/uploads\/marth_royal_altean_duo_pop04.png\" class=\"popup-image\">\r\n                        <img decoding=\"async\" src=\"https:\/\/guide.fire-emblem-heroes.com\/wp-content\/uploads\/marth_royal_altean_duo_info04.png\" alt=\"\" \/>\r\n                    <\/a>\r\n                <\/dd>\r\n            <\/dl>\r\n            <h3 id=\"CHARA_163_013\" class=\"sec_h3charatxt\">Personaggi strettamente collegati<\/h3>\r\n            <h4 id=\"CHARA_163_014\" class=\"sec_h4charatxt\">Caeda<\/h4>\r\n            <p id=\"CHARA_163_015\" class=\"sec_charatxt\">Principessa di Talys e fidanzata di Marth. Ha talento e fascino da vendere. \u00c8 amica di Elice.<\/p>\r\n            <h4 id=\"CHARA_163_016\" class=\"sec_h4charatxt\">Merric<\/h4>\r\n            <p id=\"CHARA_163_017\" class=\"sec_charatxt\">Conoscitore della magia del vento, ha studiato nella famosa scuola per maghi di Khadein. \u00c8 amico d&#8217;infanzia di Marth. Elice nutre dei sentimenti per lui.<\/p>\r\n        <\/section>\r\n    <\/article>\r\n<\/main>","protected":false},"excerpt":{"rendered":"Eroi Coppia Il duo alteo Marth Appare in Fire Emblem: Mystery of the Emblem Lascia che sia Sharena a presentarti! Il duo alteo Marth Alla festa d&#8217;inverno ormai \u00e8 venuto a trovarci ogni tipo di eroe possibile e immaginabile, e oggi veniamo deliziati dalla presenza di alcuni eroi Coppia! Marth ed Elice, il principe e [&hellip;]","protected":false},"author":1,"featured_media":14705,"comment_status":"closed","ping_status":"closed","sticky":false,"template":"","format":"standard","meta":{"advanced_seo_description":"","jetpack_seo_html_title":"","jetpack_seo_noindex":false,"_jetpack_newsletter_access":"","_jetpack_dont_email_post_to_subs":false,"_jetpack_newsletter_tier_id":0,"_jetpack_memberships_contains_paywalled_content":false,"_locale":"it_IT","_original_post":"14568","_jetpack_memberships_contains_paid_content":false,"footnotes":"","jetpack_publicize_message":"","jetpack_publicize_feature_enabled":true,"jetpack_social_post_already_shared":true,"jetpack_social_options":{"image_generator_settings":{"template":"highway","default_image_id":0,"font":"","enabled":false},"version":2},"_wpas_customize_per_network":false,"jetpack_post_was_ever_published":false},"categories":[1384,1424,1390,1440],"tags":[1446],"class_list":["post-14576","post","type-post","status-publish","format-standard","has-post-thumbnail","hentry","category-character","category-ex_works_mystery_of_the_emblem","category-stay_heroes","category-duo_heroes","tag-eroi-coppia","it-IT"],"jetpack_publicize_connections":[],"jetpack_featured_media_url":"https:\/\/guide.fire-emblem-heroes.com\/wp-content\/uploads\/marth_royal_altean_duo.png","jetpack_sharing_enabled":false,"jetpack_shortlink":"https:\/\/wp.me\/pa0Mj3-3N6","jetpack_likes_enabled":false,"amp_enabled":true,"_links":{"self":[{"href":"https:\/\/guide.fire-emblem-heroes.com\/wp-json\/wp\/v2\/posts\/14576","targetHints":{"allow":["GET"]}}],"collection":[{"href":"https:\/\/guide.fire-emblem-heroes.com\/wp-json\/wp\/v2\/posts"}],"about":[{"href":"https:\/\/guide.fire-emblem-heroes.com\/wp-json\/wp\/v2\/types\/post"}],"author":[{"embeddable":true,"href":"https:\/\/guide.fire-emblem-heroes.com\/wp-json\/wp\/v2\/users\/1"}],"replies":[{"embeddable":true,"href":"https:\/\/guide.fire-emblem-heroes.com\/wp-json\/wp\/v2\/comments?post=14576"}],"version-history":[{"count":1,"href":"https:\/\/guide.fire-emblem-heroes.com\/wp-json\/wp\/v2\/posts\/14576\/revisions"}],"predecessor-version":[{"id":14585,"href":"https:\/\/guide.fire-emblem-heroes.com\/wp-json\/wp\/v2\/posts\/14576\/revisions\/14585"}],"wp:featuredmedia":[{"embeddable":true,"href":"https:\/\/guide.fire-emblem-heroes.com\/wp-json\/wp\/v2\/media\/14705"}],"wp:attachment":[{"href":"https:\/\/guide.fire-emblem-heroes.com\/wp-json\/wp\/v2\/media?parent=14576"}],"wp:term":[{"taxonomy":"category","embeddable":true,"href":"https:\/\/guide.fire-emblem-heroes.com\/wp-json\/wp\/v2\/categories?post=14576"},{"taxonomy":"post_tag","embeddable":true,"href":"https:\/\/guide.fire-emblem-heroes.com\/wp-json\/wp\/v2\/tags?post=14576"}],"curies":[{"name":"wp","href":"https:\/\/api.w.org\/{rel}","templated":true}]}}