






{"id":15207,"date":"2020-01-07T12:55:20","date_gmt":"2020-01-07T03:55:20","guid":{"rendered":"https:\/\/guide.fire-emblem-heroes.com\/?p=15207"},"modified":"2020-01-30T16:11:41","modified_gmt":"2020-01-30T07:11:41","slug":"03091003000474","status":"publish","type":"post","link":"https:\/\/guide.fire-emblem-heroes.com\/it\/03091003000474\/","title":{"rendered":"<span class=\"character_nick\">Cavaliera fulgida<\/span><span class=\"character_name\">Altena<\/span>"},"content":{"rendered":"<main id=\"CHARA_182\" class=\"main_page character\">\r\n            <article>\r\n                <section class=\"sec sec_character\">\r\n                    <ul class=\"sec_ul sec_ul--character slick-box\">\r\n                        <li class=\"sec_li sec_li--character\">\r\n                            <img decoding=\"async\" src=\"https:\/\/guide.fire-emblem-heroes.com\/wp-content\/uploads\/altena_luminous_rider_slide01.png\" alt=\"\" \/>\r\n                        <\/li>\r\n                        <li class=\"sec_li sec_li--character\">\r\n                            <img decoding=\"async\" src=\"https:\/\/guide.fire-emblem-heroes.com\/wp-content\/uploads\/altena_luminous_rider_slide02.png\" alt=\"\" \/>\r\n                        <\/li>\r\n                        <li class=\"sec_li sec_li--character\">\r\n                            <img decoding=\"async\" src=\"https:\/\/guide.fire-emblem-heroes.com\/wp-content\/uploads\/altena_luminous_rider_slide03.png\" alt=\"\" \/>\r\n                        <\/li>\r\n                        <li class=\"sec_li sec_li--character\">\r\n                            <img decoding=\"async\" src=\"https:\/\/guide.fire-emblem-heroes.com\/wp-content\/uploads\/altena_luminous_rider_slide04.png\" alt=\"\" \/>\r\n                        <\/li>\r\n                    <\/ul>\r\n                    <div class=\"sec_charainfoarea flex\">\r\n                        <div class=\"sec_gif\"><img loading=\"lazy\" decoding=\"async\" src=\"https:\/\/guide.fire-emblem-heroes.com\/wp-content\/uploads\/altena_luminous_rider.png\" alt=\"\" width=\"210\" height=\"190\"\/><\/div>\r\n                        <div class=\"sec_charainfo\">\r\n                            <p id=\"CHARA_182_002\" class=\"sec_characate sec_characate--heroes\">Eroi<\/p>\r\n                            <p id=\"CHARA_182_003\" class=\"sec_charanick\">Cavaliera fulgida<\/p>\r\n                            <p id=\"CHARA_182_004\" class=\"sec_charaname\">Altena<\/p>\r\n                            <p id=\"CHARA_182_005\" class=\"sec_charaappearancetxt\">Appare in<\/p>\r\n                            <p id=\"CHARA_182_006\" class=\"sec_charaappearancetxt\">Fire Emblem: Genealogy of the Holy War<\/p>\r\n                        <\/div>\r\n                    <\/div>\r\n                <\/section>\r\n            <\/article>\r\n            <article>\r\n                <section class=\"sec sec_characterarea\">\r\n                    <div class=\"sec_h2chara\">\r\n                        <p id=\"CHARA_182_007\" class=\"sec_h2charattl\">Lascia che sia Sharena a presentarti!<\/p>\r\n                        <h2 id=\"CHARA_182_008\" class=\"sec_h2charatxt\">Cavaliera fulgida Altena<\/h2>\r\n                    <\/div>\r\n                    <dl class=\"sec_dl flex\">\r\n                        <dt id=\"CHARA_182_009\" class=\"sec_dt\">Ecco Altena, principessa di Thracia! Possiede l&#8217;abilit\u00e0 di brandire la lancia G\u00e1e Bolg, segno inequivocabile di un passato un po&#8217; complicato.<\/dt>\r\n                        <dd class=\"sec_dd\">\r\n                            <a href=\"https:\/\/guide.fire-emblem-heroes.com\/wp-content\/uploads\/altena_luminous_rider_pop01.png\" class=\"popup-image\">\r\n                                <img decoding=\"async\" src=\"https:\/\/guide.fire-emblem-heroes.com\/wp-content\/uploads\/altena_luminous_rider_info01.png\" alt=\"\" \/>\r\n                            <\/a>\r\n                        <\/dd>\r\n                        <dt id=\"CHARA_182_010\" class=\"sec_dt\">I veri genitori di Altena sono Quan, principe di Leonster, ed Ethlyn di Chalphy. Partiti per una missione destinata ad aiutare Sigurd con la giovanissima Altena al seguito, purtroppo morirono entrambi in un attacco.<\/dt>\r\n                        <dd class=\"sec_dd\">\r\n                            <a href=\"https:\/\/guide.fire-emblem-heroes.com\/wp-content\/uploads\/altena_luminous_rider_pop02.png\" class=\"popup-image\">\r\n                                <img decoding=\"async\" src=\"https:\/\/guide.fire-emblem-heroes.com\/wp-content\/uploads\/altena_luminous_rider_info02.png\" alt=\"\" \/>\r\n                            <\/a>\r\n                        <\/dd>\r\n                        <dt id=\"CHARA_182_011\" class=\"sec_dt\">Fu re Travant di Thracia a guidare l&#8217;imboscata in cui persero la vita i genitori di Altena. Il destino della ragazza prese un&#8217;altra strana piega quando Travant decise di prenderla con s\u00e9 e di allevarla come figlia.<\/dt>\r\n                        <dd class=\"sec_dd\">\r\n                            <a href=\"https:\/\/guide.fire-emblem-heroes.com\/wp-content\/uploads\/altena_luminous_rider_pop03.png\" class=\"popup-image\">\r\n                                <img decoding=\"async\" src=\"https:\/\/guide.fire-emblem-heroes.com\/wp-content\/uploads\/altena_luminous_rider_info03.png\" alt=\"\" \/>\r\n                            <\/a>\r\n                        <\/dd>\r\n                        <dt id=\"CHARA_182_012\" class=\"sec_dt\">Del tutto all&#8217;oscuro delle sue origini, Altena crebbe diventando una fiera cavaliera viverna. Ma quale strada sceglier\u00e0 quando scoprir\u00e0 la verit\u00e0 su quanto accadde tanti anni fa?<\/dt>\r\n                        <dd class=\"sec_dd\">\r\n                            <a href=\"https:\/\/guide.fire-emblem-heroes.com\/wp-content\/uploads\/altena_luminous_rider_pop04.png\" class=\"popup-image\">\r\n                                <img decoding=\"async\" src=\"https:\/\/guide.fire-emblem-heroes.com\/wp-content\/uploads\/altena_luminous_rider_info04.png\" alt=\"\" \/>\r\n                            <\/a>\r\n                        <\/dd>\r\n                    <\/dl>\r\n                    <h3 id=\"CHARA_182_013\" class=\"sec_h3charatxt\">Personaggi strettamente collegati<\/h3>\r\n                    <h4 id=\"CHARA_182_014\" class=\"sec_h4charatxt\">Travant<\/h4>\r\n                    <p id=\"CHARA_182_015\" class=\"sec_charatxt\">Re di Thracia e discendente del crociato D\u00e1inn. Vuole unificare l&#8217;intera penisola e impossessarsi delle fertili terre a nord. Cresce Altena come se fosse sua figlia.<\/p>\r\n                    <h4 id=\"CHARA_182_016\" class=\"sec_h4charatxt\">Quan<\/h4>\r\n                    <p id=\"CHARA_182_017\" class=\"sec_charatxt\">Lord di Leonster ed erede della lancia G\u00e1e Bolg, \u00e8 il marito di Ethlyn, sorella minore del suo caro amico Sigurd. \u00c8 il vero padre di Altena.<\/p>\r\n                    <h4 id=\"CHARA_182_018\" class=\"sec_h4charatxt\">Ethlyn<\/h4>\r\n                    <p id=\"CHARA_182_019\" class=\"sec_charatxt\">L&#8217;avventurosa sorella minore di Sigurd di Chalphy e moglie del principe Quan di Leonster, con il quale ha avuto un figlio e una figlia. Tiene molto alla famiglia. \u00c8 la vera madre di Altena.<\/p>\r\n                    <h4 id=\"CHARA_182_020\" class=\"sec_h4charatxt\">Leif<\/h4>\r\n                    <p id=\"CHARA_182_021\" class=\"sec_charatxt\">Figlio di Quan, era nascosto a Fiana, ma usc\u00ec allo scoperto dopo un attacco delle forze imperiali. \u00c8 il vero fratello di Altena.<\/p>\r\n                <\/section>\r\n            <\/article>\r\n        <\/main>","protected":false},"excerpt":{"rendered":"Eroi Cavaliera fulgida Altena Appare in Fire Emblem: Genealogy of the Holy War Lascia che sia Sharena a presentarti! Cavaliera fulgida Altena Ecco Altena, principessa di Thracia! Possiede l&#8217;abilit\u00e0 di brandire la lancia G\u00e1e Bolg, segno inequivocabile di un passato un po&#8217; complicato. I veri genitori di Altena sono Quan, principe di Leonster, ed Ethlyn [&hellip;]","protected":false},"author":1,"featured_media":15266,"comment_status":"closed","ping_status":"closed","sticky":false,"template":"","format":"standard","meta":{"advanced_seo_description":"","jetpack_seo_html_title":"","jetpack_seo_noindex":false,"_jetpack_newsletter_access":"","_jetpack_dont_email_post_to_subs":false,"_jetpack_newsletter_tier_id":0,"_jetpack_memberships_contains_paywalled_content":false,"_locale":"it_IT","_original_post":"15199","_jetpack_memberships_contains_paid_content":false,"footnotes":"","jetpack_publicize_message":"","jetpack_publicize_feature_enabled":true,"jetpack_social_post_already_shared":true,"jetpack_social_options":{"image_generator_settings":{"template":"highway","default_image_id":0,"font":"","enabled":false},"version":2},"_wpas_customize_per_network":false,"jetpack_post_was_ever_published":false},"categories":[1384,1436,1415,1390],"tags":[1420],"class_list":["post-15207","post","type-post","status-publish","format-standard","has-post-thumbnail","hentry","category-character","category-ex_works_genealogy_of_the_holy_war","category-heroes","category-stay_heroes","tag-eroi","it-IT"],"jetpack_publicize_connections":[],"jetpack_featured_media_url":"https:\/\/guide.fire-emblem-heroes.com\/wp-content\/uploads\/altena_luminous_rider.png","jetpack_sharing_enabled":false,"jetpack_shortlink":"https:\/\/wp.me\/pa0Mj3-3Xh","jetpack_likes_enabled":false,"amp_enabled":true,"_links":{"self":[{"href":"https:\/\/guide.fire-emblem-heroes.com\/wp-json\/wp\/v2\/posts\/15207","targetHints":{"allow":["GET"]}}],"collection":[{"href":"https:\/\/guide.fire-emblem-heroes.com\/wp-json\/wp\/v2\/posts"}],"about":[{"href":"https:\/\/guide.fire-emblem-heroes.com\/wp-json\/wp\/v2\/types\/post"}],"author":[{"embeddable":true,"href":"https:\/\/guide.fire-emblem-heroes.com\/wp-json\/wp\/v2\/users\/1"}],"replies":[{"embeddable":true,"href":"https:\/\/guide.fire-emblem-heroes.com\/wp-json\/wp\/v2\/comments?post=15207"}],"version-history":[{"count":1,"href":"https:\/\/guide.fire-emblem-heroes.com\/wp-json\/wp\/v2\/posts\/15207\/revisions"}],"predecessor-version":[{"id":15218,"href":"https:\/\/guide.fire-emblem-heroes.com\/wp-json\/wp\/v2\/posts\/15207\/revisions\/15218"}],"wp:featuredmedia":[{"embeddable":true,"href":"https:\/\/guide.fire-emblem-heroes.com\/wp-json\/wp\/v2\/media\/15266"}],"wp:attachment":[{"href":"https:\/\/guide.fire-emblem-heroes.com\/wp-json\/wp\/v2\/media?parent=15207"}],"wp:term":[{"taxonomy":"category","embeddable":true,"href":"https:\/\/guide.fire-emblem-heroes.com\/wp-json\/wp\/v2\/categories?post=15207"},{"taxonomy":"post_tag","embeddable":true,"href":"https:\/\/guide.fire-emblem-heroes.com\/wp-json\/wp\/v2\/tags?post=15207"}],"curies":[{"name":"wp","href":"https:\/\/api.w.org\/{rel}","templated":true}]}}