






{"id":16044,"date":"2020-02-13T12:24:18","date_gmt":"2020-02-13T03:24:18","guid":{"rendered":"https:\/\/guide.fire-emblem-heroes.com\/?p=16044"},"modified":"2020-03-06T14:22:31","modified_gmt":"2020-03-06T05:22:31","slug":"06011101000490-2","status":"publish","type":"post","link":"https:\/\/guide.fire-emblem-heroes.com\/it\/06011101000490-2\/","title":{"rendered":"<span class=\"character_nick\">Il lupo di Sacae<\/span><span class=\"character_name\">Rath<\/span>"},"content":{"rendered":"<main id=\"CHARA_200\" class=\"main_page character\">\r\n            <article>\r\n                <section class=\"sec sec_character\">\r\n                    <ul class=\"sec_ul sec_ul--character slick-box\">\r\n                        <li class=\"sec_li sec_li--character\">\r\n                            <img decoding=\"async\" src=\"https:\/\/guide.fire-emblem-heroes.com\/wp-content\/uploads\/rath_wolf_of_sacae_slide01.png\" alt=\"\" \/>\r\n                        <\/li>\r\n                        <li class=\"sec_li sec_li--character\">\r\n                            <img decoding=\"async\" src=\"https:\/\/guide.fire-emblem-heroes.com\/wp-content\/uploads\/rath_wolf_of_sacae_slide02.png\" alt=\"\" \/>\r\n                        <\/li>\r\n                        <li class=\"sec_li sec_li--character\">\r\n                            <img decoding=\"async\" src=\"https:\/\/guide.fire-emblem-heroes.com\/wp-content\/uploads\/rath_wolf_of_sacae_slide03.png\" alt=\"\" \/>\r\n                        <\/li>\r\n                        <li class=\"sec_li sec_li--character\">\r\n                            <img decoding=\"async\" src=\"https:\/\/guide.fire-emblem-heroes.com\/wp-content\/uploads\/rath_wolf_of_sacae_slide04.png\" alt=\"\" \/>\r\n                        <\/li>\r\n                    <\/ul>\r\n                    <div class=\"sec_charainfoarea flex\">\r\n                        <div class=\"sec_gif\"><img loading=\"lazy\" decoding=\"async\" src=\"https:\/\/guide.fire-emblem-heroes.com\/wp-content\/uploads\/rath_wolf_of_sacae.png\" alt=\"\" width=\"210\" height=\"190\"\/><\/div>\r\n                        <div class=\"sec_charainfo\">\r\n                            <p id=\"CHARA_200_002\" class=\"sec_characate sec_characate--heroes\">Eroi<\/p>\r\n                            <p id=\"CHARA_200_003\" class=\"sec_charanick\">Il lupo di Sacae<\/p>\r\n                            <p id=\"CHARA_200_004\" class=\"sec_charaname\">Rath<\/p>\r\n                            <p id=\"CHARA_200_005\" class=\"sec_charaappearancetxt\">Appare in<\/p>\r\n                            <p id=\"CHARA_200_006\" class=\"sec_charaappearancetxt\">Fire Emblem: The Blazing Blade<\/p>\r\n                        <\/div>\r\n                    <\/div>\r\n                <\/section>\r\n            <\/article>\r\n            <article>\r\n                <section class=\"sec sec_characterarea\">\r\n                    <div class=\"sec_h2chara\">\r\n                        <p id=\"CHARA_200_007\" class=\"sec_h2charattl\">Lascia che sia Sharena a presentarti!<\/p>\r\n                        <h2 id=\"CHARA_200_008\" class=\"sec_h2charatxt\">Il lupo di Sacae Rath<\/h2>\r\n                    <\/div>\r\n                    <dl class=\"sec_dl flex\">\r\n                        <dt id=\"CHARA_200_009\" class=\"sec_dt\">Noto per i suoi sguardi freddi e spassionati, Rath viene da Sacae nel continente di Elibe ed \u00e8 figlio del capo dei Kutolah, una delle tre grandi trib\u00f9 delle pianure.<\/dt>\r\n                        <dd class=\"sec_dd\">\r\n                            <a href=\"https:\/\/guide.fire-emblem-heroes.com\/wp-content\/uploads\/rath_wolf_of_sacae_pop01.png\" class=\"popup-image\">\r\n                                <img decoding=\"async\" src=\"https:\/\/guide.fire-emblem-heroes.com\/wp-content\/uploads\/rath_wolf_of_sacae_info01.png\" alt=\"\" \/>\r\n                            <\/a>\r\n                        <\/dd>\r\n                        <dt id=\"CHARA_200_010\" class=\"sec_dt\">Quando Rath era solo un bambino, l&#8217;indovino della trib\u00f9 ebbe un cattivo presagio prevedendo il suo futuro: una fiamma scura che minacciava di ridurre tutto in cenere. Rath fu bandito dal villaggio, e da quel momento in poi err\u00f2 da solo, alla ricerca di un modo per evitare la catastrofe.<\/dt>\r\n                        <dd class=\"sec_dd\">\r\n                            <a href=\"https:\/\/guide.fire-emblem-heroes.com\/wp-content\/uploads\/rath_wolf_of_sacae_pop02.png\" class=\"popup-image\">\r\n                                <img decoding=\"async\" src=\"https:\/\/guide.fire-emblem-heroes.com\/wp-content\/uploads\/rath_wolf_of_sacae_info02.png\" alt=\"\" \/>\r\n                            <\/a>\r\n                        <\/dd>\r\n                        <dt id=\"CHARA_200_011\" class=\"sec_dt\">Nel corso dei suoi viaggi, Rath crebbe fino a diventare un ragazzo forte. Poi, un giorno, incontr\u00f2 Lyn, un&#8217;altra nomade di Sacae, e si trov\u00f2 catapultato in una battaglia contro l&#8217;oscurit\u00e0 che minacciava il suo mondo!<\/dt>\r\n                        <dd class=\"sec_dd\">\r\n                            <a href=\"https:\/\/guide.fire-emblem-heroes.com\/wp-content\/uploads\/rath_wolf_of_sacae_pop03.png\" class=\"popup-image\">\r\n                                <img decoding=\"async\" src=\"https:\/\/guide.fire-emblem-heroes.com\/wp-content\/uploads\/rath_wolf_of_sacae_info03.png\" alt=\"\" \/>\r\n                            <\/a>\r\n                        <\/dd>\r\n                        <dt id=\"CHARA_200_012\" class=\"sec_dt\">Rath \u00e8 un tipo poco loquace, per usare un eufemismo, ma \u00e8 animato da un forte senso di convinzione. Quando si tratta di combattere, poi, \u00e8 come un&#8217;impetuosa tempesta che sferza il campo di battaglia!<\/dt>\r\n                        <dd class=\"sec_dd\">\r\n                            <a href=\"https:\/\/guide.fire-emblem-heroes.com\/wp-content\/uploads\/rath_wolf_of_sacae_pop04.png\" class=\"popup-image\">\r\n                                <img decoding=\"async\" src=\"https:\/\/guide.fire-emblem-heroes.com\/wp-content\/uploads\/rath_wolf_of_sacae_info04.png\" alt=\"\" \/>\r\n                            <\/a>\r\n                        <\/dd>\r\n                    <\/dl>\r\n                    <h3 id=\"CHARA_200_013\" class=\"sec_h3charatxt\">Personaggi strettamente collegati<\/h3>\r\n                    <h4 id=\"CHARA_200_014\" class=\"sec_h4charatxt\">Lyn<\/h4>\r\n                    <p id=\"CHARA_200_015\" class=\"sec_charatxt\">Nobile di Caelin il cui nome completo \u00e8 Lyndis, spera che i suoi doni esprimano tutti i sentimenti che normalmente non formula a parole. \u00c8 alleata di Rath e anche lei \u00e8 originaria di Sacae.<\/p>\r\n                    <h4 id=\"CHARA_200_016\" class=\"sec_h4charatxt\">Sue<\/h4>\r\n                    <p id=\"CHARA_200_017\" class=\"sec_charatxt\">Nipote di Dayan, il lupo d&#8217;argento, capo della trib\u00f9 dei Kutolah, Sue sente le voci del cielo e della terra e vive in armonia con la natura. \u00c8 la figlia di Rath.<\/p>\r\n                <\/section>\r\n            <\/article>\r\n        <\/main>","protected":false},"excerpt":{"rendered":"Eroi Il lupo di Sacae Rath Appare in Fire Emblem: The Blazing Blade Lascia che sia Sharena a presentarti! Il lupo di Sacae Rath Noto per i suoi sguardi freddi e spassionati, Rath viene da Sacae nel continente di Elibe ed \u00e8 figlio del capo dei Kutolah, una delle tre grandi trib\u00f9 delle pianure. Quando [&hellip;]","protected":false},"author":1,"featured_media":16211,"comment_status":"closed","ping_status":"closed","sticky":false,"template":"","format":"standard","meta":{"advanced_seo_description":"","jetpack_seo_html_title":"","jetpack_seo_noindex":false,"_jetpack_newsletter_access":"","_jetpack_dont_email_post_to_subs":false,"_jetpack_newsletter_tier_id":0,"_jetpack_memberships_contains_paywalled_content":false,"_locale":"it_IT","_original_post":"https:\/\/guide.fire-emblem-heroes.com\/?p=16035","_jetpack_memberships_contains_paid_content":false,"footnotes":"","jetpack_publicize_message":"","jetpack_publicize_feature_enabled":true,"jetpack_social_post_already_shared":true,"jetpack_social_options":{"image_generator_settings":{"template":"highway","default_image_id":0,"font":"","enabled":false},"version":2},"_wpas_customize_per_network":false,"jetpack_post_was_ever_published":false},"categories":[1384,1427,1415,1390],"tags":[1420],"class_list":["post-16044","post","type-post","status-publish","format-standard","has-post-thumbnail","hentry","category-character","category-ex_works_the_blazing_blade","category-heroes","category-stay_heroes","tag-eroi","it-IT"],"jetpack_publicize_connections":[],"jetpack_featured_media_url":"https:\/\/guide.fire-emblem-heroes.com\/wp-content\/uploads\/rath_wolf_of_sacae.png","jetpack_sharing_enabled":false,"jetpack_shortlink":"https:\/\/wp.me\/pa0Mj3-4aM","jetpack_likes_enabled":false,"amp_enabled":true,"_links":{"self":[{"href":"https:\/\/guide.fire-emblem-heroes.com\/wp-json\/wp\/v2\/posts\/16044","targetHints":{"allow":["GET"]}}],"collection":[{"href":"https:\/\/guide.fire-emblem-heroes.com\/wp-json\/wp\/v2\/posts"}],"about":[{"href":"https:\/\/guide.fire-emblem-heroes.com\/wp-json\/wp\/v2\/types\/post"}],"author":[{"embeddable":true,"href":"https:\/\/guide.fire-emblem-heroes.com\/wp-json\/wp\/v2\/users\/1"}],"replies":[{"embeddable":true,"href":"https:\/\/guide.fire-emblem-heroes.com\/wp-json\/wp\/v2\/comments?post=16044"}],"version-history":[{"count":1,"href":"https:\/\/guide.fire-emblem-heroes.com\/wp-json\/wp\/v2\/posts\/16044\/revisions"}],"predecessor-version":[{"id":16056,"href":"https:\/\/guide.fire-emblem-heroes.com\/wp-json\/wp\/v2\/posts\/16044\/revisions\/16056"}],"wp:featuredmedia":[{"embeddable":true,"href":"https:\/\/guide.fire-emblem-heroes.com\/wp-json\/wp\/v2\/media\/16211"}],"wp:attachment":[{"href":"https:\/\/guide.fire-emblem-heroes.com\/wp-json\/wp\/v2\/media?parent=16044"}],"wp:term":[{"taxonomy":"category","embeddable":true,"href":"https:\/\/guide.fire-emblem-heroes.com\/wp-json\/wp\/v2\/categories?post=16044"},{"taxonomy":"post_tag","embeddable":true,"href":"https:\/\/guide.fire-emblem-heroes.com\/wp-json\/wp\/v2\/tags?post=16044"}],"curies":[{"name":"wp","href":"https:\/\/api.w.org\/{rel}","templated":true}]}}