






{"id":16368,"date":"2020-02-25T13:40:10","date_gmt":"2020-02-25T04:40:10","guid":{"rendered":"https:\/\/guide.fire-emblem-heroes.com\/?p=16368"},"modified":"2020-02-26T14:21:16","modified_gmt":"2020-02-26T05:21:16","slug":"08049001000172-2","status":"publish","type":"post","link":"https:\/\/guide.fire-emblem-heroes.com\/it\/08049001000172-2\/","title":{"rendered":"<span class=\"character_nick\">L&#8217;oscuro generale<\/span><span class=\"character_name\">Cavaliere nero<\/span>"},"content":{"rendered":"<main id=\"CHARA_210\" class=\"main_page character\">\r\n            <article>\r\n                <section class=\"sec sec_character\">\r\n                    <ul class=\"sec_ul sec_ul--character slick-box\">\r\n                        <li class=\"sec_li sec_li--character\">\r\n                            <img decoding=\"async\" src=\"https:\/\/guide.fire-emblem-heroes.com\/wp-content\/uploads\/black_knight_sinister_general_slide01.png\" alt=\"\" \/>\r\n                        <\/li>\r\n                        <li class=\"sec_li sec_li--character\">\r\n                            <img decoding=\"async\" src=\"https:\/\/guide.fire-emblem-heroes.com\/wp-content\/uploads\/black_knight_sinister_general_slide02.png\" alt=\"\" \/>\r\n                        <\/li>\r\n                        <li class=\"sec_li sec_li--character\">\r\n                            <img decoding=\"async\" src=\"https:\/\/guide.fire-emblem-heroes.com\/wp-content\/uploads\/black_knight_sinister_general_slide03.png\" alt=\"\" \/>\r\n                        <\/li>\r\n                        <li class=\"sec_li sec_li--character\">\r\n                            <img decoding=\"async\" src=\"https:\/\/guide.fire-emblem-heroes.com\/wp-content\/uploads\/black_knight_sinister_general_slide04.png\" alt=\"\" \/>\r\n                        <\/li>\r\n                    <\/ul>\r\n                    <div class=\"sec_charainfoarea flex\">\r\n                        <div class=\"sec_gif\"><img loading=\"lazy\" decoding=\"async\" src=\"https:\/\/guide.fire-emblem-heroes.com\/wp-content\/uploads\/black_knight_sinister_general.png\" alt=\"\" width=\"210\" height=\"190\"\/><\/div>\r\n                        <div class=\"sec_charainfo\">\r\n                            <p id=\"CHARA_210_002\" class=\"sec_characate sec_characate--heroes\">Eroi<\/p>\r\n                            <p id=\"CHARA_210_003\" class=\"sec_charanick\">L&#8217;oscuro generale<\/p>\r\n                            <p id=\"CHARA_210_004\" class=\"sec_charaname\">Cavaliere nero<\/p>\r\n                            <p id=\"CHARA_210_005\" class=\"sec_charaappearancetxt\">Appare in<\/p>\r\n                            <p id=\"CHARA_210_006\" class=\"sec_charaappearancetxt\">Fire Emblem: Path of Radiance<\/p>\r\n                        <\/div>\r\n                    <\/div>\r\n                <\/section>\r\n            <\/article>\r\n            <article>\r\n                <section class=\"sec sec_characterarea\">\r\n                    <div class=\"sec_h2chara\">\r\n                        <p id=\"CHARA_210_007\" class=\"sec_h2charattl\">Lascia che sia Sharena a presentarti!<\/p>\r\n                        <h2 id=\"CHARA_210_008\" class=\"sec_h2charatxt\">L&#8217;oscuro generale Cavaliere nero<\/h2>\r\n                    <\/div>\r\n                    <dl class=\"sec_dl flex\">\r\n                        <dt id=\"CHARA_210_009\" class=\"sec_dt\">Il Cavaliere nero \u00e8 uno dei Quattro Cavalieri di Daein, un gruppo di generali d&#8217;\u00e9lite. Si dice che sia il pi\u00f9 forte e che porti con s\u00e9 la spada sacra Alondite.<\/dt>\r\n                        <dd class=\"sec_dd\">\r\n                            <a href=\"https:\/\/guide.fire-emblem-heroes.com\/wp-content\/uploads\/black_knight_sinister_general_pop01.png\" class=\"popup-image\">\r\n                                <img decoding=\"async\" src=\"https:\/\/guide.fire-emblem-heroes.com\/wp-content\/uploads\/black_knight_sinister_general_info01.png\" alt=\"\" \/>\r\n                            <\/a>\r\n                        <\/dd>\r\n                        <dt id=\"CHARA_210_010\" class=\"sec_dt\">E cos&#8217;\u00e8 un cavaliere nero senza un&#8217;armatura nera? Mi hanno detto che la sua armatura \u00e8 stata benedetta con una protezione divina che devia tutti gli attacchi\u2026 Non vorrei ritrovarmi nel bel mezzo di un combattimento contro di lui!<\/dt>\r\n                        <dd class=\"sec_dd\">\r\n                            <a href=\"https:\/\/guide.fire-emblem-heroes.com\/wp-content\/uploads\/black_knight_sinister_general_pop02.png\" class=\"popup-image\">\r\n                                <img decoding=\"async\" src=\"https:\/\/guide.fire-emblem-heroes.com\/wp-content\/uploads\/black_knight_sinister_general_info02.png\" alt=\"\" \/>\r\n                            <\/a>\r\n                        <\/dd>\r\n                        <dt id=\"CHARA_210_011\" class=\"sec_dt\">Forse \u00e8 per questo che non si toglie mai l&#8217;armatura. Solo pochi sanno che aspetto ha e conoscono qualche dettaglio del suo passato. Eppure sembra che lui conosca Greil dei Mercenari di Greil.<\/dt>\r\n                        <dd class=\"sec_dd\">\r\n                            <a href=\"https:\/\/guide.fire-emblem-heroes.com\/wp-content\/uploads\/black_knight_sinister_general_pop03.png\" class=\"popup-image\">\r\n                                <img decoding=\"async\" src=\"https:\/\/guide.fire-emblem-heroes.com\/wp-content\/uploads\/black_knight_sinister_general_info03.png\" alt=\"\" \/>\r\n                            <\/a>\r\n                        <\/dd>\r\n                        <dt id=\"CHARA_210_012\" class=\"sec_dt\">Il Cavaliere nero \u00e8 davvero un enigma, ma quando si tratta di combattere, il suo talento \u00e8 un libro aperto. Spero che ci sia un modo per farlo rimanere con noi!<\/dt>\r\n                        <dd class=\"sec_dd\">\r\n                            <a href=\"https:\/\/guide.fire-emblem-heroes.com\/wp-content\/uploads\/black_knight_sinister_general_pop04.png\" class=\"popup-image\">\r\n                                <img decoding=\"async\" src=\"https:\/\/guide.fire-emblem-heroes.com\/wp-content\/uploads\/black_knight_sinister_general_info04.png\" alt=\"\" \/>\r\n                            <\/a>\r\n                        <\/dd>\r\n                    <\/dl>\r\n                    <h3 id=\"CHARA_210_013\" class=\"sec_h3charatxt\">Personaggi strettamente collegati<\/h3>\r\n                    <h4 id=\"CHARA_210_014\" class=\"sec_h4charatxt\">Greil<\/h4>\r\n                    <p id=\"CHARA_210_015\" class=\"sec_charatxt\">Il primo capo dei Mercenari di Greil. Padre di Ike e Mist. Rincontrer\u00e0 la sua famiglia alla Festa dell&#8217;amore. \u00c8 lui ad aver insegnato al Cavaliere nero a usare la spada.<\/p>\r\n                    <h4 id=\"CHARA_210_016\" class=\"sec_h4charatxt\">Ike<\/h4>\r\n                    <p id=\"CHARA_210_017\" class=\"sec_charatxt\">Un giovane gentile ma stoico che ha assunto il comando della banda di mercenari del padre. \u00c8 un degno avversario agli occhi del Cavaliere nero.<\/p>\r\n                <\/section>\r\n            <\/article>\r\n        <\/main>","protected":false},"excerpt":{"rendered":"Eroi L&#8217;oscuro generale Cavaliere nero Appare in Fire Emblem: Path of Radiance Lascia che sia Sharena a presentarti! L&#8217;oscuro generale Cavaliere nero Il Cavaliere nero \u00e8 uno dei Quattro Cavalieri di Daein, un gruppo di generali d&#8217;\u00e9lite. Si dice che sia il pi\u00f9 forte e che porti con s\u00e9 la spada sacra Alondite. E cos&#8217;\u00e8 [&hellip;]","protected":false},"author":1,"featured_media":16394,"comment_status":"closed","ping_status":"closed","sticky":false,"template":"","format":"standard","meta":{"advanced_seo_description":"","jetpack_seo_html_title":"","jetpack_seo_noindex":false,"_jetpack_newsletter_access":"","_jetpack_dont_email_post_to_subs":false,"_jetpack_newsletter_tier_id":0,"_jetpack_memberships_contains_paywalled_content":false,"_locale":"it_IT","_original_post":"https:\/\/guide.fire-emblem-heroes.com\/?p=16359","_jetpack_memberships_contains_paid_content":false,"footnotes":"","jetpack_publicize_message":"","jetpack_publicize_feature_enabled":true,"jetpack_social_post_already_shared":true,"jetpack_social_options":{"image_generator_settings":{"template":"highway","default_image_id":0,"font":"","enabled":false},"version":2},"_wpas_customize_per_network":false,"jetpack_post_was_ever_published":false},"categories":[1384,1415,1429,1390],"tags":[1420],"class_list":["post-16368","post","type-post","status-publish","format-standard","has-post-thumbnail","hentry","category-character","category-heroes","category-ex_works_path_of_radiance","category-stay_heroes","tag-eroi","it-IT"],"jetpack_publicize_connections":[],"jetpack_featured_media_url":"https:\/\/guide.fire-emblem-heroes.com\/wp-content\/uploads\/black_knight_sinister_general.png","jetpack_sharing_enabled":false,"jetpack_shortlink":"https:\/\/wp.me\/pa0Mj3-4g0","jetpack_likes_enabled":false,"amp_enabled":true,"_links":{"self":[{"href":"https:\/\/guide.fire-emblem-heroes.com\/wp-json\/wp\/v2\/posts\/16368","targetHints":{"allow":["GET"]}}],"collection":[{"href":"https:\/\/guide.fire-emblem-heroes.com\/wp-json\/wp\/v2\/posts"}],"about":[{"href":"https:\/\/guide.fire-emblem-heroes.com\/wp-json\/wp\/v2\/types\/post"}],"author":[{"embeddable":true,"href":"https:\/\/guide.fire-emblem-heroes.com\/wp-json\/wp\/v2\/users\/1"}],"replies":[{"embeddable":true,"href":"https:\/\/guide.fire-emblem-heroes.com\/wp-json\/wp\/v2\/comments?post=16368"}],"version-history":[{"count":1,"href":"https:\/\/guide.fire-emblem-heroes.com\/wp-json\/wp\/v2\/posts\/16368\/revisions"}],"predecessor-version":[{"id":16377,"href":"https:\/\/guide.fire-emblem-heroes.com\/wp-json\/wp\/v2\/posts\/16368\/revisions\/16377"}],"wp:featuredmedia":[{"embeddable":true,"href":"https:\/\/guide.fire-emblem-heroes.com\/wp-json\/wp\/v2\/media\/16394"}],"wp:attachment":[{"href":"https:\/\/guide.fire-emblem-heroes.com\/wp-json\/wp\/v2\/media?parent=16368"}],"wp:term":[{"taxonomy":"category","embeddable":true,"href":"https:\/\/guide.fire-emblem-heroes.com\/wp-json\/wp\/v2\/categories?post=16368"},{"taxonomy":"post_tag","embeddable":true,"href":"https:\/\/guide.fire-emblem-heroes.com\/wp-json\/wp\/v2\/tags?post=16368"}],"curies":[{"name":"wp","href":"https:\/\/api.w.org\/{rel}","templated":true}]}}