






{"id":16771,"date":"2020-03-16T13:08:22","date_gmt":"2020-03-16T04:08:22","guid":{"rendered":"https:\/\/guide.fire-emblem-heroes.com\/?p=16771"},"modified":"2020-04-17T16:03:10","modified_gmt":"2020-04-17T07:03:10","slug":"05005004000501-2","status":"publish","type":"post","link":"https:\/\/guide.fire-emblem-heroes.com\/it\/05005004000501-2\/","title":{"rendered":"<span class=\"character_nick\">Il generale vivace<\/span><span class=\"character_name\">Narcian<\/span>"},"content":{"rendered":"<main id=\"CHARA_219\" class=\"main_page character\">\r\n    <article>\r\n        <section class=\"sec sec_character\">\r\n            <ul class=\"sec_ul sec_ul--character slick-box\">\r\n                <li class=\"sec_li sec_li--character\">\r\n                    <img decoding=\"async\" src=\"https:\/\/guide.fire-emblem-heroes.com\/wp-content\/uploads\/nacien_vernal_general_slide01.png\" alt=\"\" \/>\r\n                <\/li>\r\n                <li class=\"sec_li sec_li--character\">\r\n                    <img decoding=\"async\" src=\"https:\/\/guide.fire-emblem-heroes.com\/wp-content\/uploads\/nacien_vernal_general_slide02.png\" alt=\"\" \/>\r\n                <\/li>\r\n                <li class=\"sec_li sec_li--character\">\r\n                    <img decoding=\"async\" src=\"https:\/\/guide.fire-emblem-heroes.com\/wp-content\/uploads\/nacien_vernal_general_slide03.png\" alt=\"\" \/>\r\n                <\/li>\r\n                <li class=\"sec_li sec_li--character\">\r\n                    <img decoding=\"async\" src=\"https:\/\/guide.fire-emblem-heroes.com\/wp-content\/uploads\/nacien_vernal_general_slide04.png\" alt=\"\" \/>\r\n                <\/li>\r\n            <\/ul>\r\n            <div class=\"sec_charainfoarea flex\">\r\n                <div class=\"sec_gif\"><img loading=\"lazy\" decoding=\"async\" src=\"https:\/\/guide.fire-emblem-heroes.com\/wp-content\/uploads\/nacien_vernal_general.png\" alt=\"\" width=\"210\" height=\"190\" \/><\/div>\r\n                <div class=\"sec_charainfo\">\r\n                    <p id=\"CHARA_219_002\" class=\"sec_characate sec_characate--special_heroes\">Eroi speciali<\/p>\r\n                    <p id=\"CHARA_219_003\" class=\"sec_charanick\">Il generale vivace<\/p>\r\n                    <p id=\"CHARA_219_004\" class=\"sec_charaname\">Narcian<\/p>\r\n                    <p id=\"CHARA_219_005\" class=\"sec_charaappearancetxt\">Appare in<\/p>\r\n                    <p id=\"CHARA_219_006\" class=\"sec_charaappearancetxt\">Fire Emblem: The Binding Blade<\/p>\r\n                <\/div>\r\n            <\/div>\r\n        <\/section>\r\n    <\/article>\r\n    <article>\r\n        <section class=\"sec sec_characterarea\">\r\n            <div class=\"sec_h2chara\">\r\n                <p id=\"CHARA_219_007\" class=\"sec_h2charattl\">Lascia che sia Sharena a presentarti!<\/p>\r\n                <h2 id=\"CHARA_219_008\" class=\"sec_h2charatxt\">Il generale vivace Narcian<\/h2>\r\n            <\/div>\r\n            <dl class=\"sec_dl flex\">\r\n                <dt id=\"CHARA_219_009\" class=\"sec_dt\">Ehiii! Ma chi \u00e8? Aspetta, lo so chi \u00e8! \u00c8 Narcian, vestito di tutto punto per la Festa di primavera! Scusate\u2026 \u00c8 solo che non mi sarei mai aspettata di vederlo cos\u00ec\u2026<\/dt>\r\n                <dd class=\"sec_dd\">\r\n                    <a href=\"https:\/\/guide.fire-emblem-heroes.com\/wp-content\/uploads\/nacien_vernal_general_pop01.png\" class=\"popup-image\">\r\n                        <img decoding=\"async\" src=\"https:\/\/guide.fire-emblem-heroes.com\/wp-content\/uploads\/nacien_vernal_general_info01.png\" alt=\"\" \/>\r\n                    <\/a>\r\n                <\/dd>\r\n                <dt id=\"CHARA_219_010\" class=\"sec_dt\">Sapete, questo completo \u00e8 in linea con la predilezione di Narcian per le cose pi\u00f9 raffinate della vita. Il mantello di chiffon e le maniche a sbuffo sono davvero eleganti, non \u00e8 vero?<\/dt>\r\n                <dd class=\"sec_dd\">\r\n                    <a href=\"https:\/\/guide.fire-emblem-heroes.com\/wp-content\/uploads\/nacien_vernal_general_pop02.png\" class=\"popup-image\">\r\n                        <img decoding=\"async\" src=\"https:\/\/guide.fire-emblem-heroes.com\/wp-content\/uploads\/nacien_vernal_general_info02.png\" alt=\"\" \/>\r\n                    <\/a>\r\n                <\/dd>\r\n                <dt id=\"CHARA_219_011\" class=\"sec_dt\">L&#8217;arma, invece, richiama un altro aspetto della sua personalit\u00e0: l&#8217;inseguimento ossessivo delle sue prede. Si pu\u00f2 correre quanto vuole, ma non c&#8217;\u00e8 scampo da forcone gigante!<\/dt>\r\n                <dd class=\"sec_dd\">\r\n                    <a href=\"https:\/\/guide.fire-emblem-heroes.com\/wp-content\/uploads\/nacien_vernal_general_pop03.png\" class=\"popup-image\">\r\n                        <img decoding=\"async\" src=\"https:\/\/guide.fire-emblem-heroes.com\/wp-content\/uploads\/nacien_vernal_general_info03.png\" alt=\"\" \/>\r\n                    <\/a>\r\n                <\/dd>\r\n                <dt id=\"CHARA_219_012\" class=\"sec_dt\">Sembra che Narcian sia qui per surclassare tutti gli altri alla Festa di primavera. Spero solo che non si faccia prendere troppo la mano e finisca per far mandare tutto a rotoli\u2026 Incrociamo le dita!<\/dt>\r\n                <dd class=\"sec_dd\">\r\n                    <a href=\"https:\/\/guide.fire-emblem-heroes.com\/wp-content\/uploads\/nacien_vernal_general_pop04.png\" class=\"popup-image\">\r\n                        <img decoding=\"async\" src=\"https:\/\/guide.fire-emblem-heroes.com\/wp-content\/uploads\/nacien_vernal_general_info04.png\" alt=\"\" \/>\r\n                    <\/a>\r\n                <\/dd>\r\n            <\/dl>\r\n            <h3 id=\"CHARA_219_013\" class=\"sec_h3charatxt\">Personaggi strettamente collegati<\/h3>\r\n            <h4 id=\"CHARA_219_014\" class=\"sec_h4charatxt\">Zephiel<\/h4>\r\n            <p id=\"CHARA_219_015\" class=\"sec_charatxt\">Re di Biran. Amareggiato e disilluso nei confronti dell&#8217;umanit\u00e0, vorrebbe che il suo mondo fosse dominato dai draghi. \u00c8 il signore di Narcian.<\/p>\r\n        <\/section>\r\n    <\/article>\r\n<\/main>","protected":false},"excerpt":{"rendered":"Eroi speciali Il generale vivace Narcian Appare in Fire Emblem: The Binding Blade Lascia che sia Sharena a presentarti! Il generale vivace Narcian Ehiii! Ma chi \u00e8? Aspetta, lo so chi \u00e8! \u00c8 Narcian, vestito di tutto punto per la Festa di primavera! Scusate\u2026 \u00c8 solo che non mi sarei mai aspettata di vederlo cos\u00ec\u2026 [&hellip;]","protected":false},"author":1,"featured_media":16869,"comment_status":"closed","ping_status":"closed","sticky":false,"template":"","format":"standard","meta":{"advanced_seo_description":"","jetpack_seo_html_title":"","jetpack_seo_noindex":false,"_jetpack_newsletter_access":"","_jetpack_dont_email_post_to_subs":false,"_jetpack_newsletter_tier_id":0,"_jetpack_memberships_contains_paywalled_content":false,"_locale":"it_IT","_original_post":"https:\/\/guide.fire-emblem-heroes.com\/?p=16762","_jetpack_memberships_contains_paid_content":false,"footnotes":"","jetpack_publicize_message":"","jetpack_publicize_feature_enabled":true,"jetpack_social_post_already_shared":true,"jetpack_social_options":{"image_generator_settings":{"template":"highway","default_image_id":0,"font":"","enabled":false},"version":2},"_wpas_customize_per_network":false,"jetpack_post_was_ever_published":false},"categories":[1384,1405,1426,1390],"tags":[1411],"class_list":["post-16771","post","type-post","status-publish","format-standard","has-post-thumbnail","hentry","category-character","category-special_heroes","category-ex_works_the_binding_blade","category-stay_heroes","tag-eroi-speciali","it-IT"],"jetpack_publicize_connections":[],"jetpack_featured_media_url":"https:\/\/guide.fire-emblem-heroes.com\/wp-content\/uploads\/nacien_vernal_general.png","jetpack_sharing_enabled":false,"jetpack_shortlink":"https:\/\/wp.me\/pa0Mj3-4mv","jetpack_likes_enabled":false,"amp_enabled":true,"_links":{"self":[{"href":"https:\/\/guide.fire-emblem-heroes.com\/wp-json\/wp\/v2\/posts\/16771","targetHints":{"allow":["GET"]}}],"collection":[{"href":"https:\/\/guide.fire-emblem-heroes.com\/wp-json\/wp\/v2\/posts"}],"about":[{"href":"https:\/\/guide.fire-emblem-heroes.com\/wp-json\/wp\/v2\/types\/post"}],"author":[{"embeddable":true,"href":"https:\/\/guide.fire-emblem-heroes.com\/wp-json\/wp\/v2\/users\/1"}],"replies":[{"embeddable":true,"href":"https:\/\/guide.fire-emblem-heroes.com\/wp-json\/wp\/v2\/comments?post=16771"}],"version-history":[{"count":1,"href":"https:\/\/guide.fire-emblem-heroes.com\/wp-json\/wp\/v2\/posts\/16771\/revisions"}],"predecessor-version":[{"id":16782,"href":"https:\/\/guide.fire-emblem-heroes.com\/wp-json\/wp\/v2\/posts\/16771\/revisions\/16782"}],"wp:featuredmedia":[{"embeddable":true,"href":"https:\/\/guide.fire-emblem-heroes.com\/wp-json\/wp\/v2\/media\/16869"}],"wp:attachment":[{"href":"https:\/\/guide.fire-emblem-heroes.com\/wp-json\/wp\/v2\/media?parent=16771"}],"wp:term":[{"taxonomy":"category","embeddable":true,"href":"https:\/\/guide.fire-emblem-heroes.com\/wp-json\/wp\/v2\/categories?post=16771"},{"taxonomy":"post_tag","embeddable":true,"href":"https:\/\/guide.fire-emblem-heroes.com\/wp-json\/wp\/v2\/tags?post=16771"}],"curies":[{"name":"wp","href":"https:\/\/api.w.org\/{rel}","templated":true}]}}