






{"id":19075,"date":"2020-06-16T11:49:03","date_gmt":"2020-06-16T02:49:03","guid":{"rendered":"https:\/\/guide.fire-emblem-heroes.com\/?p=19075"},"modified":"2020-07-20T16:02:29","modified_gmt":"2020-07-20T07:02:29","slug":"07003003000532-2","status":"publish","type":"post","link":"https:\/\/guide.fire-emblem-heroes.com\/it\/07003003000532-2\/","title":{"rendered":"<span class=\"character_nick\">Fluorite arenosa<\/span><span class=\"character_name\">Selena<\/span>"},"content":{"rendered":"<main id=\"CHARA_266\" class=\"main_page character\">\r\n            <article>\r\n                <section class=\"sec sec_character\">\r\n                    <ul class=\"sec_ul sec_ul--character slick-box\">\r\n                        <li class=\"sec_li sec_li--character\">\r\n                            <img decoding=\"async\" src=\"https:\/\/guide.fire-emblem-heroes.com\/wp-content\/uploads\/celina_sandbar_fluorspar_slide01.png\" alt=\"\" \/>\r\n                        <\/li>\r\n                        <li class=\"sec_li sec_li--character\">\r\n                            <img decoding=\"async\" src=\"https:\/\/guide.fire-emblem-heroes.com\/wp-content\/uploads\/celina_sandbar_fluorspar_slide02.png\" alt=\"\" \/>\r\n                        <\/li>\r\n                        <li class=\"sec_li sec_li--character\">\r\n                            <img decoding=\"async\" src=\"https:\/\/guide.fire-emblem-heroes.com\/wp-content\/uploads\/celina_sandbar_fluorspar_slide03.png\" alt=\"\" \/>\r\n                        <\/li>\r\n                        <li class=\"sec_li sec_li--character\">\r\n                            <img decoding=\"async\" src=\"https:\/\/guide.fire-emblem-heroes.com\/wp-content\/uploads\/celina_sandbar_fluorspar_slide04.png\" alt=\"\" \/>\r\n                        <\/li>\r\n                    <\/ul>\r\n                    <div class=\"sec_charainfoarea flex\">\r\n                        <div class=\"sec_gif\"><img loading=\"lazy\" decoding=\"async\" src=\"https:\/\/guide.fire-emblem-heroes.com\/wp-content\/uploads\/celina_sandbar_fluorspar.png\" alt=\"\" width=\"210\" height=\"190\"\/><\/div>\r\n                        <div class=\"sec_charainfo\">\r\n                            <p id=\"CHARA_266_002\" class=\"sec_characate sec_characate--special_heroes\">Eroi speciali<\/p>\r\n                            <p id=\"CHARA_266_003\" class=\"sec_charanick\">Fluorite arenosa<\/p>\r\n                            <p id=\"CHARA_266_004\" class=\"sec_charaname\">Selena<\/p>\r\n                            <p id=\"CHARA_266_005\" class=\"sec_charaappearancetxt\">Appare in<\/p>\r\n                            <p id=\"CHARA_266_006\" class=\"sec_charaappearancetxt\">Fire Emblem: The Sacred Stones<\/p>\r\n                        <\/div>\r\n                    <\/div>\r\n                <\/section>\r\n            <\/article>\r\n            <article>\r\n                <section class=\"sec sec_characterarea\">\r\n                    <div class=\"sec_h2chara\">\r\n                        <p id=\"CHARA_266_007\" class=\"sec_h2charattl\">Lascia che sia Sharena a presentarti!<\/p>\r\n                        <h2 id=\"CHARA_266_008\" class=\"sec_h2charatxt\">Fluorite arenosa Selena<\/h2>\r\n                    <\/div>\r\n                    <dl class=\"sec_dl flex\">\r\n                        <dt id=\"CHARA_266_009\" class=\"sec_dt\">Diretta alla volta di Askr, ecco Selena, una dei sei Generali imperiali di Graze! \u00c8 un ufficiale di alto rango decisamente leale, che alcuni chiamano anche Fluorite.<\/dt>\r\n                        <dd class=\"sec_dd\">\r\n                            <a href=\"https:\/\/guide.fire-emblem-heroes.com\/wp-content\/uploads\/celina_sandbar_fluorspar_pop01.png\" class=\"popup-image\">\r\n                                <img decoding=\"async\" src=\"https:\/\/guide.fire-emblem-heroes.com\/wp-content\/uploads\/celina_sandbar_fluorspar_info01.png\" alt=\"\" \/>\r\n                            <\/a>\r\n                        <\/dd>\r\n                        <dt id=\"CHARA_266_010\" class=\"sec_dt\">Nata in un villaggio impoverito che doveva la sua sopravvivenza a un atto di gentilezza dell&#8217;imperatore Vigarde di Graze, Selena divenne cavaliera per servirlo e ripagare cos\u00ec la sua buona azione. La sua dedizione era tale che alla fine entr\u00f2 a far parte del trio imperiale!<\/dt>\r\n                        <dd class=\"sec_dd\">\r\n                            <a href=\"https:\/\/guide.fire-emblem-heroes.com\/wp-content\/uploads\/celina_sandbar_fluorspar_pop02.png\" class=\"popup-image\">\r\n                                <img decoding=\"async\" src=\"https:\/\/guide.fire-emblem-heroes.com\/wp-content\/uploads\/celina_sandbar_fluorspar_info02.png\" alt=\"\" \/>\r\n                            <\/a>\r\n                        <\/dd>\r\n                        <dt id=\"CHARA_266_011\" class=\"sec_dt\">Pare che le sia stata concessa una licenza per una vacanza, il che spiega il suo aspetto: non penserete mica che i generali di Graze se ne vadano sempre a zonzo in costume da bagno?! Comunque sia&#8230; non \u00e8 bellissima?<\/dt>\r\n                        <dd class=\"sec_dd\">\r\n                            <a href=\"https:\/\/guide.fire-emblem-heroes.com\/wp-content\/uploads\/celina_sandbar_fluorspar_pop03.png\" class=\"popup-image\">\r\n                                <img decoding=\"async\" src=\"https:\/\/guide.fire-emblem-heroes.com\/wp-content\/uploads\/celina_sandbar_fluorspar_info03.png\" alt=\"\" \/>\r\n                            <\/a>\r\n                        <\/dd>\r\n                        <dt id=\"CHARA_266_012\" class=\"sec_dt\">Anche quando Vigarde cedette a un tragico destino, la lealt\u00e0 di Selena non vacill\u00f2 e lei continu\u00f2 a lottare per l&#8217;imperatore fino alla fine. Spero che il suo spirito cavalleresco brilli con altrettanto splendore sotto il sole askriano!<\/dt>\r\n                        <dd class=\"sec_dd\">\r\n                            <a href=\"https:\/\/guide.fire-emblem-heroes.com\/wp-content\/uploads\/celina_sandbar_fluorspar_pop04.png\" class=\"popup-image\">\r\n                                <img decoding=\"async\" src=\"https:\/\/guide.fire-emblem-heroes.com\/wp-content\/uploads\/celina_sandbar_fluorspar_info04.png\" alt=\"\" \/>\r\n                            <\/a>\r\n                        <\/dd>\r\n                    <\/dl>\r\n                    <h3 id=\"CHARA_266_013\" class=\"sec_h3charatxt\">Personaggi strettamente collegati<\/h3>\r\n                    <h4 id=\"CHARA_266_014\" class=\"sec_h4charatxt\">Myrrh<\/h4>\r\n                    <p id=\"CHARA_266_015\" class=\"sec_charatxt\">Una timida manakete ben pi\u00f9 vecchia di quanto il suo aspetto suggerisca. \u00c8 stranamente molto legata a Ephraim. Fu imprigionata dall&#8217;impero di Graze per poi per\u00f2 essere liberata da Selena.<\/p>\r\n                    <h4 id=\"CHARA_266_016\" class=\"sec_h4charatxt\">Ephraim<\/h4>\r\n                    <p id=\"CHARA_266_017\" class=\"sec_charatxt\">Principe di Renais e gemello di Erika. Molto devoto a sua sorella. A volte la sua esuberanza lo ha messo in pericolo. Dopo aver liberato Myrrh, Selena gli affida il suo destino.<\/p>\r\n                <\/section>\r\n            <\/article>\r\n        <\/main>","protected":false},"excerpt":{"rendered":"Eroi speciali Fluorite arenosa Selena Appare in Fire Emblem: The Sacred Stones Lascia che sia Sharena a presentarti! Fluorite arenosa Selena Diretta alla volta di Askr, ecco Selena, una dei sei Generali imperiali di Graze! \u00c8 un ufficiale di alto rango decisamente leale, che alcuni chiamano anche Fluorite. Nata in un villaggio impoverito che doveva [&hellip;]","protected":false},"author":1,"featured_media":19144,"comment_status":"closed","ping_status":"closed","sticky":false,"template":"","format":"standard","meta":{"advanced_seo_description":"","jetpack_seo_html_title":"","jetpack_seo_noindex":false,"_jetpack_newsletter_access":"","_jetpack_dont_email_post_to_subs":false,"_jetpack_newsletter_tier_id":0,"_jetpack_memberships_contains_paywalled_content":false,"_locale":"it_IT","_original_post":"https:\/\/guide.fire-emblem-heroes.com\/?p=19066","_jetpack_memberships_contains_paid_content":false,"footnotes":"","jetpack_publicize_message":"","jetpack_publicize_feature_enabled":true,"jetpack_social_post_already_shared":true,"jetpack_social_options":{"image_generator_settings":{"template":"highway","default_image_id":0,"font":"","enabled":false},"version":2},"_wpas_customize_per_network":false,"jetpack_post_was_ever_published":false},"categories":[1384,1428,1405,1390],"tags":[1411],"class_list":["post-19075","post","type-post","status-publish","format-standard","has-post-thumbnail","hentry","category-character","category-ex_works_the_sacred_stones","category-special_heroes","category-stay_heroes","tag-eroi-speciali","it-IT"],"jetpack_publicize_connections":[],"jetpack_featured_media_url":"https:\/\/guide.fire-emblem-heroes.com\/wp-content\/uploads\/celina_sandbar_fluorspar.png","jetpack_sharing_enabled":false,"jetpack_shortlink":"https:\/\/wp.me\/pa0Mj3-4XF","jetpack_likes_enabled":false,"amp_enabled":true,"_links":{"self":[{"href":"https:\/\/guide.fire-emblem-heroes.com\/wp-json\/wp\/v2\/posts\/19075","targetHints":{"allow":["GET"]}}],"collection":[{"href":"https:\/\/guide.fire-emblem-heroes.com\/wp-json\/wp\/v2\/posts"}],"about":[{"href":"https:\/\/guide.fire-emblem-heroes.com\/wp-json\/wp\/v2\/types\/post"}],"author":[{"embeddable":true,"href":"https:\/\/guide.fire-emblem-heroes.com\/wp-json\/wp\/v2\/users\/1"}],"replies":[{"embeddable":true,"href":"https:\/\/guide.fire-emblem-heroes.com\/wp-json\/wp\/v2\/comments?post=19075"}],"version-history":[{"count":1,"href":"https:\/\/guide.fire-emblem-heroes.com\/wp-json\/wp\/v2\/posts\/19075\/revisions"}],"predecessor-version":[{"id":19088,"href":"https:\/\/guide.fire-emblem-heroes.com\/wp-json\/wp\/v2\/posts\/19075\/revisions\/19088"}],"wp:featuredmedia":[{"embeddable":true,"href":"https:\/\/guide.fire-emblem-heroes.com\/wp-json\/wp\/v2\/media\/19144"}],"wp:attachment":[{"href":"https:\/\/guide.fire-emblem-heroes.com\/wp-json\/wp\/v2\/media?parent=19075"}],"wp:term":[{"taxonomy":"category","embeddable":true,"href":"https:\/\/guide.fire-emblem-heroes.com\/wp-json\/wp\/v2\/categories?post=19075"},{"taxonomy":"post_tag","embeddable":true,"href":"https:\/\/guide.fire-emblem-heroes.com\/wp-json\/wp\/v2\/tags?post=19075"}],"curies":[{"name":"wp","href":"https:\/\/api.w.org\/{rel}","templated":true}]}}