






{"id":20376,"date":"2020-08-14T10:58:16","date_gmt":"2020-08-14T01:58:16","guid":{"rendered":"https:\/\/guide.fire-emblem-heroes.com\/?p=20376"},"modified":"2022-07-06T12:39:06","modified_gmt":"2022-07-06T03:39:06","slug":"12002001000556-2","status":"publish","type":"post","link":"https:\/\/guide.fire-emblem-heroes.com\/it\/12002001000556-2\/","title":{"rendered":"<span class=\"character_nick\">Imperatrice adrestiana<\/span><span class=\"character_name\">Edelgard<\/span>"},"content":{"rendered":"<main id=\"CHARA_299\" class=\"main_page character\">\r\n            <article>\r\n                <section class=\"sec sec_character\">\r\n                    <ul class=\"sec_ul sec_ul--character slick-box\">\r\n                        <li class=\"sec_li sec_li--character\">\r\n                            <img decoding=\"async\" src=\"https:\/\/guide.fire-emblem-heroes.com\/wp-content\/uploads\/edelgard_adrestian_emperor_slide01.png\" alt=\"\" \/>\r\n                        <\/li>\r\n                        <li class=\"sec_li sec_li--character\">\r\n                            <img decoding=\"async\" src=\"https:\/\/guide.fire-emblem-heroes.com\/wp-content\/uploads\/edelgard_adrestian_emperor_slide02.png\" alt=\"\" \/>\r\n                        <\/li>\r\n                        <li class=\"sec_li sec_li--character\">\r\n                            <img decoding=\"async\" src=\"https:\/\/guide.fire-emblem-heroes.com\/wp-content\/uploads\/edelgard_adrestian_emperor_slide03.png\" alt=\"\" \/>\r\n                        <\/li>\r\n                        <li class=\"sec_li sec_li--character\">\r\n                            <img decoding=\"async\" src=\"https:\/\/guide.fire-emblem-heroes.com\/wp-content\/uploads\/edelgard_adrestian_emperor_slide04.png\" alt=\"\" \/>\r\n                        <\/li>\r\n                    <\/ul>\r\n                    <div class=\"sec_charainfoarea flex\">\r\n                        <div class=\"sec_gif\"><img loading=\"lazy\" decoding=\"async\" src=\"https:\/\/guide.fire-emblem-heroes.com\/wp-content\/uploads\/edelgard_adrestian_emperor.png\" alt=\"\" width=\"210\" height=\"190\"\/><\/div>\r\n                        <div class=\"sec_charainfo\">\r\n                            <p id=\"CHARA_299_002\" class=\"sec_characate sec_characate--heroes\">Eroi<\/p>\r\n                            <p id=\"CHARA_299_003\" class=\"sec_charanick\">Imperatrice adrestiana<\/p>\r\n                            <p id=\"CHARA_299_004\" class=\"sec_charaname\">Edelgard<\/p>\r\n                            <p id=\"CHARA_299_005\" class=\"sec_charaappearancetxt\">Appare in<\/p>\r\n                            <p id=\"CHARA_299_006\" class=\"sec_charaappearancetxt\">Fire Emblem: Three Houses<\/p>\r\n                        <\/div>\r\n                    <\/div>\r\n                <\/section>\r\n            <\/article>\r\n            <article>\r\n                <section class=\"sec sec_characterarea\">\r\n                    <div class=\"sec_h2chara\">\r\n                        <p id=\"CHARA_299_007\" class=\"sec_h2charattl\">Lascia che sia Sharena a presentarti!<\/p>\r\n                        <h2 id=\"CHARA_299_008\" class=\"sec_h2charatxt\">Imperatrice adrestiana Edelgard<\/h2>\r\n                    <\/div>\r\n                    <dl class=\"sec_dl flex\">\r\n                        <dt id=\"CHARA_299_009\" class=\"sec_dt\">Dopo essere salita al trono dell\u2019Impero Adrestiano, Edelgard fece suo il duro compito di conquistare l\u2019intero continente f\u00f3dlano. Eccola in tutto il suo splendore, con tanto di Hauteclaire fiore!<\/dt>\r\n                        <dd class=\"sec_dd\">\r\n                            <a href=\"https:\/\/guide.fire-emblem-heroes.com\/wp-content\/uploads\/edelgard_adrestian_emperor_pop01.png\" class=\"popup-image\">\r\n                                <img decoding=\"async\" src=\"https:\/\/guide.fire-emblem-heroes.com\/wp-content\/uploads\/edelgard_adrestian_emperor_info01.png\" alt=\"\" \/>\r\n                            <\/a>\r\n                        <\/dd>\r\n                        <dt id=\"CHARA_299_010\" class=\"sec_dt\">\u00c8 vestita con abiti che sono stati indossati da generazioni di imperatori adrestiani. Anche se pu\u00f2 sembrare elegante, per\u00f2, il suo non \u00e8 solo un look: i suoi nemici dovranno sudare quattro camicie per riuscire anche solo a scalfirla.<\/dt>\r\n                        <dd class=\"sec_dd\">\r\n                            <a href=\"https:\/\/guide.fire-emblem-heroes.com\/wp-content\/uploads\/edelgard_adrestian_emperor_pop02.png\" class=\"popup-image\">\r\n                                <img decoding=\"async\" src=\"https:\/\/guide.fire-emblem-heroes.com\/wp-content\/uploads\/edelgard_adrestian_emperor_info02.png\" alt=\"\" \/>\r\n                            <\/a>\r\n                        <\/dd>\r\n                        <dt id=\"CHARA_299_011\" class=\"sec_dt\">Sullo scudo porta inciso il vessillo dell&#8217;Impero Adrestiano: l&#8217;aquila bicefala. Edelgard era a capo della casata delle Aquile Nere all&#8217;Accademia Ufficiali, perci\u00f2 immagino che abbia una certa affinit\u00e0 con le aquile!<\/dt>\r\n                        <dd class=\"sec_dd\">\r\n                            <a href=\"https:\/\/guide.fire-emblem-heroes.com\/wp-content\/uploads\/edelgard_adrestian_emperor_pop03.png\" class=\"popup-image\">\r\n                                <img decoding=\"async\" src=\"https:\/\/guide.fire-emblem-heroes.com\/wp-content\/uploads\/edelgard_adrestian_emperor_info03.png\" alt=\"\" \/>\r\n                            <\/a>\r\n                        <\/dd>\r\n                        <dt id=\"CHARA_299_012\" class=\"sec_dt\">Edelgard ingaggi\u00f2 una battaglia per riuscire ad annientare la corruzione del sistema e costruire un nuovo mondo in cui nessuno fosse discriminato in base al proprio segno o alla propria posizione sociale, e in cui tutti potessero vivere vite indipendenti e dignitose. Non c&#8217;\u00e8 niente che possa scuotere le sue convinzioni&#8230; Spero tanto che possa insegnarmi a essere pi\u00f9 forte e risoluta!<\/dt>\r\n                        <dd class=\"sec_dd\">\r\n                            <a href=\"https:\/\/guide.fire-emblem-heroes.com\/wp-content\/uploads\/edelgard_adrestian_emperor_pop04.png\" class=\"popup-image\">\r\n                                <img decoding=\"async\" src=\"https:\/\/guide.fire-emblem-heroes.com\/wp-content\/uploads\/edelgard_adrestian_emperor_info04.png\" alt=\"\" \/>\r\n                            <\/a>\r\n                        <\/dd>\r\n                    <\/dl>\r\n                    <h3 id=\"CHARA_299_013\" class=\"sec_h3charatxt\">Personaggi strettamente collegati<\/h3>\r\n                    <h4 id=\"CHARA_299_014\" class=\"sec_h4charatxt\">Byleth<\/h4>\r\n                    <p id=\"CHARA_299_015\" class=\"sec_charatxt\">Erede dell&#8217;ex capitano dei Cavalieri di Seiros, Jeralt, \u00e8 tra i professori pi\u00f9 stoici e capaci dell&#8217;Accademia Ufficiali. Byleth, che Edelgard chiama affettuosamente &#8220;mio caro maestro&#8221;, l&#8217;ha aiutata nella sua conquista.<\/p>\r\n                    <h4 id=\"CHARA_299_016\" class=\"sec_h4charatxt\">Hubert<\/h4>\r\n                    <p id=\"CHARA_299_017\" class=\"sec_charatxt\">Ministro della Casa Imperiale dell&#8217;Impero Adrestiano e figlio legittimo del marchese Vestra. Ha giurato eterna fedelt\u00e0 a Edelgard.<\/p>\r\n                <\/section>\r\n            <\/article>\r\n        <\/main>","protected":false},"excerpt":{"rendered":"Eroi Imperatrice adrestiana Edelgard Appare in Fire Emblem: Three Houses Lascia che sia Sharena a presentarti! Imperatrice adrestiana Edelgard Dopo essere salita al trono dell\u2019Impero Adrestiano, Edelgard fece suo il duro compito di conquistare l\u2019intero continente f\u00f3dlano. Eccola in tutto il suo splendore, con tanto di Hauteclaire fiore! \u00c8 vestita con abiti che sono stati [&hellip;]","protected":false},"author":1,"featured_media":20478,"comment_status":"closed","ping_status":"closed","sticky":false,"template":"","format":"standard","meta":{"advanced_seo_description":"","jetpack_seo_html_title":"","jetpack_seo_noindex":false,"_jetpack_newsletter_access":"","_jetpack_dont_email_post_to_subs":false,"_jetpack_newsletter_tier_id":0,"_jetpack_memberships_contains_paywalled_content":false,"_locale":"it_IT","_original_post":"https:\/\/guide.fire-emblem-heroes.com\/?p=20367","_jetpack_memberships_contains_paid_content":false,"footnotes":"","jetpack_publicize_message":"","jetpack_publicize_feature_enabled":true,"jetpack_social_post_already_shared":true,"jetpack_social_options":{"image_generator_settings":{"template":"highway","default_image_id":0,"font":"","enabled":false},"version":2},"_wpas_customize_per_network":false,"jetpack_post_was_ever_published":false},"categories":[1384,1415,1434,1390],"tags":[1420],"class_list":["post-20376","post","type-post","status-publish","format-standard","has-post-thumbnail","hentry","category-character","category-heroes","category-ex_works_three_houses","category-stay_heroes","tag-eroi","it-IT"],"jetpack_publicize_connections":[],"jetpack_featured_media_url":"https:\/\/guide.fire-emblem-heroes.com\/wp-content\/uploads\/edelgard_adrestian_emperor.png","jetpack_sharing_enabled":false,"jetpack_shortlink":"https:\/\/wp.me\/pa0Mj3-5iE","jetpack_likes_enabled":false,"amp_enabled":true,"_links":{"self":[{"href":"https:\/\/guide.fire-emblem-heroes.com\/wp-json\/wp\/v2\/posts\/20376","targetHints":{"allow":["GET"]}}],"collection":[{"href":"https:\/\/guide.fire-emblem-heroes.com\/wp-json\/wp\/v2\/posts"}],"about":[{"href":"https:\/\/guide.fire-emblem-heroes.com\/wp-json\/wp\/v2\/types\/post"}],"author":[{"embeddable":true,"href":"https:\/\/guide.fire-emblem-heroes.com\/wp-json\/wp\/v2\/users\/1"}],"replies":[{"embeddable":true,"href":"https:\/\/guide.fire-emblem-heroes.com\/wp-json\/wp\/v2\/comments?post=20376"}],"version-history":[{"count":2,"href":"https:\/\/guide.fire-emblem-heroes.com\/wp-json\/wp\/v2\/posts\/20376\/revisions"}],"predecessor-version":[{"id":35280,"href":"https:\/\/guide.fire-emblem-heroes.com\/wp-json\/wp\/v2\/posts\/20376\/revisions\/35280"}],"wp:featuredmedia":[{"embeddable":true,"href":"https:\/\/guide.fire-emblem-heroes.com\/wp-json\/wp\/v2\/media\/20478"}],"wp:attachment":[{"href":"https:\/\/guide.fire-emblem-heroes.com\/wp-json\/wp\/v2\/media?parent=20376"}],"wp:term":[{"taxonomy":"category","embeddable":true,"href":"https:\/\/guide.fire-emblem-heroes.com\/wp-json\/wp\/v2\/categories?post=20376"},{"taxonomy":"post_tag","embeddable":true,"href":"https:\/\/guide.fire-emblem-heroes.com\/wp-json\/wp\/v2\/tags?post=20376"}],"curies":[{"name":"wp","href":"https:\/\/api.w.org\/{rel}","templated":true}]}}