






{"id":21858,"date":"2020-10-28T13:04:46","date_gmt":"2020-10-28T04:04:46","guid":{"rendered":"https:\/\/guide.fire-emblem-heroes.com\/?p=21858"},"modified":"2020-10-29T14:25:31","modified_gmt":"2020-10-29T05:25:31","slug":"05003002000004-2","status":"publish","type":"post","link":"https:\/\/guide.fire-emblem-heroes.com\/it\/05003002000004-2\/","title":{"rendered":"<span class=\"character_nick\">Il figlio del buio<\/span><span class=\"character_name\">Raigh<\/span>"},"content":{"rendered":"<main id=\"CHARA_335\" class=\"main_page character\">\r\n            <article>\r\n                <section class=\"sec sec_character\">\r\n                    <ul class=\"sec_ul sec_ul--character slick-box\">\r\n                        <li class=\"sec_li sec_li--character\">\r\n                            <img decoding=\"async\" src=\"https:\/\/guide.fire-emblem-heroes.com\/wp-content\/uploads\/lleu_dark_child_slide01.png\" alt=\"\" \/>\r\n                        <\/li>\r\n                        <li class=\"sec_li sec_li--character\">\r\n                            <img decoding=\"async\" src=\"https:\/\/guide.fire-emblem-heroes.com\/wp-content\/uploads\/lleu_dark_child_slide02.png\" alt=\"\" \/>\r\n                        <\/li>\r\n                        <li class=\"sec_li sec_li--character\">\r\n                            <img decoding=\"async\" src=\"https:\/\/guide.fire-emblem-heroes.com\/wp-content\/uploads\/lleu_dark_child_slide03.png\" alt=\"\" \/>\r\n                        <\/li>\r\n                        <li class=\"sec_li sec_li--character\">\r\n                            <img decoding=\"async\" src=\"https:\/\/guide.fire-emblem-heroes.com\/wp-content\/uploads\/lleu_dark_child_slide04.png\" alt=\"\" \/>\r\n                        <\/li>\r\n                    <\/ul>\r\n                    <div class=\"sec_charainfoarea flex\">\r\n                        <div class=\"sec_gif\"><img loading=\"lazy\" decoding=\"async\" src=\"https:\/\/guide.fire-emblem-heroes.com\/wp-content\/uploads\/lleu_dark_child.png\" alt=\"\" width=\"210\" height=\"190\"\/><\/div>\r\n                        <div class=\"sec_charainfo\">\r\n                            <p id=\"CHARA_335_002\" class=\"sec_characate sec_characate--heroes\">Eroi<\/p>\r\n                            <p id=\"CHARA_335_003\" class=\"sec_charanick\">Il figlio del buio<\/p>\r\n                            <p id=\"CHARA_335_004\" class=\"sec_charaname\">Raigh<\/p>\r\n                            <p id=\"CHARA_335_005\" class=\"sec_charaappearancetxt\">Appare in<\/p>\r\n                            <p id=\"CHARA_335_006\" class=\"sec_charaappearancetxt\">Fire Emblem: The Binding Blade<\/p>\r\n                        <\/div>\r\n                    <\/div>\r\n                <\/section>\r\n            <\/article>\r\n            <article>\r\n                <section class=\"sec sec_characterarea\">\r\n                    <div class=\"sec_h2chara\">\r\n                        <p id=\"CHARA_335_007\" class=\"sec_h2charattl\">Lascia che sia Sharena a presentarti!<\/p>\r\n                        <h2 id=\"CHARA_335_008\" class=\"sec_h2charatxt\">Il figlio del buio Raigh<\/h2>\r\n                    <\/div>\r\n                    <dl class=\"sec_dl flex\">\r\n                        <dt id=\"CHARA_335_009\" class=\"sec_dt\">Oggi vi presenter\u00f2 Raigh, l&#8217;adorabile manipolatore della magia nera! Non sottovalutatelo per la sua giovane et\u00e0, per\u00f2: se la cava cos\u00ec bene con la magia da far vergognare perfino gli adulti!<\/dt>\r\n                        <dd class=\"sec_dd\">\r\n                            <a href=\"https:\/\/guide.fire-emblem-heroes.com\/wp-content\/uploads\/lleu_dark_child_pop01.png\" class=\"popup-image\">\r\n                                <img decoding=\"async\" src=\"https:\/\/guide.fire-emblem-heroes.com\/wp-content\/uploads\/lleu_dark_child_info01.png\" alt=\"\" \/>\r\n                            <\/a>\r\n                        <\/dd>\r\n                        <dt id=\"CHARA_335_010\" class=\"sec_dt\">Raigh \u00e8 cresciuto in un orfanotrofio, dove per un po&#8217; di tempo ha avuto una vita modesta ma tranquilla in compagnia del fratello gemello, Lugh, dell&#8217;amico Chad e del gentile custode che gestiva la casa.<\/dt>\r\n                        <dd class=\"sec_dd\">\r\n                            <a href=\"https:\/\/guide.fire-emblem-heroes.com\/wp-content\/uploads\/lleu_dark_child_pop02.png\" class=\"popup-image\">\r\n                                <img decoding=\"async\" src=\"https:\/\/guide.fire-emblem-heroes.com\/wp-content\/uploads\/lleu_dark_child_info02.png\" alt=\"\" \/>\r\n                            <\/a>\r\n                        <\/dd>\r\n                        <dt id=\"CHARA_335_011\" class=\"sec_dt\">Un giorno Raigh fugg\u00ec dall&#8217;orfanotrofio fermamente deciso a diventare un maestro di magia antica. Ma, dopo essersi riunito di nuovo con Chad e Lugh, venne a sapere che l&#8217;orfanotrofio era stato attaccato dall&#8217;esercito del Regno di Biran.<\/dt>\r\n                        <dd class=\"sec_dd\">\r\n                            <a href=\"https:\/\/guide.fire-emblem-heroes.com\/wp-content\/uploads\/lleu_dark_child_pop03.png\" class=\"popup-image\">\r\n                                <img decoding=\"async\" src=\"https:\/\/guide.fire-emblem-heroes.com\/wp-content\/uploads\/lleu_dark_child_info03.png\" alt=\"\" \/>\r\n                            <\/a>\r\n                        <\/dd>\r\n                        <dt id=\"CHARA_335_012\" class=\"sec_dt\">Giurando di vendicare il suo defunto tutore, Raigh si un\u00ec alla Lega di Lycia per annientare Biran. Se a prima vista pu\u00f2 sembrare un tipo rancoroso e distante, Raigh nasconde in realt\u00e0 una profonda sensibilit\u00e0!<\/dt>\r\n                        <dd class=\"sec_dd\">\r\n                            <a href=\"https:\/\/guide.fire-emblem-heroes.com\/wp-content\/uploads\/lleu_dark_child_pop04.png\" class=\"popup-image\">\r\n                                <img decoding=\"async\" src=\"https:\/\/guide.fire-emblem-heroes.com\/wp-content\/uploads\/lleu_dark_child_info04.png\" alt=\"\" \/>\r\n                            <\/a>\r\n                        <\/dd>\r\n                    <\/dl>\r\n                    <h3 id=\"CHARA_335_013\" class=\"sec_h3charatxt\">Personaggi strettamente collegati<\/h3>\r\n                    <h4 id=\"CHARA_335_014\" class=\"sec_h4charatxt\">Lugh<\/h4>\r\n                    <p id=\"CHARA_335_015\" class=\"sec_charatxt\">Un orfano, fratello gemello di Raigh. \u00c8 sempre allegro e ha un buon cuore. <\/p>\r\n                    <h4 id=\"CHARA_335_016\" class=\"sec_h4charatxt\">Chad<\/h4>\r\n                    <p id=\"CHARA_335_017\" class=\"sec_charatxt\">Cresciuto in Lycia con la coppia di fratelli Lugh e Raigh, ha giurato vendetta a Biran per aver ucciso il custode dell&#8217;orfanotrofio che li ospitava.<\/p>\r\n            <\/section><\/article>\r\n        <\/main>","protected":false},"excerpt":{"rendered":"Eroi Il figlio del buio Raigh Appare in Fire Emblem: The Binding Blade Lascia che sia Sharena a presentarti! Il figlio del buio Raigh Oggi vi presenter\u00f2 Raigh, l&#8217;adorabile manipolatore della magia nera! Non sottovalutatelo per la sua giovane et\u00e0, per\u00f2: se la cava cos\u00ec bene con la magia da far vergognare perfino gli adulti! [&hellip;]","protected":false},"author":1,"featured_media":22023,"comment_status":"closed","ping_status":"closed","sticky":false,"template":"","format":"standard","meta":{"advanced_seo_description":"","jetpack_seo_html_title":"","jetpack_seo_noindex":false,"_jetpack_newsletter_access":"","_jetpack_dont_email_post_to_subs":false,"_jetpack_newsletter_tier_id":0,"_jetpack_memberships_contains_paywalled_content":false,"_locale":"it_IT","_original_post":"https:\/\/guide.fire-emblem-heroes.com\/?p=21849","_jetpack_memberships_contains_paid_content":false,"footnotes":"","jetpack_publicize_message":"","jetpack_publicize_feature_enabled":true,"jetpack_social_post_already_shared":true,"jetpack_social_options":{"image_generator_settings":{"template":"highway","default_image_id":0,"font":"","enabled":false},"version":2},"_wpas_customize_per_network":false,"jetpack_post_was_ever_published":false},"categories":[1384,1415,1426,1390],"tags":[1420],"class_list":["post-21858","post","type-post","status-publish","format-standard","has-post-thumbnail","hentry","category-character","category-heroes","category-ex_works_the_binding_blade","category-stay_heroes","tag-eroi","it-IT"],"jetpack_publicize_connections":[],"jetpack_featured_media_url":"https:\/\/guide.fire-emblem-heroes.com\/wp-content\/uploads\/lleu_dark_child.png","jetpack_sharing_enabled":false,"jetpack_shortlink":"https:\/\/wp.me\/pa0Mj3-5Gy","jetpack_likes_enabled":false,"amp_enabled":false,"_links":{"self":[{"href":"https:\/\/guide.fire-emblem-heroes.com\/wp-json\/wp\/v2\/posts\/21858","targetHints":{"allow":["GET"]}}],"collection":[{"href":"https:\/\/guide.fire-emblem-heroes.com\/wp-json\/wp\/v2\/posts"}],"about":[{"href":"https:\/\/guide.fire-emblem-heroes.com\/wp-json\/wp\/v2\/types\/post"}],"author":[{"embeddable":true,"href":"https:\/\/guide.fire-emblem-heroes.com\/wp-json\/wp\/v2\/users\/1"}],"replies":[{"embeddable":true,"href":"https:\/\/guide.fire-emblem-heroes.com\/wp-json\/wp\/v2\/comments?post=21858"}],"version-history":[{"count":1,"href":"https:\/\/guide.fire-emblem-heroes.com\/wp-json\/wp\/v2\/posts\/21858\/revisions"}],"predecessor-version":[{"id":21875,"href":"https:\/\/guide.fire-emblem-heroes.com\/wp-json\/wp\/v2\/posts\/21858\/revisions\/21875"}],"wp:featuredmedia":[{"embeddable":true,"href":"https:\/\/guide.fire-emblem-heroes.com\/wp-json\/wp\/v2\/media\/22023"}],"wp:attachment":[{"href":"https:\/\/guide.fire-emblem-heroes.com\/wp-json\/wp\/v2\/media?parent=21858"}],"wp:term":[{"taxonomy":"category","embeddable":true,"href":"https:\/\/guide.fire-emblem-heroes.com\/wp-json\/wp\/v2\/categories?post=21858"},{"taxonomy":"post_tag","embeddable":true,"href":"https:\/\/guide.fire-emblem-heroes.com\/wp-json\/wp\/v2\/tags?post=21858"}],"curies":[{"name":"wp","href":"https:\/\/api.w.org\/{rel}","templated":true}]}}