






{"id":22331,"date":"2020-11-13T13:27:50","date_gmt":"2020-11-13T04:27:50","guid":{"rendered":"https:\/\/guide.fire-emblem-heroes.com\/?p=22331"},"modified":"2020-12-07T16:18:13","modified_gmt":"2020-12-07T07:18:13","slug":"05009004000589-2","status":"publish","type":"post","link":"https:\/\/guide.fire-emblem-heroes.com\/it\/05009004000589-2\/","title":{"rendered":"<span class=\"character_nick\">La tigre ferita<\/span><span class=\"character_name\">Dieck<\/span>"},"content":{"rendered":"<main id=\"CHARA_347\" class=\"main_page character\">\r\n            <article>\r\n                <section class=\"sec sec_character\">\r\n                    <ul class=\"sec_ul sec_ul--character slick-box\">\r\n                        <li class=\"sec_li sec_li--character\">\r\n                            <img decoding=\"async\" src=\"https:\/\/guide.fire-emblem-heroes.com\/wp-content\/uploads\/deak_wounded_tiger_slide01.png\" alt=\"\" \/>\r\n                        <\/li>\r\n                        <li class=\"sec_li sec_li--character\">\r\n                            <img decoding=\"async\" src=\"https:\/\/guide.fire-emblem-heroes.com\/wp-content\/uploads\/deak_wounded_tiger_slide02.png\" alt=\"\" \/>\r\n                        <\/li>\r\n                        <li class=\"sec_li sec_li--character\">\r\n                            <img decoding=\"async\" src=\"https:\/\/guide.fire-emblem-heroes.com\/wp-content\/uploads\/deak_wounded_tiger_slide03.png\" alt=\"\" \/>\r\n                        <\/li>\r\n                        <li class=\"sec_li sec_li--character\">\r\n                            <img decoding=\"async\" src=\"https:\/\/guide.fire-emblem-heroes.com\/wp-content\/uploads\/deak_wounded_tiger_slide04.png\" alt=\"\" \/>\r\n                        <\/li>\r\n                    <\/ul>\r\n                    <div class=\"sec_charainfoarea flex\">\r\n                        <div class=\"sec_gif\"><img loading=\"lazy\" decoding=\"async\" src=\"https:\/\/guide.fire-emblem-heroes.com\/wp-content\/uploads\/deak_wounded_tiger.png\" alt=\"\" width=\"210\" height=\"190\"\/><\/div>\r\n                        <div class=\"sec_charainfo\">\r\n                            <p id=\"CHARA_347_002\" class=\"sec_characate sec_characate--heroes\">Eroi<\/p>\r\n                            <p id=\"CHARA_347_003\" class=\"sec_charanick\">La tigre ferita<\/p>\r\n                            <p id=\"CHARA_347_004\" class=\"sec_charaname\">Dieck<\/p>\r\n                            <p id=\"CHARA_347_005\" class=\"sec_charaappearancetxt\">Appare in<\/p>\r\n                            <p id=\"CHARA_347_006\" class=\"sec_charaappearancetxt\">Fire Emblem: The Binding Blade<\/p>\r\n                        <\/div>\r\n                    <\/div>\r\n                <\/section>\r\n            <\/article>\r\n            <article>\r\n                <section class=\"sec sec_characterarea\">\r\n                    <div class=\"sec_h2chara\">\r\n                        <p id=\"CHARA_347_007\" class=\"sec_h2charattl\">Lascia che sia Sharena a presentarti!<\/p>\r\n                        <h2 id=\"CHARA_347_008\" class=\"sec_h2charatxt\">La tigre ferita Dieck<\/h2>\r\n                    <\/div>\r\n                    <dl class=\"sec_dl flex\">\r\n                        <dt id=\"CHARA_347_009\" class=\"sec_dt\">Dieck \u00e8 a capo di una banda di mercenari nel continente di Elibe. \u00c8 una vera testa calda, ed \u00e8 uscito indenne da numerosissime battaglie all&#8217;ultimo sangue!<\/dt>\r\n                        <dd class=\"sec_dd\">\r\n                            <a href=\"https:\/\/guide.fire-emblem-heroes.com\/wp-content\/uploads\/deak_wounded_tiger_pop01.png\" class=\"popup-image\">\r\n                                <img decoding=\"async\" src=\"https:\/\/guide.fire-emblem-heroes.com\/wp-content\/uploads\/deak_wounded_tiger_info01.png\" alt=\"\" \/>\r\n                            <\/a>\r\n                        <\/dd>\r\n                        <dt id=\"CHARA_347_010\" class=\"sec_dt\">Da giovane, Dieck passava il tempo a combattere come gladiatore nell&#8217;arena. Dopo aver salvato la vita a Klein, della casata Reglay, si ritrov\u00f2 al servizio esclusivo della famiglia.<\/dt>\r\n                        <dd class=\"sec_dd\">\r\n                            <a href=\"https:\/\/guide.fire-emblem-heroes.com\/wp-content\/uploads\/deak_wounded_tiger_pop02.png\" class=\"popup-image\">\r\n                                <img decoding=\"async\" src=\"https:\/\/guide.fire-emblem-heroes.com\/wp-content\/uploads\/deak_wounded_tiger_info02.png\" alt=\"\" \/>\r\n                            <\/a>\r\n                        <\/dd>\r\n                        <dt id=\"CHARA_347_011\" class=\"sec_dt\">Qualche tempo dopo Dieck divent\u00f2 un mercenario, assumendo infine il ruolo di leader di un gruppo tutto suo. Fu in quel periodo che inizi\u00f2 ad aiutare Roy della Lega di Lycia.<\/dt>\r\n                        <dd class=\"sec_dd\">\r\n                            <a href=\"https:\/\/guide.fire-emblem-heroes.com\/wp-content\/uploads\/deak_wounded_tiger_pop03.png\" class=\"popup-image\">\r\n                                <img decoding=\"async\" src=\"https:\/\/guide.fire-emblem-heroes.com\/wp-content\/uploads\/deak_wounded_tiger_info03.png\" alt=\"\" \/>\r\n                            <\/a>\r\n                        <\/dd>\r\n                        <dt id=\"CHARA_347_012\" class=\"sec_dt\">L&#8217;esercito di Biran si rivel\u00f2 ben presto un micidiale nemico della Lega di Lycia&#8230; ma l&#8217;orgoglioso mercenario Dieck si rifiut\u00f2 di arrendersi!<\/dt>\r\n                        <dd class=\"sec_dd\">\r\n                            <a href=\"https:\/\/guide.fire-emblem-heroes.com\/wp-content\/uploads\/deak_wounded_tiger_pop04.png\" class=\"popup-image\">\r\n                                <img decoding=\"async\" src=\"https:\/\/guide.fire-emblem-heroes.com\/wp-content\/uploads\/deak_wounded_tiger_info04.png\" alt=\"\" \/>\r\n                            <\/a>\r\n                        <\/dd>\r\n                    <\/dl>\r\n                    <h3 id=\"CHARA_347_013\" class=\"sec_h3charatxt\">Personaggi strettamente collegati<\/h3>\r\n                    <h4 id=\"CHARA_347_014\" class=\"sec_h4charatxt\">Klein<\/h4>\r\n                    <p id=\"CHARA_347_015\" class=\"sec_charatxt\">Giovane generale di Etruria e fratello di Clarine. Tratta chiunque da suo pari. Quando era piccolo, Dieck gli ha salvato la vita.<\/p>\r\n                    <h4 id=\"CHARA_347_016\" class=\"sec_h4charatxt\">Shanna<\/h4>\r\n                    <p id=\"CHARA_347_017\" class=\"sec_charatxt\">Un&#8217;apprendista tra i cavalieri pegaso che combattono per l&#8217;Ilia. Allegra e ottimista. Combatte agli ordini di Dieck.<\/p>\r\n                    <h4 id=\"CHARA_347_018\" class=\"sec_h4charatxt\">Rutger<\/h4>\r\n                    <p id=\"CHARA_347_019\" class=\"sec_charatxt\">Spadaccino di Bulgar, una citt\u00e0 commerciale di Sacae. Ha giurato vendetta contro Biran per lo sterminio della sua gente. \u00c8 un rivale amichevole di Dieck.<\/p>\r\n                <\/section>\r\n            <\/article>\r\n        <\/main>","protected":false},"excerpt":{"rendered":"Eroi La tigre ferita Dieck Appare in Fire Emblem: The Binding Blade Lascia che sia Sharena a presentarti! La tigre ferita Dieck Dieck \u00e8 a capo di una banda di mercenari nel continente di Elibe. \u00c8 una vera testa calda, ed \u00e8 uscito indenne da numerosissime battaglie all&#8217;ultimo sangue! Da giovane, Dieck passava il tempo [&hellip;]","protected":false},"author":1,"featured_media":22400,"comment_status":"closed","ping_status":"closed","sticky":false,"template":"","format":"standard","meta":{"advanced_seo_description":"","jetpack_seo_html_title":"","jetpack_seo_noindex":false,"_jetpack_newsletter_access":"","_jetpack_dont_email_post_to_subs":false,"_jetpack_newsletter_tier_id":0,"_jetpack_memberships_contains_paywalled_content":false,"_locale":"it_IT","_original_post":"https:\/\/guide.fire-emblem-heroes.com\/?p=22323","_jetpack_memberships_contains_paid_content":false,"footnotes":"","jetpack_publicize_message":"","jetpack_publicize_feature_enabled":true,"jetpack_social_post_already_shared":true,"jetpack_social_options":{"image_generator_settings":{"template":"highway","default_image_id":0,"font":"","enabled":false},"version":2},"_wpas_customize_per_network":false,"jetpack_post_was_ever_published":false},"categories":[1384,1415,1426,1390],"tags":[1420],"class_list":["post-22331","post","type-post","status-publish","format-standard","has-post-thumbnail","hentry","category-character","category-heroes","category-ex_works_the_binding_blade","category-stay_heroes","tag-eroi","it-IT"],"jetpack_publicize_connections":[],"jetpack_featured_media_url":"https:\/\/guide.fire-emblem-heroes.com\/wp-content\/uploads\/deak_wounded_tiger.png","jetpack_sharing_enabled":false,"jetpack_shortlink":"https:\/\/wp.me\/pa0Mj3-5Ob","jetpack_likes_enabled":false,"amp_enabled":false,"_links":{"self":[{"href":"https:\/\/guide.fire-emblem-heroes.com\/wp-json\/wp\/v2\/posts\/22331","targetHints":{"allow":["GET"]}}],"collection":[{"href":"https:\/\/guide.fire-emblem-heroes.com\/wp-json\/wp\/v2\/posts"}],"about":[{"href":"https:\/\/guide.fire-emblem-heroes.com\/wp-json\/wp\/v2\/types\/post"}],"author":[{"embeddable":true,"href":"https:\/\/guide.fire-emblem-heroes.com\/wp-json\/wp\/v2\/users\/1"}],"replies":[{"embeddable":true,"href":"https:\/\/guide.fire-emblem-heroes.com\/wp-json\/wp\/v2\/comments?post=22331"}],"version-history":[{"count":1,"href":"https:\/\/guide.fire-emblem-heroes.com\/wp-json\/wp\/v2\/posts\/22331\/revisions"}],"predecessor-version":[{"id":22343,"href":"https:\/\/guide.fire-emblem-heroes.com\/wp-json\/wp\/v2\/posts\/22331\/revisions\/22343"}],"wp:featuredmedia":[{"embeddable":true,"href":"https:\/\/guide.fire-emblem-heroes.com\/wp-json\/wp\/v2\/media\/22400"}],"wp:attachment":[{"href":"https:\/\/guide.fire-emblem-heroes.com\/wp-json\/wp\/v2\/media?parent=22331"}],"wp:term":[{"taxonomy":"category","embeddable":true,"href":"https:\/\/guide.fire-emblem-heroes.com\/wp-json\/wp\/v2\/categories?post=22331"},{"taxonomy":"post_tag","embeddable":true,"href":"https:\/\/guide.fire-emblem-heroes.com\/wp-json\/wp\/v2\/tags?post=22331"}],"curies":[{"name":"wp","href":"https:\/\/api.w.org\/{rel}","templated":true}]}}